{"id":1364,"date":"2023-11-24T17:09:30","date_gmt":"2023-11-24T17:09:30","guid":{"rendered":"https:\/\/www.egana60.cl\/?p=1364"},"modified":"2024-06-28T17:28:04","modified_gmt":"2024-06-28T17:28:04","slug":"plan-de-gestion-2023","status":"publish","type":"post","link":"https:\/\/www.egana60.cl\/index.php\/2023\/11\/24\/plan-de-gestion-2023\/","title":{"rendered":"Plan de Gesti\u00f3n 2023"},"content":{"rendered":"<p>En el a\u00f1o 2023 se implementa el primer Plan de Gesti\u00f3n del Sitio de Memoria Ega\u00f1a Sesenta, gestionado por la Corporaci\u00f3n Ega\u00f1a Sesenta, con el apoyo t\u00e9cnico de Corporaci\u00f3n Comunidad V\u00ednculos y financiado por el Servicio de Patrimonio Cultural. Este Plan de Gesti\u00f3n posee seis grandes l\u00edneas de desarrollo:<\/p>\n<ol>\n<li>Resguardo del Sitio, cuyo principal objetivo es contribuir a la preservaci\u00f3n y conservaci\u00f3n de la Ruina actual, permitiendo su uso como espacio de Memoria y Educaci\u00f3n en Derechos Humanos, mientras se efect\u00faa el dise\u00f1o y construcci\u00f3n del futuro Sitio de Memoria.<\/li>\n<li>Educaci\u00f3n en Derechos Humanos, orientado a la creaci\u00f3n del Guion Interpretativo del Recorrido, la realizaci\u00f3n de visitas guiadas y la creaci\u00f3n de una propuesta de trabajo en DDHH para los distintos niveles educativos.<\/li>\n<li>Investigaci\u00f3n y Archivo, esta l\u00edneas de trabajo busca recopilar, digitalizar y buscar testimonios y objetos que permitan la creaci\u00f3n de la futura colecci\u00f3n museogr\u00e1fica del futuro Sitio de Memoria.<\/li>\n<li>Gesti\u00f3n Cultural, orientada a la realizaci\u00f3n de diversas actividades que permitan contribuir a la puesta en valor del futuro Sitio de Memoria, visibilizando su valor hist\u00f3rico, la importancia de su resguardo y de la promoci\u00f3n de los valores relacionados con los DDHH.<\/li>\n<li>Comunicaci\u00f3n y Difusi\u00f3n, el prop\u00f3sito de esta l\u00ednea de desarrollo es la visibilizar\u00edan del Sitio de memoria, del trabajo realizado por la Corporaci\u00f3n Ega\u00f1a Sesenta, as\u00ed como la difusi\u00f3n del Plan de Gesti\u00f3n.<\/li>\n<li>Fortalecimiento Institucional, l\u00ednea orientada a la generaci\u00f3n de actividades que permita la identificaci\u00f3n de necesidades actuales de la Corporaci\u00f3n Ega\u00f1a Sesenta, su fortalecimiento y la generaci\u00f3n de articulaci\u00f3n con otras instituciones y organizaciones que permitan enriquecer el quehacer como Sitio de Memoria, espacio cultural y de Educaci\u00f3n en Derechos Humanos.<\/li>\n<\/ol>\n","protected":false},"excerpt":{"rendered":"<p>En el a\u00f1o 2023 se implementa el primer Plan de [&hellip;]<\/p>\n","protected":false},"author":1,"featured_media":1326,"comment_status":"open","ping_status":"open","sticky":false,"template":"","format":"standard","meta":{"_jetpack_memberships_contains_paid_content":false,"footnotes":""},"categories":[1],"tags":[],"class_list":["post-1364","post","type-post","status-publish","format-standard","has-post-thumbnail","hentry","category-uncategorized"],"yoast_head":"<!-- This site is optimized with the Yoast SEO plugin v25.3 - https:\/\/yoast.com\/wordpress\/plugins\/seo\/ -->\n<title>Plan de Gesti\u00f3n 2023 - Ega\u00f1a 60<\/title>\n<meta name=\"robots\" content=\"index, follow, max-snippet:-1, max-image-preview:large, max-video-preview:-1\" \/>\n<link rel=\"canonical\" href=\"https:\/\/www.egana60.cl\/index.php\/2023\/11\/24\/plan-de-gestion-2023\/\" \/>\n<meta property=\"og:locale\" content=\"es_ES\" \/>\n<meta property=\"og:type\" content=\"article\" \/>\n<meta property=\"og:title\" content=\"Plan de Gesti\u00f3n 2023 - Ega\u00f1a 60\" \/>\n<meta property=\"og:description\" content=\"En el a\u00f1o 2023 se implementa el primer Plan de [&hellip;]\" \/>\n<meta property=\"og:url\" content=\"https:\/\/www.egana60.cl\/index.php\/2023\/11\/24\/plan-de-gestion-2023\/\" \/>\n<meta property=\"og:site_name\" content=\"Ega\u00f1a 60\" \/>\n<meta property=\"article:publisher\" content=\"https:\/\/web.facebook.com\/egana60\" \/>\n<meta property=\"article:published_time\" content=\"2023-11-24T17:09:30+00:00\" \/>\n<meta property=\"article:modified_time\" content=\"2024-06-28T17:28:04+00:00\" \/>\n<meta property=\"og:image\" content=\"https:\/\/www.egana60.cl\/wp-content\/uploads\/2023\/11\/2023-a.jpeg\" \/>\n\t<meta property=\"og:image:width\" content=\"768\" \/>\n\t<meta property=\"og:image:height\" content=\"483\" \/>\n\t<meta property=\"og:image:type\" content=\"image\/jpeg\" \/>\n<meta name=\"author\" content=\"admin\" \/>\n<meta name=\"twitter:card\" content=\"summary_large_image\" \/>\n<meta name=\"twitter:creator\" content=\"@egana\" \/>\n<meta name=\"twitter:label1\" content=\"Escrito por\" \/>\n\t<meta name=\"twitter:data1\" content=\"admin\" \/>\n\t<meta name=\"twitter:label2\" content=\"Tiempo de lectura\" \/>\n\t<meta name=\"twitter:data2\" content=\"2 minutos\" \/>\n<script type=\"application\/ld+json\" class=\"yoast-schema-graph\">{\"@context\":\"https:\/\/schema.org\",\"@graph\":[{\"@type\":\"Article\",\"@id\":\"https:\/\/www.egana60.cl\/index.php\/2023\/11\/24\/plan-de-gestion-2023\/#article\",\"isPartOf\":{\"@id\":\"https:\/\/www.egana60.cl\/index.php\/2023\/11\/24\/plan-de-gestion-2023\/\"},\"author\":{\"name\":\"admin\",\"@id\":\"https:\/\/www.egana60.cl\/#\/schema\/person\/784715b941c14e2212873f5180a48eae\"},\"headline\":\"Plan de Gesti\u00f3n 2023\",\"datePublished\":\"2023-11-24T17:09:30+00:00\",\"dateModified\":\"2024-06-28T17:28:04+00:00\",\"mainEntityOfPage\":{\"@id\":\"https:\/\/www.egana60.cl\/index.php\/2023\/11\/24\/plan-de-gestion-2023\/\"},\"wordCount\":326,\"commentCount\":0,\"publisher\":{\"@id\":\"https:\/\/www.egana60.cl\/#organization\"},\"image\":{\"@id\":\"https:\/\/www.egana60.cl\/index.php\/2023\/11\/24\/plan-de-gestion-2023\/#primaryimage\"},\"thumbnailUrl\":\"https:\/\/i0.wp.com\/www.egana60.cl\/wp-content\/uploads\/2023\/11\/2023-a.jpeg?fit=768%2C483&ssl=1\",\"articleSection\":[\"Uncategorized\"],\"inLanguage\":\"es\",\"potentialAction\":[{\"@type\":\"CommentAction\",\"name\":\"Comment\",\"target\":[\"https:\/\/www.egana60.cl\/index.php\/2023\/11\/24\/plan-de-gestion-2023\/#respond\"]}]},{\"@type\":\"WebPage\",\"@id\":\"https:\/\/www.egana60.cl\/index.php\/2023\/11\/24\/plan-de-gestion-2023\/\",\"url\":\"https:\/\/www.egana60.cl\/index.php\/2023\/11\/24\/plan-de-gestion-2023\/\",\"name\":\"Plan de Gesti\u00f3n 2023 - Ega\u00f1a 60\",\"isPartOf\":{\"@id\":\"https:\/\/www.egana60.cl\/#website\"},\"primaryImageOfPage\":{\"@id\":\"https:\/\/www.egana60.cl\/index.php\/2023\/11\/24\/plan-de-gestion-2023\/#primaryimage\"},\"image\":{\"@id\":\"https:\/\/www.egana60.cl\/index.php\/2023\/11\/24\/plan-de-gestion-2023\/#primaryimage\"},\"thumbnailUrl\":\"https:\/\/i0.wp.com\/www.egana60.cl\/wp-content\/uploads\/2023\/11\/2023-a.jpeg?fit=768%2C483&ssl=1\",\"datePublished\":\"2023-11-24T17:09:30+00:00\",\"dateModified\":\"2024-06-28T17:28:04+00:00\",\"breadcrumb\":{\"@id\":\"https:\/\/www.egana60.cl\/index.php\/2023\/11\/24\/plan-de-gestion-2023\/#breadcrumb\"},\"inLanguage\":\"es\",\"potentialAction\":[{\"@type\":\"ReadAction\",\"target\":[\"https:\/\/www.egana60.cl\/index.php\/2023\/11\/24\/plan-de-gestion-2023\/\"]}]},{\"@type\":\"ImageObject\",\"inLanguage\":\"es\",\"@id\":\"https:\/\/www.egana60.cl\/index.php\/2023\/11\/24\/plan-de-gestion-2023\/#primaryimage\",\"url\":\"https:\/\/i0.wp.com\/www.egana60.cl\/wp-content\/uploads\/2023\/11\/2023-a.jpeg?fit=768%2C483&ssl=1\",\"contentUrl\":\"https:\/\/i0.wp.com\/www.egana60.cl\/wp-content\/uploads\/2023\/11\/2023-a.jpeg?fit=768%2C483&ssl=1\",\"width\":768,\"height\":483},{\"@type\":\"BreadcrumbList\",\"@id\":\"https:\/\/www.egana60.cl\/index.php\/2023\/11\/24\/plan-de-gestion-2023\/#breadcrumb\",\"itemListElement\":[{\"@type\":\"ListItem\",\"position\":1,\"name\":\"Portada\",\"item\":\"https:\/\/www.egana60.cl\/\"},{\"@type\":\"ListItem\",\"position\":2,\"name\":\"Plan de Gesti\u00f3n 2023\"}]},{\"@type\":\"WebSite\",\"@id\":\"https:\/\/www.egana60.cl\/#website\",\"url\":\"https:\/\/www.egana60.cl\/\",\"name\":\"Ega\u00f1a 60\",\"description\":\"Sitios de Memoria\",\"publisher\":{\"@id\":\"https:\/\/www.egana60.cl\/#organization\"},\"potentialAction\":[{\"@type\":\"SearchAction\",\"target\":{\"@type\":\"EntryPoint\",\"urlTemplate\":\"https:\/\/www.egana60.cl\/?s={search_term_string}\"},\"query-input\":{\"@type\":\"PropertyValueSpecification\",\"valueRequired\":true,\"valueName\":\"search_term_string\"}}],\"inLanguage\":\"es\"},{\"@type\":\"Organization\",\"@id\":\"https:\/\/www.egana60.cl\/#organization\",\"name\":\"Coorporac\u00f3n Ega\u00f1a 60\",\"url\":\"https:\/\/www.egana60.cl\/\",\"logo\":{\"@type\":\"ImageObject\",\"inLanguage\":\"es\",\"@id\":\"https:\/\/www.egana60.cl\/#\/schema\/logo\/image\/\",\"url\":\"https:\/\/www.egana60.cl\/wp-content\/uploads\/2023\/12\/logo2-e1701438723519.png\",\"contentUrl\":\"https:\/\/www.egana60.cl\/wp-content\/uploads\/2023\/12\/logo2-e1701438723519.png\",\"width\":80,\"height\":80,\"caption\":\"Coorporac\u00f3n Ega\u00f1a 60\"},\"image\":{\"@id\":\"https:\/\/www.egana60.cl\/#\/schema\/logo\/image\/\"},\"sameAs\":[\"https:\/\/web.facebook.com\/egana60\"]},{\"@type\":\"Person\",\"@id\":\"https:\/\/www.egana60.cl\/#\/schema\/person\/784715b941c14e2212873f5180a48eae\",\"name\":\"admin\",\"image\":{\"@type\":\"ImageObject\",\"inLanguage\":\"es\",\"@id\":\"https:\/\/www.egana60.cl\/#\/schema\/person\/image\/\",\"url\":\"https:\/\/secure.gravatar.com\/avatar\/aac9c7787e0ed8cbfe7d7e1ca66cc8241d79adcb301a80ad91e062a2d22e69e7?s=96&d=mm&r=g\",\"contentUrl\":\"https:\/\/secure.gravatar.com\/avatar\/aac9c7787e0ed8cbfe7d7e1ca66cc8241d79adcb301a80ad91e062a2d22e69e7?s=96&d=mm&r=g\",\"caption\":\"admin\"},\"sameAs\":[\"https:\/\/egana60.cl\",\"https:\/\/x.com\/egana\"],\"url\":\"https:\/\/www.egana60.cl\/index.php\/author\/egana\/\"}]}<\/script>\n<!-- \/ Yoast SEO plugin. -->","yoast_head_json":{"title":"Plan de Gesti\u00f3n 2023 - Ega\u00f1a 60","robots":{"index":"index","follow":"follow","max-snippet":"max-snippet:-1","max-image-preview":"max-image-preview:large","max-video-preview":"max-video-preview:-1"},"canonical":"https:\/\/www.egana60.cl\/index.php\/2023\/11\/24\/plan-de-gestion-2023\/","og_locale":"es_ES","og_type":"article","og_title":"Plan de Gesti\u00f3n 2023 - Ega\u00f1a 60","og_description":"En el a\u00f1o 2023 se implementa el primer Plan de [&hellip;]","og_url":"https:\/\/www.egana60.cl\/index.php\/2023\/11\/24\/plan-de-gestion-2023\/","og_site_name":"Ega\u00f1a 60","article_publisher":"https:\/\/web.facebook.com\/egana60","article_published_time":"2023-11-24T17:09:30+00:00","article_modified_time":"2024-06-28T17:28:04+00:00","og_image":[{"width":768,"height":483,"url":"https:\/\/www.egana60.cl\/wp-content\/uploads\/2023\/11\/2023-a.jpeg","type":"image\/jpeg"}],"author":"admin","twitter_card":"summary_large_image","twitter_creator":"@egana","twitter_misc":{"Escrito por":"admin","Tiempo de lectura":"2 minutos"},"schema":{"@context":"https:\/\/schema.org","@graph":[{"@type":"Article","@id":"https:\/\/www.egana60.cl\/index.php\/2023\/11\/24\/plan-de-gestion-2023\/#article","isPartOf":{"@id":"https:\/\/www.egana60.cl\/index.php\/2023\/11\/24\/plan-de-gestion-2023\/"},"author":{"name":"admin","@id":"https:\/\/www.egana60.cl\/#\/schema\/person\/784715b941c14e2212873f5180a48eae"},"headline":"Plan de Gesti\u00f3n 2023","datePublished":"2023-11-24T17:09:30+00:00","dateModified":"2024-06-28T17:28:04+00:00","mainEntityOfPage":{"@id":"https:\/\/www.egana60.cl\/index.php\/2023\/11\/24\/plan-de-gestion-2023\/"},"wordCount":326,"commentCount":0,"publisher":{"@id":"https:\/\/www.egana60.cl\/#organization"},"image":{"@id":"https:\/\/www.egana60.cl\/index.php\/2023\/11\/24\/plan-de-gestion-2023\/#primaryimage"},"thumbnailUrl":"https:\/\/i0.wp.com\/www.egana60.cl\/wp-content\/uploads\/2023\/11\/2023-a.jpeg?fit=768%2C483&ssl=1","articleSection":["Uncategorized"],"inLanguage":"es","potentialAction":[{"@type":"CommentAction","name":"Comment","target":["https:\/\/www.egana60.cl\/index.php\/2023\/11\/24\/plan-de-gestion-2023\/#respond"]}]},{"@type":"WebPage","@id":"https:\/\/www.egana60.cl\/index.php\/2023\/11\/24\/plan-de-gestion-2023\/","url":"https:\/\/www.egana60.cl\/index.php\/2023\/11\/24\/plan-de-gestion-2023\/","name":"Plan de Gesti\u00f3n 2023 - Ega\u00f1a 60","isPartOf":{"@id":"https:\/\/www.egana60.cl\/#website"},"primaryImageOfPage":{"@id":"https:\/\/www.egana60.cl\/index.php\/2023\/11\/24\/plan-de-gestion-2023\/#primaryimage"},"image":{"@id":"https:\/\/www.egana60.cl\/index.php\/2023\/11\/24\/plan-de-gestion-2023\/#primaryimage"},"thumbnailUrl":"https:\/\/i0.wp.com\/www.egana60.cl\/wp-content\/uploads\/2023\/11\/2023-a.jpeg?fit=768%2C483&ssl=1","datePublished":"2023-11-24T17:09:30+00:00","dateModified":"2024-06-28T17:28:04+00:00","breadcrumb":{"@id":"https:\/\/www.egana60.cl\/index.php\/2023\/11\/24\/plan-de-gestion-2023\/#breadcrumb"},"inLanguage":"es","potentialAction":[{"@type":"ReadAction","target":["https:\/\/www.egana60.cl\/index.php\/2023\/11\/24\/plan-de-gestion-2023\/"]}]},{"@type":"ImageObject","inLanguage":"es","@id":"https:\/\/www.egana60.cl\/index.php\/2023\/11\/24\/plan-de-gestion-2023\/#primaryimage","url":"https:\/\/i0.wp.com\/www.egana60.cl\/wp-content\/uploads\/2023\/11\/2023-a.jpeg?fit=768%2C483&ssl=1","contentUrl":"https:\/\/i0.wp.com\/www.egana60.cl\/wp-content\/uploads\/2023\/11\/2023-a.jpeg?fit=768%2C483&ssl=1","width":768,"height":483},{"@type":"BreadcrumbList","@id":"https:\/\/www.egana60.cl\/index.php\/2023\/11\/24\/plan-de-gestion-2023\/#breadcrumb","itemListElement":[{"@type":"ListItem","position":1,"name":"Portada","item":"https:\/\/www.egana60.cl\/"},{"@type":"ListItem","position":2,"name":"Plan de Gesti\u00f3n 2023"}]},{"@type":"WebSite","@id":"https:\/\/www.egana60.cl\/#website","url":"https:\/\/www.egana60.cl\/","name":"Ega\u00f1a 60","description":"Sitios de Memoria","publisher":{"@id":"https:\/\/www.egana60.cl\/#organization"},"potentialAction":[{"@type":"SearchAction","target":{"@type":"EntryPoint","urlTemplate":"https:\/\/www.egana60.cl\/?s={search_term_string}"},"query-input":{"@type":"PropertyValueSpecification","valueRequired":true,"valueName":"search_term_string"}}],"inLanguage":"es"},{"@type":"Organization","@id":"https:\/\/www.egana60.cl\/#organization","name":"Coorporac\u00f3n Ega\u00f1a 60","url":"https:\/\/www.egana60.cl\/","logo":{"@type":"ImageObject","inLanguage":"es","@id":"https:\/\/www.egana60.cl\/#\/schema\/logo\/image\/","url":"https:\/\/www.egana60.cl\/wp-content\/uploads\/2023\/12\/logo2-e1701438723519.png","contentUrl":"https:\/\/www.egana60.cl\/wp-content\/uploads\/2023\/12\/logo2-e1701438723519.png","width":80,"height":80,"caption":"Coorporac\u00f3n Ega\u00f1a 60"},"image":{"@id":"https:\/\/www.egana60.cl\/#\/schema\/logo\/image\/"},"sameAs":["https:\/\/web.facebook.com\/egana60"]},{"@type":"Person","@id":"https:\/\/www.egana60.cl\/#\/schema\/person\/784715b941c14e2212873f5180a48eae","name":"admin","image":{"@type":"ImageObject","inLanguage":"es","@id":"https:\/\/www.egana60.cl\/#\/schema\/person\/image\/","url":"https:\/\/secure.gravatar.com\/avatar\/aac9c7787e0ed8cbfe7d7e1ca66cc8241d79adcb301a80ad91e062a2d22e69e7?s=96&d=mm&r=g","contentUrl":"https:\/\/secure.gravatar.com\/avatar\/aac9c7787e0ed8cbfe7d7e1ca66cc8241d79adcb301a80ad91e062a2d22e69e7?s=96&d=mm&r=g","caption":"admin"},"sameAs":["https:\/\/egana60.cl","https:\/\/x.com\/egana"],"url":"https:\/\/www.egana60.cl\/index.php\/author\/egana\/"}]}},"jetpack_featured_media_url":"https:\/\/i0.wp.com\/www.egana60.cl\/wp-content\/uploads\/2023\/11\/2023-a.jpeg?fit=768%2C483&ssl=1","jetpack_sharing_enabled":true,"_links":{"self":[{"href":"https:\/\/www.egana60.cl\/index.php\/wp-json\/wp\/v2\/posts\/1364","targetHints":{"allow":["GET"]}}],"collection":[{"href":"https:\/\/www.egana60.cl\/index.php\/wp-json\/wp\/v2\/posts"}],"about":[{"href":"https:\/\/www.egana60.cl\/index.php\/wp-json\/wp\/v2\/types\/post"}],"author":[{"embeddable":true,"href":"https:\/\/www.egana60.cl\/index.php\/wp-json\/wp\/v2\/users\/1"}],"replies":[{"embeddable":true,"href":"https:\/\/www.egana60.cl\/index.php\/wp-json\/wp\/v2\/comments?post=1364"}],"version-history":[{"count":1,"href":"https:\/\/www.egana60.cl\/index.php\/wp-json\/wp\/v2\/posts\/1364\/revisions"}],"predecessor-version":[{"id":1365,"href":"https:\/\/www.egana60.cl\/index.php\/wp-json\/wp\/v2\/posts\/1364\/revisions\/1365"}],"wp:featuredmedia":[{"embeddable":true,"href":"https:\/\/www.egana60.cl\/index.php\/wp-json\/wp\/v2\/media\/1326"}],"wp:attachment":[{"href":"https:\/\/www.egana60.cl\/index.php\/wp-json\/wp\/v2\/media?parent=1364"}],"wp:term":[{"taxonomy":"category","embeddable":true,"href":"https:\/\/www.egana60.cl\/index.php\/wp-json\/wp\/v2\/categories?post=1364"},{"taxonomy":"post_tag","embeddable":true,"href":"https:\/\/www.egana60.cl\/index.php\/wp-json\/wp\/v2\/tags?post=1364"}],"curies":[{"name":"wp","href":"https:\/\/api.w.org\/{rel}","templated":true}]}}