{"id":1735,"date":"2024-07-09T23:29:12","date_gmt":"2024-07-09T23:29:12","guid":{"rendered":"https:\/\/www.egana60.cl\/?p=1735"},"modified":"2024-07-09T23:34:40","modified_gmt":"2024-07-09T23:34:40","slug":"consejo-de-indh-eligio-a-claudio-gonzalez-como-premio-nacional-de-derechos-humanos-2024","status":"publish","type":"post","link":"https:\/\/www.egana60.cl\/index.php\/2024\/07\/09\/consejo-de-indh-eligio-a-claudio-gonzalez-como-premio-nacional-de-derechos-humanos-2024\/","title":{"rendered":"Consejo de INDH eligi\u00f3 a Claudio Gonz\u00e1lez como Premio Nacional de Derechos Humanos 2024"},"content":{"rendered":"<div class=\"fusion-fullwidth fullwidth-box fusion-builder-row-1 fusion-flex-container nonhundred-percent-fullwidth non-hundred-percent-height-scrolling\" style=\"--awb-border-radius-top-left:0px;--awb-border-radius-top-right:0px;--awb-border-radius-bottom-right:0px;--awb-border-radius-bottom-left:0px;--awb-flex-wrap:wrap;\" ><div class=\"fusion-builder-row fusion-row fusion-flex-align-items-flex-start fusion-flex-content-wrap\" style=\"max-width:1248px;margin-left: calc(-4% \/ 2 );margin-right: calc(-4% \/ 2 );\"><div class=\"fusion-layout-column fusion_builder_column fusion-builder-column-0 fusion_builder_column_1_1 1_1 fusion-flex-column\" style=\"--awb-bg-size:cover;--awb-width-large:100%;--awb-margin-top-large:0px;--awb-spacing-right-large:1.92%;--awb-margin-bottom-large:0px;--awb-spacing-left-large:1.92%;--awb-width-medium:100%;--awb-spacing-right-medium:1.92%;--awb-spacing-left-medium:1.92%;--awb-width-small:100%;--awb-spacing-right-small:1.92%;--awb-spacing-left-small:1.92%;\"><div class=\"fusion-column-wrapper fusion-flex-justify-content-flex-start fusion-content-layout-column\"><div class=\"fusion-text fusion-text-1\"><p>El Consejo se inclin\u00f3 por el secretario ejecutivo de FASIC debido a su labor en defensa de la memoria, la b\u00fasqueda de verdad y justicia, la reparaci\u00f3n y las medidas de no repetici\u00f3n para las v\u00edctimas de la dictadura.<\/p>\n<p>Enterado de la noticia, Gonz\u00e1lez se\u00f1al\u00f3 que \u201ceste es un reconocimiento a todo FASIC y a todos quienes hemos estado directamente desde las distintas organizaciones. Yo soy un trabajador m\u00e1s de derechos humanos\u201d.<br \/>El Consejo del Instituto Nacional de Derechos Humanos (INDH) eligi\u00f3 este 8 de julio a Claudio Enrique Gonz\u00e1lez Urbina (87) como Premio Nacional de Derechos Humanos 2024. El director ejecutivo de la Fundaci\u00f3n de Ayuda Social a las Iglesias Cristianas (FASIC) fue escogido por su extenso trabajo en defensa de la memoria, la verdad, la justicia, la reparaci\u00f3n y las medidas de no repetici\u00f3n para las v\u00edctimas de las violaciones a los DD.HH. en dictadura.<\/p>\n<p>La directora del INDH, Consuelo Contreras, tom\u00f3 contacto telef\u00f3nico con el ganador elegido por el Consejo del INDH para comunicarle la noticia. \u201cQuiero felicitarlo. Mandarle un gran abrazo. Es un reconocimiento al trabajo que con mucho coraje ha realizado durante todos estos a\u00f1os a la cabeza del FASIC, con ese equipo de gente valiente. Tambi\u00e9n es un reconocimiento a la defensa de derechos humanos que han hecho las iglesias evang\u00e9licas y protestantes en nuestro pa\u00eds\u201d, se\u00f1al\u00f3 la directora.<\/p>\n<p>En su respuesta, Gonz\u00e1lez coincidi\u00f3 en que \u201ceste es un reconocimiento a todo FASIC y a todos quienes hemos estado directamente desde las distintas organizaciones. Yo soy un trabajador m\u00e1s de derechos humanos\u201d, dijo tras conocer la decisi\u00f3n del Consejo.<\/p>\n<h1>Trayectoria del ganador<\/h1>\n<p>Claudio Gonz\u00e1lez form\u00f3 parte del Consejo del INDH entre 2010 y 2016, que marc\u00f3 el nacimiento del Instituto, en uno de los cuatro puestos elegidos por el Registro de Organizaciones de la Sociedad Civil del INDH. Nacido en Concepci\u00f3n el 14 de octubre de 1936, estudi\u00f3 en el Instituto Nacional, donde en 1955 recibi\u00f3 el Premio Silva Piderit al Mejor Institutano. En 1960 ingres\u00f3 a trabajar a Fundaci\u00f3n Mi Casa, abriendo una casa en Valdivia y desarrollando su actividad en Temuco y Santiago.<\/p>\n<p>En 1973, pocos d\u00edas despu\u00e9s del golpe, empez\u00f3 a trabajar en el Comit\u00e9 Nacional de Ayuda a los Refugiados (CONAR). Ese mismo a\u00f1o obtuvo su t\u00edtulo como profesor de Filosof\u00eda. CONAR fue una de las primeras instancias de las iglesias cristianas para proteger a personas perseguidas por la dictadura tras el quiebre de la democracia. Claudio Gonz\u00e1lez se sum\u00f3 as\u00ed al equipo liderado por el obispo luterano Helmut Frenz.<\/p>\n<h1>Nacimiento de FASIC<\/h1>\n<p>Luego, en 1975 se convirti\u00f3 en secretario ejecutivo la FASIC, cuya primera tarea fue trabajar por las personas que en virtud del Decreto 504 de la dictadura tuvieron conmutadas penas dictadas por tribunales militares por extra\u00f1amiento. El primer equipo de FASIC lo integraron cinco personas, incluyendo a Claudio Gonz\u00e1lez.<\/p>\n<p>En los a\u00f1os siguientes, su capacidad articuladora se extendi\u00f3 a otros \u00e1mbitos del acompa\u00f1amiento de las v\u00edctimas. Destaca aqu\u00ed el programa iniciado en 1977 para la salud mental, para acoger a personas torturadas, as\u00ed como a familiares de detenidos desaparecidos, ejecutados y ex detenidos. Gonz\u00e1lez conoci\u00f3 directamente la realidad de los centros de prisioneros, porque tuvo permiso para ingresar al recinto de Tres \u00c1lamos.<\/p>\n<p>Durante la d\u00e9cada de los 80 recorri\u00f3 Chile conociendo la situaci\u00f3n de las personas a las que la dictadura ten\u00eda relegadas. Tambi\u00e9n viaj\u00f3 fuera del pa\u00eds buscando lugares de acogida para quienes sufr\u00edan el exilio, abriendo la ruta de la solidaridad internacional.<\/p>\n<h1>Trabajo desde 1990<\/h1>\n<p>Una vez recuperada la democracia, la labor de Gonz\u00e1lez se extendi\u00f3 a nuevos \u00e1mbitos. FASIC se transform\u00f3 en la organizaci\u00f3n que apoy\u00f3 a organizaciones de derechos humanos una vez que cerr\u00f3 la Vicar\u00eda de la Solidaridad. Esta labor se replic\u00f3 tambi\u00e9n como querellante en las causas por cr\u00edmenes perpetrados por agentes de la dictadura.<\/p>\n<p>El trabajo que realiz\u00f3 profundizando los lazos entre las iglesias cristianas le permiti\u00f3 ayudar a la generaci\u00f3n de nuevas instancias destinadas a dar cuenta de las demandas por derechos vulnerados. Es as\u00ed como la labor con personas migrantes y refugiadas es una de sus prioridades, creando programas en su apoyo en Arica, Iquique, Antofagasta y Santiago.<\/p>\n<p>Actualmente, Claudio Gonz\u00e1lez lidera el sitio de Memoria FASIC. Porque en 2003 el archivo de la Fundaci\u00f3n, as\u00ed como su centro documentaci\u00f3n recibieron el reconocimiento de la UNESCO como parte del programa de Memoria del Mundo y Patrimonio de la Humanidad.<\/p>\n<p>Este a\u00f1o el INDH recibi\u00f3 23 postulaciones para recibir el premio.<\/p>\n<h3>Lista de candidatas y candidatos recibida por Consejo del INDH<\/h3>\n<p>Nombre Tem\u00e1tica<\/p>\n<p>Claudio Enrique Gonz\u00e1lez Urbina Memoria, verdad, justicia, reparaci\u00f3n y medidas de no repetici\u00f3n para v\u00edctimas de violaci\u00f3n a DD.HH. cometidas en la dictadura chilena. Migraci\u00f3n y Refugio.<br \/>Mar\u00eda de Lourdes C\u00e1ceres Penayo DD.HH. de las Personas Migrantes<br \/>Juan Mario Mila Millalen DD.HH. de los pueblos originarios \/ Mapuche<br \/>Patricio Norberto Soto Candia Derechos Humanos y Educaci\u00f3n<br \/>Enrique Florencio Sol\u00eds Jim\u00e9nez Derechos Humanos y Grupos vulnerables (Migrantes, NNA, personas en situaci\u00f3n de pobreza)<br \/>Rodrigo Antonio Fredes Gonz\u00e1lez DD.HH. de las personas en situaci\u00f3n de discapacidad de origen ps\u00edquico \/ mental<br \/>Juan Carlos Pizarro Cort\u00e9s DESCA \/ Derecho a la Seguridad Social<br \/>Alicia Lira Matus Memoria, verdad, justicia, reparaci\u00f3n y medidas de no repetici\u00f3n para v\u00edctimas de violaci\u00f3n a DD.HH. cometidas en la dictadura chilena<br \/>Mireya Garc\u00eda Ram\u00edrez Memoria, verdad, justicia, reparaci\u00f3n y medidas de no repetici\u00f3n para v\u00edctimas de violaci\u00f3n a DD.HH. cometidas en la dictadura chilena<br \/>Elio de las Mercedes Chepillo Chepillo Memoria, verdad, justicia, reparaci\u00f3n y medidas de no repetici\u00f3n para v\u00edctimas de violaci\u00f3n a DD.HH. cometidas en la dictadura chilena<br \/>Marcelo Eduardo Sanhueza Vallejos DD.HH. de las personas en situaci\u00f3n de discapacidad de origen ps\u00edquico \/ mental<br \/>Florencio Manquilef Huichal DD.HH. de los pueblos Originarios \/ Mapuche<br \/>Hilda Alfaro Castro Memoria, verdad, justicia, reparaci\u00f3n y medidas de no repetici\u00f3n para v\u00edctimas de violaci\u00f3n a DD.HH. cometidas en la dictadura chilena<br \/>Mario Eugenio M\u00e1rquez Maldonado Memoria, verdad, justicia, reparaci\u00f3n y medidas de no repetici\u00f3n para v\u00edctimas de violaci\u00f3n a DD.HH. cometidas en la dictadura chilena<br \/>A\u00edda de Lourdes Moreno Reyes Derechos Humanos de las Mujeres<br \/>Juan Pedro Dufraix Baquedano Promoci\u00f3n de DD.HH. Educaci\u00f3n en DD.HH.<br \/>M\u00f3nica Ana Monsalve Le\u00f3n Memoria, verdad, justicia, reparaci\u00f3n y medidas de no repetici\u00f3n para v\u00edctimas de violaci\u00f3n a DD.HH. cometidas en la dictadura chilena<br \/>C\u00e9sar Antonio Pizarro Pizarro Derechos Humanos de las personas privadas de libertad<br \/>Sergio Andr\u00e9s Cuevas Quezada Derechos Humanos de personas adoptadas ilegal \/ irregularmente<br \/>Francisca Linconao Huircap\u00e1n DD.HH. de los pueblos originarios \/ Mapuche<br \/>Constanza del R\u00edo Moreno DD.HH. de ni\u00f1os, ni\u00f1as y adolescentes (adopciones ilegales)<br \/>Alejandro Javier Gallardo Hern\u00e1ndez DD.HH. de personas LGBTIQANB+ \/ Diversidades y disidencias sexo-gen\u00e9ricas<br \/>Rosemarie Bornard Jarpa Memoria, verdad, justicia, reparaci\u00f3n y medidas de no repetici\u00f3n para v\u00edctimas de violaci\u00f3n a DD.HH. cometidas en la dictadura chilena<\/p>\n<\/div><\/div><\/div><\/div><\/div>\n","protected":false},"excerpt":{"rendered":"","protected":false},"author":1,"featured_media":1768,"comment_status":"open","ping_status":"open","sticky":false,"template":"","format":"standard","meta":{"_jetpack_memberships_contains_paid_content":false,"footnotes":""},"categories":[17],"tags":[],"class_list":["post-1735","post","type-post","status-publish","format-standard","has-post-thumbnail","hentry","category-comunicados"],"yoast_head":"<!-- This site is optimized with the Yoast SEO plugin v25.3 - https:\/\/yoast.com\/wordpress\/plugins\/seo\/ -->\n<title>Consejo de INDH eligi\u00f3 a Claudio Gonz\u00e1lez como Premio Nacional de Derechos Humanos 2024 - Ega\u00f1a 60<\/title>\n<meta name=\"robots\" content=\"index, follow, max-snippet:-1, max-image-preview:large, max-video-preview:-1\" \/>\n<link rel=\"canonical\" href=\"https:\/\/www.egana60.cl\/index.php\/2024\/07\/09\/consejo-de-indh-eligio-a-claudio-gonzalez-como-premio-nacional-de-derechos-humanos-2024\/\" \/>\n<meta property=\"og:locale\" content=\"es_ES\" \/>\n<meta property=\"og:type\" content=\"article\" \/>\n<meta property=\"og:title\" content=\"Consejo de INDH eligi\u00f3 a Claudio Gonz\u00e1lez como Premio Nacional de Derechos Humanos 2024 - Ega\u00f1a 60\" \/>\n<meta property=\"og:url\" content=\"https:\/\/www.egana60.cl\/index.php\/2024\/07\/09\/consejo-de-indh-eligio-a-claudio-gonzalez-como-premio-nacional-de-derechos-humanos-2024\/\" \/>\n<meta property=\"og:site_name\" content=\"Ega\u00f1a 60\" \/>\n<meta property=\"article:publisher\" content=\"https:\/\/web.facebook.com\/egana60\" \/>\n<meta property=\"article:published_time\" content=\"2024-07-09T23:29:12+00:00\" \/>\n<meta property=\"article:modified_time\" content=\"2024-07-09T23:34:40+00:00\" \/>\n<meta property=\"og:image\" content=\"https:\/\/www.egana60.cl\/wp-content\/uploads\/2024\/07\/INDH-Claudio-Gonzalez-Uno-08-de-julio-jpeg.webp\" \/>\n\t<meta property=\"og:image:width\" content=\"828\" \/>\n\t<meta property=\"og:image:height\" content=\"542\" \/>\n\t<meta property=\"og:image:type\" content=\"image\/webp\" \/>\n<meta name=\"author\" content=\"admin\" \/>\n<meta name=\"twitter:card\" content=\"summary_large_image\" \/>\n<meta name=\"twitter:creator\" content=\"@egana\" \/>\n<meta name=\"twitter:label1\" content=\"Escrito por\" \/>\n\t<meta name=\"twitter:data1\" content=\"admin\" \/>\n\t<meta name=\"twitter:label2\" content=\"Tiempo de lectura\" \/>\n\t<meta name=\"twitter:data2\" content=\"7 minutos\" \/>\n<script type=\"application\/ld+json\" class=\"yoast-schema-graph\">{\"@context\":\"https:\/\/schema.org\",\"@graph\":[{\"@type\":\"Article\",\"@id\":\"https:\/\/www.egana60.cl\/index.php\/2024\/07\/09\/consejo-de-indh-eligio-a-claudio-gonzalez-como-premio-nacional-de-derechos-humanos-2024\/#article\",\"isPartOf\":{\"@id\":\"https:\/\/www.egana60.cl\/index.php\/2024\/07\/09\/consejo-de-indh-eligio-a-claudio-gonzalez-como-premio-nacional-de-derechos-humanos-2024\/\"},\"author\":{\"name\":\"admin\",\"@id\":\"https:\/\/www.egana60.cl\/#\/schema\/person\/784715b941c14e2212873f5180a48eae\"},\"headline\":\"Consejo de INDH eligi\u00f3 a Claudio Gonz\u00e1lez como Premio Nacional de Derechos Humanos 2024\",\"datePublished\":\"2024-07-09T23:29:12+00:00\",\"dateModified\":\"2024-07-09T23:34:40+00:00\",\"mainEntityOfPage\":{\"@id\":\"https:\/\/www.egana60.cl\/index.php\/2024\/07\/09\/consejo-de-indh-eligio-a-claudio-gonzalez-como-premio-nacional-de-derechos-humanos-2024\/\"},\"wordCount\":1481,\"commentCount\":0,\"publisher\":{\"@id\":\"https:\/\/www.egana60.cl\/#organization\"},\"image\":{\"@id\":\"https:\/\/www.egana60.cl\/index.php\/2024\/07\/09\/consejo-de-indh-eligio-a-claudio-gonzalez-como-premio-nacional-de-derechos-humanos-2024\/#primaryimage\"},\"thumbnailUrl\":\"https:\/\/i0.wp.com\/www.egana60.cl\/wp-content\/uploads\/2024\/07\/INDH-Claudio-Gonzalez-Uno-08-de-julio-jpeg.webp?fit=828%2C542&ssl=1\",\"articleSection\":[\"Comunicados\"],\"inLanguage\":\"es\",\"potentialAction\":[{\"@type\":\"CommentAction\",\"name\":\"Comment\",\"target\":[\"https:\/\/www.egana60.cl\/index.php\/2024\/07\/09\/consejo-de-indh-eligio-a-claudio-gonzalez-como-premio-nacional-de-derechos-humanos-2024\/#respond\"]}]},{\"@type\":\"WebPage\",\"@id\":\"https:\/\/www.egana60.cl\/index.php\/2024\/07\/09\/consejo-de-indh-eligio-a-claudio-gonzalez-como-premio-nacional-de-derechos-humanos-2024\/\",\"url\":\"https:\/\/www.egana60.cl\/index.php\/2024\/07\/09\/consejo-de-indh-eligio-a-claudio-gonzalez-como-premio-nacional-de-derechos-humanos-2024\/\",\"name\":\"Consejo de INDH eligi\u00f3 a Claudio Gonz\u00e1lez como Premio Nacional de Derechos Humanos 2024 - Ega\u00f1a 60\",\"isPartOf\":{\"@id\":\"https:\/\/www.egana60.cl\/#website\"},\"primaryImageOfPage\":{\"@id\":\"https:\/\/www.egana60.cl\/index.php\/2024\/07\/09\/consejo-de-indh-eligio-a-claudio-gonzalez-como-premio-nacional-de-derechos-humanos-2024\/#primaryimage\"},\"image\":{\"@id\":\"https:\/\/www.egana60.cl\/index.php\/2024\/07\/09\/consejo-de-indh-eligio-a-claudio-gonzalez-como-premio-nacional-de-derechos-humanos-2024\/#primaryimage\"},\"thumbnailUrl\":\"https:\/\/i0.wp.com\/www.egana60.cl\/wp-content\/uploads\/2024\/07\/INDH-Claudio-Gonzalez-Uno-08-de-julio-jpeg.webp?fit=828%2C542&ssl=1\",\"datePublished\":\"2024-07-09T23:29:12+00:00\",\"dateModified\":\"2024-07-09T23:34:40+00:00\",\"breadcrumb\":{\"@id\":\"https:\/\/www.egana60.cl\/index.php\/2024\/07\/09\/consejo-de-indh-eligio-a-claudio-gonzalez-como-premio-nacional-de-derechos-humanos-2024\/#breadcrumb\"},\"inLanguage\":\"es\",\"potentialAction\":[{\"@type\":\"ReadAction\",\"target\":[\"https:\/\/www.egana60.cl\/index.php\/2024\/07\/09\/consejo-de-indh-eligio-a-claudio-gonzalez-como-premio-nacional-de-derechos-humanos-2024\/\"]}]},{\"@type\":\"ImageObject\",\"inLanguage\":\"es\",\"@id\":\"https:\/\/www.egana60.cl\/index.php\/2024\/07\/09\/consejo-de-indh-eligio-a-claudio-gonzalez-como-premio-nacional-de-derechos-humanos-2024\/#primaryimage\",\"url\":\"https:\/\/i0.wp.com\/www.egana60.cl\/wp-content\/uploads\/2024\/07\/INDH-Claudio-Gonzalez-Uno-08-de-julio-jpeg.webp?fit=828%2C542&ssl=1\",\"contentUrl\":\"https:\/\/i0.wp.com\/www.egana60.cl\/wp-content\/uploads\/2024\/07\/INDH-Claudio-Gonzalez-Uno-08-de-julio-jpeg.webp?fit=828%2C542&ssl=1\",\"width\":828,\"height\":542},{\"@type\":\"BreadcrumbList\",\"@id\":\"https:\/\/www.egana60.cl\/index.php\/2024\/07\/09\/consejo-de-indh-eligio-a-claudio-gonzalez-como-premio-nacional-de-derechos-humanos-2024\/#breadcrumb\",\"itemListElement\":[{\"@type\":\"ListItem\",\"position\":1,\"name\":\"Portada\",\"item\":\"https:\/\/www.egana60.cl\/\"},{\"@type\":\"ListItem\",\"position\":2,\"name\":\"Consejo de INDH eligi\u00f3 a Claudio Gonz\u00e1lez como Premio Nacional de Derechos Humanos 2024\"}]},{\"@type\":\"WebSite\",\"@id\":\"https:\/\/www.egana60.cl\/#website\",\"url\":\"https:\/\/www.egana60.cl\/\",\"name\":\"Ega\u00f1a 60\",\"description\":\"Sitios de Memoria\",\"publisher\":{\"@id\":\"https:\/\/www.egana60.cl\/#organization\"},\"potentialAction\":[{\"@type\":\"SearchAction\",\"target\":{\"@type\":\"EntryPoint\",\"urlTemplate\":\"https:\/\/www.egana60.cl\/?s={search_term_string}\"},\"query-input\":{\"@type\":\"PropertyValueSpecification\",\"valueRequired\":true,\"valueName\":\"search_term_string\"}}],\"inLanguage\":\"es\"},{\"@type\":\"Organization\",\"@id\":\"https:\/\/www.egana60.cl\/#organization\",\"name\":\"Coorporac\u00f3n Ega\u00f1a 60\",\"url\":\"https:\/\/www.egana60.cl\/\",\"logo\":{\"@type\":\"ImageObject\",\"inLanguage\":\"es\",\"@id\":\"https:\/\/www.egana60.cl\/#\/schema\/logo\/image\/\",\"url\":\"https:\/\/www.egana60.cl\/wp-content\/uploads\/2023\/12\/logo2-e1701438723519.png\",\"contentUrl\":\"https:\/\/www.egana60.cl\/wp-content\/uploads\/2023\/12\/logo2-e1701438723519.png\",\"width\":80,\"height\":80,\"caption\":\"Coorporac\u00f3n Ega\u00f1a 60\"},\"image\":{\"@id\":\"https:\/\/www.egana60.cl\/#\/schema\/logo\/image\/\"},\"sameAs\":[\"https:\/\/web.facebook.com\/egana60\"]},{\"@type\":\"Person\",\"@id\":\"https:\/\/www.egana60.cl\/#\/schema\/person\/784715b941c14e2212873f5180a48eae\",\"name\":\"admin\",\"image\":{\"@type\":\"ImageObject\",\"inLanguage\":\"es\",\"@id\":\"https:\/\/www.egana60.cl\/#\/schema\/person\/image\/\",\"url\":\"https:\/\/secure.gravatar.com\/avatar\/aac9c7787e0ed8cbfe7d7e1ca66cc8241d79adcb301a80ad91e062a2d22e69e7?s=96&d=mm&r=g\",\"contentUrl\":\"https:\/\/secure.gravatar.com\/avatar\/aac9c7787e0ed8cbfe7d7e1ca66cc8241d79adcb301a80ad91e062a2d22e69e7?s=96&d=mm&r=g\",\"caption\":\"admin\"},\"sameAs\":[\"https:\/\/egana60.cl\",\"https:\/\/x.com\/egana\"],\"url\":\"https:\/\/www.egana60.cl\/index.php\/author\/egana\/\"}]}<\/script>\n<!-- \/ Yoast SEO plugin. -->","yoast_head_json":{"title":"Consejo de INDH eligi\u00f3 a Claudio Gonz\u00e1lez como Premio Nacional de Derechos Humanos 2024 - Ega\u00f1a 60","robots":{"index":"index","follow":"follow","max-snippet":"max-snippet:-1","max-image-preview":"max-image-preview:large","max-video-preview":"max-video-preview:-1"},"canonical":"https:\/\/www.egana60.cl\/index.php\/2024\/07\/09\/consejo-de-indh-eligio-a-claudio-gonzalez-como-premio-nacional-de-derechos-humanos-2024\/","og_locale":"es_ES","og_type":"article","og_title":"Consejo de INDH eligi\u00f3 a Claudio Gonz\u00e1lez como Premio Nacional de Derechos Humanos 2024 - Ega\u00f1a 60","og_url":"https:\/\/www.egana60.cl\/index.php\/2024\/07\/09\/consejo-de-indh-eligio-a-claudio-gonzalez-como-premio-nacional-de-derechos-humanos-2024\/","og_site_name":"Ega\u00f1a 60","article_publisher":"https:\/\/web.facebook.com\/egana60","article_published_time":"2024-07-09T23:29:12+00:00","article_modified_time":"2024-07-09T23:34:40+00:00","og_image":[{"width":828,"height":542,"url":"https:\/\/www.egana60.cl\/wp-content\/uploads\/2024\/07\/INDH-Claudio-Gonzalez-Uno-08-de-julio-jpeg.webp","type":"image\/webp"}],"author":"admin","twitter_card":"summary_large_image","twitter_creator":"@egana","twitter_misc":{"Escrito por":"admin","Tiempo de lectura":"7 minutos"},"schema":{"@context":"https:\/\/schema.org","@graph":[{"@type":"Article","@id":"https:\/\/www.egana60.cl\/index.php\/2024\/07\/09\/consejo-de-indh-eligio-a-claudio-gonzalez-como-premio-nacional-de-derechos-humanos-2024\/#article","isPartOf":{"@id":"https:\/\/www.egana60.cl\/index.php\/2024\/07\/09\/consejo-de-indh-eligio-a-claudio-gonzalez-como-premio-nacional-de-derechos-humanos-2024\/"},"author":{"name":"admin","@id":"https:\/\/www.egana60.cl\/#\/schema\/person\/784715b941c14e2212873f5180a48eae"},"headline":"Consejo de INDH eligi\u00f3 a Claudio Gonz\u00e1lez como Premio Nacional de Derechos Humanos 2024","datePublished":"2024-07-09T23:29:12+00:00","dateModified":"2024-07-09T23:34:40+00:00","mainEntityOfPage":{"@id":"https:\/\/www.egana60.cl\/index.php\/2024\/07\/09\/consejo-de-indh-eligio-a-claudio-gonzalez-como-premio-nacional-de-derechos-humanos-2024\/"},"wordCount":1481,"commentCount":0,"publisher":{"@id":"https:\/\/www.egana60.cl\/#organization"},"image":{"@id":"https:\/\/www.egana60.cl\/index.php\/2024\/07\/09\/consejo-de-indh-eligio-a-claudio-gonzalez-como-premio-nacional-de-derechos-humanos-2024\/#primaryimage"},"thumbnailUrl":"https:\/\/i0.wp.com\/www.egana60.cl\/wp-content\/uploads\/2024\/07\/INDH-Claudio-Gonzalez-Uno-08-de-julio-jpeg.webp?fit=828%2C542&ssl=1","articleSection":["Comunicados"],"inLanguage":"es","potentialAction":[{"@type":"CommentAction","name":"Comment","target":["https:\/\/www.egana60.cl\/index.php\/2024\/07\/09\/consejo-de-indh-eligio-a-claudio-gonzalez-como-premio-nacional-de-derechos-humanos-2024\/#respond"]}]},{"@type":"WebPage","@id":"https:\/\/www.egana60.cl\/index.php\/2024\/07\/09\/consejo-de-indh-eligio-a-claudio-gonzalez-como-premio-nacional-de-derechos-humanos-2024\/","url":"https:\/\/www.egana60.cl\/index.php\/2024\/07\/09\/consejo-de-indh-eligio-a-claudio-gonzalez-como-premio-nacional-de-derechos-humanos-2024\/","name":"Consejo de INDH eligi\u00f3 a Claudio Gonz\u00e1lez como Premio Nacional de Derechos Humanos 2024 - Ega\u00f1a 60","isPartOf":{"@id":"https:\/\/www.egana60.cl\/#website"},"primaryImageOfPage":{"@id":"https:\/\/www.egana60.cl\/index.php\/2024\/07\/09\/consejo-de-indh-eligio-a-claudio-gonzalez-como-premio-nacional-de-derechos-humanos-2024\/#primaryimage"},"image":{"@id":"https:\/\/www.egana60.cl\/index.php\/2024\/07\/09\/consejo-de-indh-eligio-a-claudio-gonzalez-como-premio-nacional-de-derechos-humanos-2024\/#primaryimage"},"thumbnailUrl":"https:\/\/i0.wp.com\/www.egana60.cl\/wp-content\/uploads\/2024\/07\/INDH-Claudio-Gonzalez-Uno-08-de-julio-jpeg.webp?fit=828%2C542&ssl=1","datePublished":"2024-07-09T23:29:12+00:00","dateModified":"2024-07-09T23:34:40+00:00","breadcrumb":{"@id":"https:\/\/www.egana60.cl\/index.php\/2024\/07\/09\/consejo-de-indh-eligio-a-claudio-gonzalez-como-premio-nacional-de-derechos-humanos-2024\/#breadcrumb"},"inLanguage":"es","potentialAction":[{"@type":"ReadAction","target":["https:\/\/www.egana60.cl\/index.php\/2024\/07\/09\/consejo-de-indh-eligio-a-claudio-gonzalez-como-premio-nacional-de-derechos-humanos-2024\/"]}]},{"@type":"ImageObject","inLanguage":"es","@id":"https:\/\/www.egana60.cl\/index.php\/2024\/07\/09\/consejo-de-indh-eligio-a-claudio-gonzalez-como-premio-nacional-de-derechos-humanos-2024\/#primaryimage","url":"https:\/\/i0.wp.com\/www.egana60.cl\/wp-content\/uploads\/2024\/07\/INDH-Claudio-Gonzalez-Uno-08-de-julio-jpeg.webp?fit=828%2C542&ssl=1","contentUrl":"https:\/\/i0.wp.com\/www.egana60.cl\/wp-content\/uploads\/2024\/07\/INDH-Claudio-Gonzalez-Uno-08-de-julio-jpeg.webp?fit=828%2C542&ssl=1","width":828,"height":542},{"@type":"BreadcrumbList","@id":"https:\/\/www.egana60.cl\/index.php\/2024\/07\/09\/consejo-de-indh-eligio-a-claudio-gonzalez-como-premio-nacional-de-derechos-humanos-2024\/#breadcrumb","itemListElement":[{"@type":"ListItem","position":1,"name":"Portada","item":"https:\/\/www.egana60.cl\/"},{"@type":"ListItem","position":2,"name":"Consejo de INDH eligi\u00f3 a Claudio Gonz\u00e1lez como Premio Nacional de Derechos Humanos 2024"}]},{"@type":"WebSite","@id":"https:\/\/www.egana60.cl\/#website","url":"https:\/\/www.egana60.cl\/","name":"Ega\u00f1a 60","description":"Sitios de Memoria","publisher":{"@id":"https:\/\/www.egana60.cl\/#organization"},"potentialAction":[{"@type":"SearchAction","target":{"@type":"EntryPoint","urlTemplate":"https:\/\/www.egana60.cl\/?s={search_term_string}"},"query-input":{"@type":"PropertyValueSpecification","valueRequired":true,"valueName":"search_term_string"}}],"inLanguage":"es"},{"@type":"Organization","@id":"https:\/\/www.egana60.cl\/#organization","name":"Coorporac\u00f3n Ega\u00f1a 60","url":"https:\/\/www.egana60.cl\/","logo":{"@type":"ImageObject","inLanguage":"es","@id":"https:\/\/www.egana60.cl\/#\/schema\/logo\/image\/","url":"https:\/\/www.egana60.cl\/wp-content\/uploads\/2023\/12\/logo2-e1701438723519.png","contentUrl":"https:\/\/www.egana60.cl\/wp-content\/uploads\/2023\/12\/logo2-e1701438723519.png","width":80,"height":80,"caption":"Coorporac\u00f3n Ega\u00f1a 60"},"image":{"@id":"https:\/\/www.egana60.cl\/#\/schema\/logo\/image\/"},"sameAs":["https:\/\/web.facebook.com\/egana60"]},{"@type":"Person","@id":"https:\/\/www.egana60.cl\/#\/schema\/person\/784715b941c14e2212873f5180a48eae","name":"admin","image":{"@type":"ImageObject","inLanguage":"es","@id":"https:\/\/www.egana60.cl\/#\/schema\/person\/image\/","url":"https:\/\/secure.gravatar.com\/avatar\/aac9c7787e0ed8cbfe7d7e1ca66cc8241d79adcb301a80ad91e062a2d22e69e7?s=96&d=mm&r=g","contentUrl":"https:\/\/secure.gravatar.com\/avatar\/aac9c7787e0ed8cbfe7d7e1ca66cc8241d79adcb301a80ad91e062a2d22e69e7?s=96&d=mm&r=g","caption":"admin"},"sameAs":["https:\/\/egana60.cl","https:\/\/x.com\/egana"],"url":"https:\/\/www.egana60.cl\/index.php\/author\/egana\/"}]}},"jetpack_featured_media_url":"https:\/\/i0.wp.com\/www.egana60.cl\/wp-content\/uploads\/2024\/07\/INDH-Claudio-Gonzalez-Uno-08-de-julio-jpeg.webp?fit=828%2C542&ssl=1","jetpack_sharing_enabled":true,"_links":{"self":[{"href":"https:\/\/www.egana60.cl\/index.php\/wp-json\/wp\/v2\/posts\/1735","targetHints":{"allow":["GET"]}}],"collection":[{"href":"https:\/\/www.egana60.cl\/index.php\/wp-json\/wp\/v2\/posts"}],"about":[{"href":"https:\/\/www.egana60.cl\/index.php\/wp-json\/wp\/v2\/types\/post"}],"author":[{"embeddable":true,"href":"https:\/\/www.egana60.cl\/index.php\/wp-json\/wp\/v2\/users\/1"}],"replies":[{"embeddable":true,"href":"https:\/\/www.egana60.cl\/index.php\/wp-json\/wp\/v2\/comments?post=1735"}],"version-history":[{"count":4,"href":"https:\/\/www.egana60.cl\/index.php\/wp-json\/wp\/v2\/posts\/1735\/revisions"}],"predecessor-version":[{"id":1795,"href":"https:\/\/www.egana60.cl\/index.php\/wp-json\/wp\/v2\/posts\/1735\/revisions\/1795"}],"wp:featuredmedia":[{"embeddable":true,"href":"https:\/\/www.egana60.cl\/index.php\/wp-json\/wp\/v2\/media\/1768"}],"wp:attachment":[{"href":"https:\/\/www.egana60.cl\/index.php\/wp-json\/wp\/v2\/media?parent=1735"}],"wp:term":[{"taxonomy":"category","embeddable":true,"href":"https:\/\/www.egana60.cl\/index.php\/wp-json\/wp\/v2\/categories?post=1735"},{"taxonomy":"post_tag","embeddable":true,"href":"https:\/\/www.egana60.cl\/index.php\/wp-json\/wp\/v2\/tags?post=1735"}],"curies":[{"name":"wp","href":"https:\/\/api.w.org\/{rel}","templated":true}]}}