{"id":1856,"date":"2024-07-17T13:08:20","date_gmt":"2024-07-17T13:08:20","guid":{"rendered":"https:\/\/www.egana60.cl\/?p=1856"},"modified":"2024-07-17T13:24:44","modified_gmt":"2024-07-17T13:24:44","slug":"sitios-de-la-memoria-respaldan-labor-del-servicio-del-patrimonio-cultural-y-rechazan-criticas-de-casa-jose-domingo-canas","status":"publish","type":"post","link":"https:\/\/www.egana60.cl\/index.php\/2024\/07\/17\/sitios-de-la-memoria-respaldan-labor-del-servicio-del-patrimonio-cultural-y-rechazan-criticas-de-casa-jose-domingo-canas\/","title":{"rendered":"Sitios de la memoria respaldan labor del Servicio del Patrimonio Cultural y rechazan cr\u00edticas de Casa Jos\u00e9 Domingo Ca\u00f1as"},"content":{"rendered":"<main class=\"fusion-fullwidth fullwidth-box fusion-builder-row-1 fusion-flex-container nonhundred-percent-fullwidth non-hundred-percent-height-scrolling\" style=\"--awb-border-radius-top-left:0px;--awb-border-radius-top-right:0px;--awb-border-radius-bottom-right:0px;--awb-border-radius-bottom-left:0px;--awb-flex-wrap:wrap;\" ><div class=\"fusion-builder-row fusion-row fusion-flex-align-items-flex-start fusion-flex-content-wrap\" style=\"max-width:1248px;margin-left: calc(-4% \/ 2 );margin-right: calc(-4% \/ 2 );\"><div class=\"fusion-layout-column fusion_builder_column fusion-builder-column-0 fusion_builder_column_1_1 1_1 fusion-flex-column\" style=\"--awb-bg-size:cover;--awb-width-large:100%;--awb-margin-top-large:0px;--awb-spacing-right-large:1.92%;--awb-margin-bottom-large:0px;--awb-spacing-left-large:1.92%;--awb-width-medium:100%;--awb-spacing-right-medium:1.92%;--awb-spacing-left-medium:1.92%;--awb-width-small:100%;--awb-spacing-right-small:1.92%;--awb-spacing-left-small:1.92%;\"><div class=\"fusion-column-wrapper fusion-flex-justify-content-flex-start fusion-content-layout-column\"><div class=\"fusion-text fusion-text-1\"><p style=\"text-align: justify; \">Diez organizaciones se\u00f1alaron que con los cuestionamientos se entregan \u00aben bandeja de plata elementos a la derecha para da\u00f1ar al programa y a todos los sitios de memoria y el trabajo de rescate de la memoria y promoci\u00f3n de los Derechos Humanos\u00bb.<\/p>\n<p style=\"text-align: justify; \">A trav\u00e9s de una declaraci\u00f3n p\u00fablica, diez sitios de memoria ubicados en distintas regiones del pa\u00eds expresaron su discrepencia con las afirmaciones realizadas por la Fundaci\u00f3n 1367 Casa Memoria Jos\u00e9 Domingo Ca\u00f1as, las que consideraron \u201cinoportunas e inaceptables\u201c. En aquel pronunciamiento, la instituci\u00f3n denunci\u00f3 una grave situaci\u00f3n econ\u00f3mica, la que atribuyeron a la reducci\u00f3n en la entrega de fondos estatales que, seg\u00fan se\u00f1alaron, les ha impedido mantener sus operaciones de la manera en que se ven\u00eda trabajando.<\/p>\n<p style=\"text-align: justify; \">Se\u00f1al\u00f3 a su vez que \u201cadem\u00e1s de la reducci\u00f3n de recursos para el Sitio de este a\u00f1o, no se ha tomado en cuenta, y con la debida diligencia, la denuncia que hicimos en abril de este a\u00f1o a la Ministra de Cultura por el comportamiento inaceptable y anti \u00e9tico de la coordinadora del Programa de Sitios de Memoria, Sra. Constanza Symmes, quien vulner\u00f3 nuestros derechos humanos y afect\u00f3 gravemente la integridad y reputaci\u00f3n de nuestros sitios de memoria\u201d.<\/p>\n<p style=\"text-align: justify; \">Seg\u00fan la Fundaci\u00f3n de Ayuda Social de las Iglesias Cristiana \u2013 FASIC; la Agrupaci\u00f3n de Familiares de Detenidos Desaparecidos \u2013 AFDD; la Corporaci\u00f3n Melinka-Puchuncav\u00ed. Sitio Balneario Popular y Campo de detenidos Melinka-Puchuncav\u00ed; el Sitio de Memoria Alberto Bachelet Mart\u00ednez Ex Nido 20; la Casa de Memoria de los Derechos Humanos de Valdivia; el \u201cSitio de Memoria Ega\u00f1a 60\u201d, Ex Cuartel de la PDI de Puerto Montt; la Asociaci\u00f3n Sitio de Memoria Ex Cl\u00ednica Santa Luc\u00eda; el Sitio Hist\u00f3rico Matanza de Mulch\u00e9n; la Corporaci\u00f3n La Serena 16 de octubre y la Corporaci\u00f3n Memoria de Lonqu\u00e9n \u201ceste tipo de declaraciones desprestigian a los sitios de memoria y el \u00e1mbito de los DDHH, atentando contra la memoria de quienes fueron v\u00edctimas de atroces y crueles violaciones, m\u00e1s a\u00fan, en una \u00e9poca que el negacionismo avanza en el pa\u00eds. Es la forma perfecta para entregar en bandeja de plata elementos a la derecha del pa\u00eds para da\u00f1ar al programa y a todos los sitios de memoria y el trabajo de rescate de la memoria y promoci\u00f3n de los Derechos Humanos\u201d.<\/p>\n<p style=\"text-align: justify; \">Agregaron que \u201ces inaceptable que se pretenda hacer responsable por el retraso de la liberaci\u00f3n de fondos a una funcionaria del Programa Sitios de Memoria (PSM) al tiempo que se le acuse de un actuar anti\u00e9tico y m\u00e1s inaceptable acusarla de violar los Derechos Humanos. Esto significa, usar los Derechos Humanos y banalizarlos\u201c.<\/p>\n<p style=\"text-align: justify; \">Tambi\u00e9n indicaron que \u201cseg\u00fan los antecedentes entregados por el comunicado de cierre de convocatoria en la p\u00e1gina del Servicio Nacional del Patrimonio cultural, todos los Sitios de Memoria han recibido la aprobaci\u00f3n de sus solicitudes de recursos, asign\u00e1ndoles el m\u00e1ximo estipulado en las bases. Para el a\u00f1o 2024 no se incrementaron los fondos de acuerdo al IPC y esa situaci\u00f3n nos ha afectado a todos. En el caso de Fundaci\u00f3n 1367 Casa Memoria Jos\u00e9 Domingo Ca\u00f1as, dado que es una organizaci\u00f3n colaboradora recibi\u00f3 adem\u00e1s $24.823.000 millones (Ley de Presupuesto 2024 p\u00e1g. 1036) este a\u00f1o 2024\u201d.<\/p>\n<p style=\"text-align: justify; \">Agregan que \u201casimismo, el a\u00f1o 2023 Fundaci\u00f3n 1367 Casa Memoria Jos\u00e9 Domingo Ca\u00f1as fue la \u00fanica en recibir 75 millones de pesos del PSM, a diferencia de todo el resto de los sitios, que recibimos igualitariamente 54 millones, salvo Lonqu\u00e9n que postul\u00f3 un plan de gesti\u00f3n por menos recursos\u201d.<\/p>\n<p style=\"text-align: justify; \">En ese contexto, afirmaron que \u201cestamos de acuerdo en que hace falta un apoyo sostenido y mayor del Estado, pero eso, claramente no depende de la Encargada Nacional de la Unidad Sitios de Memoria del SERPAT sino de otras definiciones, instancias y Ministerios. Podemos intentar influir en esos niveles de decisi\u00f3n trabajando en conjunto y respeto colectivo y sin aceptar diversas formas de agresi\u00f3n, especialmente verbales, realizadas por algunos de los participantes en las reuniones\u201d.<\/p>\n<p style=\"text-align: justify; \">Tambi\u00e9n, dijeron, \u201cvaloramos los avances en pol\u00edticas p\u00fablicas y financiamiento para los sitios de memoria, de parte del Estado, pero claramente aun son insuficientes, por eso llamamos a que a las autoridades tambi\u00e9n vean que nuestro sentido es lograr en conjunto trabajar en avanzar en el trabajo de Memoria y la cultura por los derechos humanos en Chile, bajo una ley de Sitios y que es fundamental para las garant\u00edas de no repetici\u00f3n\u201d.<\/p>\n<p style=\"text-align: justify; \">En resumen, \u201cestamos en total desacuerdo con la declaraci\u00f3n p\u00fablica de Fundaci\u00f3n 1367 Casa Memoria Jos\u00e9 Domingo Ca\u00f1as, no nos representa\u201c.<\/p>\n<p style=\"text-align: justify; \">Por \u00faltimo, expresaron su respaldo \u201ca Constanza Symmes y su equipo. Quien ha logrado a pesar de m\u00faltiples dificultades, mejorar y levantar el Programa que no tuvo un buen inicio, desarrollando un trabajo profesional, comprometido con los Sitios de Memoria y respeto hacia las personas\u201d.<\/p>\n<p><em><span data-fusion-font=\"true\" data-fusion-google-font=\"Instrument Serif\" data-fusion-google-variant=\"400\" style=\"font-family: 'Instrument Serif'; font-weight: 400;\">Fuente: Diario UChile. Jueves 11 de julio 2024<\/span><\/em><\/p>\n<\/div><\/div><\/div><\/div><\/main>\n","protected":false},"excerpt":{"rendered":"","protected":false},"author":1,"featured_media":1686,"comment_status":"open","ping_status":"open","sticky":false,"template":"","format":"standard","meta":{"_jetpack_memberships_contains_paid_content":false,"footnotes":""},"categories":[17],"tags":[],"class_list":["post-1856","post","type-post","status-publish","format-standard","has-post-thumbnail","hentry","category-comunicados"],"yoast_head":"<!-- This site is optimized with the Yoast SEO plugin v25.3 - https:\/\/yoast.com\/wordpress\/plugins\/seo\/ -->\n<title>Sitios de la memoria respaldan labor del Servicio del Patrimonio Cultural y rechazan cr\u00edticas de Casa Jos\u00e9 Domingo Ca\u00f1as - Ega\u00f1a 60<\/title>\n<meta name=\"robots\" content=\"index, follow, max-snippet:-1, max-image-preview:large, max-video-preview:-1\" \/>\n<link rel=\"canonical\" href=\"https:\/\/www.egana60.cl\/index.php\/2024\/07\/17\/sitios-de-la-memoria-respaldan-labor-del-servicio-del-patrimonio-cultural-y-rechazan-criticas-de-casa-jose-domingo-canas\/\" \/>\n<meta property=\"og:locale\" content=\"es_ES\" \/>\n<meta property=\"og:type\" content=\"article\" \/>\n<meta property=\"og:title\" content=\"Sitios de la memoria respaldan labor del Servicio del Patrimonio Cultural y rechazan cr\u00edticas de Casa Jos\u00e9 Domingo Ca\u00f1as - Ega\u00f1a 60\" \/>\n<meta property=\"og:url\" content=\"https:\/\/www.egana60.cl\/index.php\/2024\/07\/17\/sitios-de-la-memoria-respaldan-labor-del-servicio-del-patrimonio-cultural-y-rechazan-criticas-de-casa-jose-domingo-canas\/\" \/>\n<meta property=\"og:site_name\" content=\"Ega\u00f1a 60\" \/>\n<meta property=\"article:publisher\" content=\"https:\/\/web.facebook.com\/egana60\" \/>\n<meta property=\"article:published_time\" content=\"2024-07-17T13:08:20+00:00\" \/>\n<meta property=\"article:modified_time\" content=\"2024-07-17T13:24:44+00:00\" \/>\n<meta property=\"og:image\" content=\"https:\/\/www.egana60.cl\/wp-content\/uploads\/2024\/06\/07-05-2024-Cuarta-Visita-Guiada-AIEP-Carrera-Diseno-Grafico-WA0005.jpg\" \/>\n\t<meta property=\"og:image:width\" content=\"1600\" \/>\n\t<meta property=\"og:image:height\" content=\"1200\" \/>\n\t<meta property=\"og:image:type\" content=\"image\/jpeg\" \/>\n<meta name=\"author\" content=\"admin\" \/>\n<meta name=\"twitter:card\" content=\"summary_large_image\" \/>\n<meta name=\"twitter:creator\" content=\"@egana\" \/>\n<meta name=\"twitter:label1\" content=\"Escrito por\" \/>\n\t<meta name=\"twitter:data1\" content=\"admin\" \/>\n\t<meta name=\"twitter:label2\" content=\"Tiempo de lectura\" \/>\n\t<meta name=\"twitter:data2\" content=\"5 minutos\" \/>\n<script type=\"application\/ld+json\" class=\"yoast-schema-graph\">{\"@context\":\"https:\/\/schema.org\",\"@graph\":[{\"@type\":\"Article\",\"@id\":\"https:\/\/www.egana60.cl\/index.php\/2024\/07\/17\/sitios-de-la-memoria-respaldan-labor-del-servicio-del-patrimonio-cultural-y-rechazan-criticas-de-casa-jose-domingo-canas\/#article\",\"isPartOf\":{\"@id\":\"https:\/\/www.egana60.cl\/index.php\/2024\/07\/17\/sitios-de-la-memoria-respaldan-labor-del-servicio-del-patrimonio-cultural-y-rechazan-criticas-de-casa-jose-domingo-canas\/\"},\"author\":{\"name\":\"admin\",\"@id\":\"https:\/\/www.egana60.cl\/#\/schema\/person\/784715b941c14e2212873f5180a48eae\"},\"headline\":\"Sitios de la memoria respaldan labor del Servicio del Patrimonio Cultural y rechazan cr\u00edticas de Casa Jos\u00e9 Domingo Ca\u00f1as\",\"datePublished\":\"2024-07-17T13:08:20+00:00\",\"dateModified\":\"2024-07-17T13:24:44+00:00\",\"mainEntityOfPage\":{\"@id\":\"https:\/\/www.egana60.cl\/index.php\/2024\/07\/17\/sitios-de-la-memoria-respaldan-labor-del-servicio-del-patrimonio-cultural-y-rechazan-criticas-de-casa-jose-domingo-canas\/\"},\"wordCount\":983,\"commentCount\":0,\"publisher\":{\"@id\":\"https:\/\/www.egana60.cl\/#organization\"},\"image\":{\"@id\":\"https:\/\/www.egana60.cl\/index.php\/2024\/07\/17\/sitios-de-la-memoria-respaldan-labor-del-servicio-del-patrimonio-cultural-y-rechazan-criticas-de-casa-jose-domingo-canas\/#primaryimage\"},\"thumbnailUrl\":\"https:\/\/i0.wp.com\/www.egana60.cl\/wp-content\/uploads\/2024\/06\/07-05-2024-Cuarta-Visita-Guiada-AIEP-Carrera-Diseno-Grafico-WA0005.jpg?fit=1600%2C1200&ssl=1\",\"articleSection\":[\"Comunicados\"],\"inLanguage\":\"es\",\"potentialAction\":[{\"@type\":\"CommentAction\",\"name\":\"Comment\",\"target\":[\"https:\/\/www.egana60.cl\/index.php\/2024\/07\/17\/sitios-de-la-memoria-respaldan-labor-del-servicio-del-patrimonio-cultural-y-rechazan-criticas-de-casa-jose-domingo-canas\/#respond\"]}]},{\"@type\":\"WebPage\",\"@id\":\"https:\/\/www.egana60.cl\/index.php\/2024\/07\/17\/sitios-de-la-memoria-respaldan-labor-del-servicio-del-patrimonio-cultural-y-rechazan-criticas-de-casa-jose-domingo-canas\/\",\"url\":\"https:\/\/www.egana60.cl\/index.php\/2024\/07\/17\/sitios-de-la-memoria-respaldan-labor-del-servicio-del-patrimonio-cultural-y-rechazan-criticas-de-casa-jose-domingo-canas\/\",\"name\":\"Sitios de la memoria respaldan labor del Servicio del Patrimonio Cultural y rechazan cr\u00edticas de Casa Jos\u00e9 Domingo Ca\u00f1as - Ega\u00f1a 60\",\"isPartOf\":{\"@id\":\"https:\/\/www.egana60.cl\/#website\"},\"primaryImageOfPage\":{\"@id\":\"https:\/\/www.egana60.cl\/index.php\/2024\/07\/17\/sitios-de-la-memoria-respaldan-labor-del-servicio-del-patrimonio-cultural-y-rechazan-criticas-de-casa-jose-domingo-canas\/#primaryimage\"},\"image\":{\"@id\":\"https:\/\/www.egana60.cl\/index.php\/2024\/07\/17\/sitios-de-la-memoria-respaldan-labor-del-servicio-del-patrimonio-cultural-y-rechazan-criticas-de-casa-jose-domingo-canas\/#primaryimage\"},\"thumbnailUrl\":\"https:\/\/i0.wp.com\/www.egana60.cl\/wp-content\/uploads\/2024\/06\/07-05-2024-Cuarta-Visita-Guiada-AIEP-Carrera-Diseno-Grafico-WA0005.jpg?fit=1600%2C1200&ssl=1\",\"datePublished\":\"2024-07-17T13:08:20+00:00\",\"dateModified\":\"2024-07-17T13:24:44+00:00\",\"breadcrumb\":{\"@id\":\"https:\/\/www.egana60.cl\/index.php\/2024\/07\/17\/sitios-de-la-memoria-respaldan-labor-del-servicio-del-patrimonio-cultural-y-rechazan-criticas-de-casa-jose-domingo-canas\/#breadcrumb\"},\"inLanguage\":\"es\",\"potentialAction\":[{\"@type\":\"ReadAction\",\"target\":[\"https:\/\/www.egana60.cl\/index.php\/2024\/07\/17\/sitios-de-la-memoria-respaldan-labor-del-servicio-del-patrimonio-cultural-y-rechazan-criticas-de-casa-jose-domingo-canas\/\"]}]},{\"@type\":\"ImageObject\",\"inLanguage\":\"es\",\"@id\":\"https:\/\/www.egana60.cl\/index.php\/2024\/07\/17\/sitios-de-la-memoria-respaldan-labor-del-servicio-del-patrimonio-cultural-y-rechazan-criticas-de-casa-jose-domingo-canas\/#primaryimage\",\"url\":\"https:\/\/i0.wp.com\/www.egana60.cl\/wp-content\/uploads\/2024\/06\/07-05-2024-Cuarta-Visita-Guiada-AIEP-Carrera-Diseno-Grafico-WA0005.jpg?fit=1600%2C1200&ssl=1\",\"contentUrl\":\"https:\/\/i0.wp.com\/www.egana60.cl\/wp-content\/uploads\/2024\/06\/07-05-2024-Cuarta-Visita-Guiada-AIEP-Carrera-Diseno-Grafico-WA0005.jpg?fit=1600%2C1200&ssl=1\",\"width\":1600,\"height\":1200},{\"@type\":\"BreadcrumbList\",\"@id\":\"https:\/\/www.egana60.cl\/index.php\/2024\/07\/17\/sitios-de-la-memoria-respaldan-labor-del-servicio-del-patrimonio-cultural-y-rechazan-criticas-de-casa-jose-domingo-canas\/#breadcrumb\",\"itemListElement\":[{\"@type\":\"ListItem\",\"position\":1,\"name\":\"Portada\",\"item\":\"https:\/\/www.egana60.cl\/\"},{\"@type\":\"ListItem\",\"position\":2,\"name\":\"Sitios de la memoria respaldan labor del Servicio del Patrimonio Cultural y rechazan cr\u00edticas de Casa Jos\u00e9 Domingo Ca\u00f1as\"}]},{\"@type\":\"WebSite\",\"@id\":\"https:\/\/www.egana60.cl\/#website\",\"url\":\"https:\/\/www.egana60.cl\/\",\"name\":\"Ega\u00f1a 60\",\"description\":\"Sitios de Memoria\",\"publisher\":{\"@id\":\"https:\/\/www.egana60.cl\/#organization\"},\"potentialAction\":[{\"@type\":\"SearchAction\",\"target\":{\"@type\":\"EntryPoint\",\"urlTemplate\":\"https:\/\/www.egana60.cl\/?s={search_term_string}\"},\"query-input\":{\"@type\":\"PropertyValueSpecification\",\"valueRequired\":true,\"valueName\":\"search_term_string\"}}],\"inLanguage\":\"es\"},{\"@type\":\"Organization\",\"@id\":\"https:\/\/www.egana60.cl\/#organization\",\"name\":\"Coorporac\u00f3n Ega\u00f1a 60\",\"url\":\"https:\/\/www.egana60.cl\/\",\"logo\":{\"@type\":\"ImageObject\",\"inLanguage\":\"es\",\"@id\":\"https:\/\/www.egana60.cl\/#\/schema\/logo\/image\/\",\"url\":\"https:\/\/www.egana60.cl\/wp-content\/uploads\/2023\/12\/logo2-e1701438723519.png\",\"contentUrl\":\"https:\/\/www.egana60.cl\/wp-content\/uploads\/2023\/12\/logo2-e1701438723519.png\",\"width\":80,\"height\":80,\"caption\":\"Coorporac\u00f3n Ega\u00f1a 60\"},\"image\":{\"@id\":\"https:\/\/www.egana60.cl\/#\/schema\/logo\/image\/\"},\"sameAs\":[\"https:\/\/web.facebook.com\/egana60\"]},{\"@type\":\"Person\",\"@id\":\"https:\/\/www.egana60.cl\/#\/schema\/person\/784715b941c14e2212873f5180a48eae\",\"name\":\"admin\",\"image\":{\"@type\":\"ImageObject\",\"inLanguage\":\"es\",\"@id\":\"https:\/\/www.egana60.cl\/#\/schema\/person\/image\/\",\"url\":\"https:\/\/secure.gravatar.com\/avatar\/aac9c7787e0ed8cbfe7d7e1ca66cc8241d79adcb301a80ad91e062a2d22e69e7?s=96&d=mm&r=g\",\"contentUrl\":\"https:\/\/secure.gravatar.com\/avatar\/aac9c7787e0ed8cbfe7d7e1ca66cc8241d79adcb301a80ad91e062a2d22e69e7?s=96&d=mm&r=g\",\"caption\":\"admin\"},\"sameAs\":[\"https:\/\/egana60.cl\",\"https:\/\/x.com\/egana\"],\"url\":\"https:\/\/www.egana60.cl\/index.php\/author\/egana\/\"}]}<\/script>\n<!-- \/ Yoast SEO plugin. -->","yoast_head_json":{"title":"Sitios de la memoria respaldan labor del Servicio del Patrimonio Cultural y rechazan cr\u00edticas de Casa Jos\u00e9 Domingo Ca\u00f1as - Ega\u00f1a 60","robots":{"index":"index","follow":"follow","max-snippet":"max-snippet:-1","max-image-preview":"max-image-preview:large","max-video-preview":"max-video-preview:-1"},"canonical":"https:\/\/www.egana60.cl\/index.php\/2024\/07\/17\/sitios-de-la-memoria-respaldan-labor-del-servicio-del-patrimonio-cultural-y-rechazan-criticas-de-casa-jose-domingo-canas\/","og_locale":"es_ES","og_type":"article","og_title":"Sitios de la memoria respaldan labor del Servicio del Patrimonio Cultural y rechazan cr\u00edticas de Casa Jos\u00e9 Domingo Ca\u00f1as - Ega\u00f1a 60","og_url":"https:\/\/www.egana60.cl\/index.php\/2024\/07\/17\/sitios-de-la-memoria-respaldan-labor-del-servicio-del-patrimonio-cultural-y-rechazan-criticas-de-casa-jose-domingo-canas\/","og_site_name":"Ega\u00f1a 60","article_publisher":"https:\/\/web.facebook.com\/egana60","article_published_time":"2024-07-17T13:08:20+00:00","article_modified_time":"2024-07-17T13:24:44+00:00","og_image":[{"width":1600,"height":1200,"url":"https:\/\/www.egana60.cl\/wp-content\/uploads\/2024\/06\/07-05-2024-Cuarta-Visita-Guiada-AIEP-Carrera-Diseno-Grafico-WA0005.jpg","type":"image\/jpeg"}],"author":"admin","twitter_card":"summary_large_image","twitter_creator":"@egana","twitter_misc":{"Escrito por":"admin","Tiempo de lectura":"5 minutos"},"schema":{"@context":"https:\/\/schema.org","@graph":[{"@type":"Article","@id":"https:\/\/www.egana60.cl\/index.php\/2024\/07\/17\/sitios-de-la-memoria-respaldan-labor-del-servicio-del-patrimonio-cultural-y-rechazan-criticas-de-casa-jose-domingo-canas\/#article","isPartOf":{"@id":"https:\/\/www.egana60.cl\/index.php\/2024\/07\/17\/sitios-de-la-memoria-respaldan-labor-del-servicio-del-patrimonio-cultural-y-rechazan-criticas-de-casa-jose-domingo-canas\/"},"author":{"name":"admin","@id":"https:\/\/www.egana60.cl\/#\/schema\/person\/784715b941c14e2212873f5180a48eae"},"headline":"Sitios de la memoria respaldan labor del Servicio del Patrimonio Cultural y rechazan cr\u00edticas de Casa Jos\u00e9 Domingo Ca\u00f1as","datePublished":"2024-07-17T13:08:20+00:00","dateModified":"2024-07-17T13:24:44+00:00","mainEntityOfPage":{"@id":"https:\/\/www.egana60.cl\/index.php\/2024\/07\/17\/sitios-de-la-memoria-respaldan-labor-del-servicio-del-patrimonio-cultural-y-rechazan-criticas-de-casa-jose-domingo-canas\/"},"wordCount":983,"commentCount":0,"publisher":{"@id":"https:\/\/www.egana60.cl\/#organization"},"image":{"@id":"https:\/\/www.egana60.cl\/index.php\/2024\/07\/17\/sitios-de-la-memoria-respaldan-labor-del-servicio-del-patrimonio-cultural-y-rechazan-criticas-de-casa-jose-domingo-canas\/#primaryimage"},"thumbnailUrl":"https:\/\/i0.wp.com\/www.egana60.cl\/wp-content\/uploads\/2024\/06\/07-05-2024-Cuarta-Visita-Guiada-AIEP-Carrera-Diseno-Grafico-WA0005.jpg?fit=1600%2C1200&ssl=1","articleSection":["Comunicados"],"inLanguage":"es","potentialAction":[{"@type":"CommentAction","name":"Comment","target":["https:\/\/www.egana60.cl\/index.php\/2024\/07\/17\/sitios-de-la-memoria-respaldan-labor-del-servicio-del-patrimonio-cultural-y-rechazan-criticas-de-casa-jose-domingo-canas\/#respond"]}]},{"@type":"WebPage","@id":"https:\/\/www.egana60.cl\/index.php\/2024\/07\/17\/sitios-de-la-memoria-respaldan-labor-del-servicio-del-patrimonio-cultural-y-rechazan-criticas-de-casa-jose-domingo-canas\/","url":"https:\/\/www.egana60.cl\/index.php\/2024\/07\/17\/sitios-de-la-memoria-respaldan-labor-del-servicio-del-patrimonio-cultural-y-rechazan-criticas-de-casa-jose-domingo-canas\/","name":"Sitios de la memoria respaldan labor del Servicio del Patrimonio Cultural y rechazan cr\u00edticas de Casa Jos\u00e9 Domingo Ca\u00f1as - Ega\u00f1a 60","isPartOf":{"@id":"https:\/\/www.egana60.cl\/#website"},"primaryImageOfPage":{"@id":"https:\/\/www.egana60.cl\/index.php\/2024\/07\/17\/sitios-de-la-memoria-respaldan-labor-del-servicio-del-patrimonio-cultural-y-rechazan-criticas-de-casa-jose-domingo-canas\/#primaryimage"},"image":{"@id":"https:\/\/www.egana60.cl\/index.php\/2024\/07\/17\/sitios-de-la-memoria-respaldan-labor-del-servicio-del-patrimonio-cultural-y-rechazan-criticas-de-casa-jose-domingo-canas\/#primaryimage"},"thumbnailUrl":"https:\/\/i0.wp.com\/www.egana60.cl\/wp-content\/uploads\/2024\/06\/07-05-2024-Cuarta-Visita-Guiada-AIEP-Carrera-Diseno-Grafico-WA0005.jpg?fit=1600%2C1200&ssl=1","datePublished":"2024-07-17T13:08:20+00:00","dateModified":"2024-07-17T13:24:44+00:00","breadcrumb":{"@id":"https:\/\/www.egana60.cl\/index.php\/2024\/07\/17\/sitios-de-la-memoria-respaldan-labor-del-servicio-del-patrimonio-cultural-y-rechazan-criticas-de-casa-jose-domingo-canas\/#breadcrumb"},"inLanguage":"es","potentialAction":[{"@type":"ReadAction","target":["https:\/\/www.egana60.cl\/index.php\/2024\/07\/17\/sitios-de-la-memoria-respaldan-labor-del-servicio-del-patrimonio-cultural-y-rechazan-criticas-de-casa-jose-domingo-canas\/"]}]},{"@type":"ImageObject","inLanguage":"es","@id":"https:\/\/www.egana60.cl\/index.php\/2024\/07\/17\/sitios-de-la-memoria-respaldan-labor-del-servicio-del-patrimonio-cultural-y-rechazan-criticas-de-casa-jose-domingo-canas\/#primaryimage","url":"https:\/\/i0.wp.com\/www.egana60.cl\/wp-content\/uploads\/2024\/06\/07-05-2024-Cuarta-Visita-Guiada-AIEP-Carrera-Diseno-Grafico-WA0005.jpg?fit=1600%2C1200&ssl=1","contentUrl":"https:\/\/i0.wp.com\/www.egana60.cl\/wp-content\/uploads\/2024\/06\/07-05-2024-Cuarta-Visita-Guiada-AIEP-Carrera-Diseno-Grafico-WA0005.jpg?fit=1600%2C1200&ssl=1","width":1600,"height":1200},{"@type":"BreadcrumbList","@id":"https:\/\/www.egana60.cl\/index.php\/2024\/07\/17\/sitios-de-la-memoria-respaldan-labor-del-servicio-del-patrimonio-cultural-y-rechazan-criticas-de-casa-jose-domingo-canas\/#breadcrumb","itemListElement":[{"@type":"ListItem","position":1,"name":"Portada","item":"https:\/\/www.egana60.cl\/"},{"@type":"ListItem","position":2,"name":"Sitios de la memoria respaldan labor del Servicio del Patrimonio Cultural y rechazan cr\u00edticas de Casa Jos\u00e9 Domingo Ca\u00f1as"}]},{"@type":"WebSite","@id":"https:\/\/www.egana60.cl\/#website","url":"https:\/\/www.egana60.cl\/","name":"Ega\u00f1a 60","description":"Sitios de Memoria","publisher":{"@id":"https:\/\/www.egana60.cl\/#organization"},"potentialAction":[{"@type":"SearchAction","target":{"@type":"EntryPoint","urlTemplate":"https:\/\/www.egana60.cl\/?s={search_term_string}"},"query-input":{"@type":"PropertyValueSpecification","valueRequired":true,"valueName":"search_term_string"}}],"inLanguage":"es"},{"@type":"Organization","@id":"https:\/\/www.egana60.cl\/#organization","name":"Coorporac\u00f3n Ega\u00f1a 60","url":"https:\/\/www.egana60.cl\/","logo":{"@type":"ImageObject","inLanguage":"es","@id":"https:\/\/www.egana60.cl\/#\/schema\/logo\/image\/","url":"https:\/\/www.egana60.cl\/wp-content\/uploads\/2023\/12\/logo2-e1701438723519.png","contentUrl":"https:\/\/www.egana60.cl\/wp-content\/uploads\/2023\/12\/logo2-e1701438723519.png","width":80,"height":80,"caption":"Coorporac\u00f3n Ega\u00f1a 60"},"image":{"@id":"https:\/\/www.egana60.cl\/#\/schema\/logo\/image\/"},"sameAs":["https:\/\/web.facebook.com\/egana60"]},{"@type":"Person","@id":"https:\/\/www.egana60.cl\/#\/schema\/person\/784715b941c14e2212873f5180a48eae","name":"admin","image":{"@type":"ImageObject","inLanguage":"es","@id":"https:\/\/www.egana60.cl\/#\/schema\/person\/image\/","url":"https:\/\/secure.gravatar.com\/avatar\/aac9c7787e0ed8cbfe7d7e1ca66cc8241d79adcb301a80ad91e062a2d22e69e7?s=96&d=mm&r=g","contentUrl":"https:\/\/secure.gravatar.com\/avatar\/aac9c7787e0ed8cbfe7d7e1ca66cc8241d79adcb301a80ad91e062a2d22e69e7?s=96&d=mm&r=g","caption":"admin"},"sameAs":["https:\/\/egana60.cl","https:\/\/x.com\/egana"],"url":"https:\/\/www.egana60.cl\/index.php\/author\/egana\/"}]}},"jetpack_featured_media_url":"https:\/\/i0.wp.com\/www.egana60.cl\/wp-content\/uploads\/2024\/06\/07-05-2024-Cuarta-Visita-Guiada-AIEP-Carrera-Diseno-Grafico-WA0005.jpg?fit=1600%2C1200&ssl=1","jetpack_sharing_enabled":true,"_links":{"self":[{"href":"https:\/\/www.egana60.cl\/index.php\/wp-json\/wp\/v2\/posts\/1856","targetHints":{"allow":["GET"]}}],"collection":[{"href":"https:\/\/www.egana60.cl\/index.php\/wp-json\/wp\/v2\/posts"}],"about":[{"href":"https:\/\/www.egana60.cl\/index.php\/wp-json\/wp\/v2\/types\/post"}],"author":[{"embeddable":true,"href":"https:\/\/www.egana60.cl\/index.php\/wp-json\/wp\/v2\/users\/1"}],"replies":[{"embeddable":true,"href":"https:\/\/www.egana60.cl\/index.php\/wp-json\/wp\/v2\/comments?post=1856"}],"version-history":[{"count":4,"href":"https:\/\/www.egana60.cl\/index.php\/wp-json\/wp\/v2\/posts\/1856\/revisions"}],"predecessor-version":[{"id":1916,"href":"https:\/\/www.egana60.cl\/index.php\/wp-json\/wp\/v2\/posts\/1856\/revisions\/1916"}],"wp:featuredmedia":[{"embeddable":true,"href":"https:\/\/www.egana60.cl\/index.php\/wp-json\/wp\/v2\/media\/1686"}],"wp:attachment":[{"href":"https:\/\/www.egana60.cl\/index.php\/wp-json\/wp\/v2\/media?parent=1856"}],"wp:term":[{"taxonomy":"category","embeddable":true,"href":"https:\/\/www.egana60.cl\/index.php\/wp-json\/wp\/v2\/categories?post=1856"},{"taxonomy":"post_tag","embeddable":true,"href":"https:\/\/www.egana60.cl\/index.php\/wp-json\/wp\/v2\/tags?post=1856"}],"curies":[{"name":"wp","href":"https:\/\/api.w.org\/{rel}","templated":true}]}}