{"id":2360,"date":"2024-08-21T20:11:38","date_gmt":"2024-08-21T20:11:38","guid":{"rendered":"https:\/\/www.egana60.cl\/?p=2360"},"modified":"2024-08-21T23:43:34","modified_gmt":"2024-08-21T23:43:34","slug":"relatos-de-horror-y-resistencia-a-50-anos-del-golpe-en-chile","status":"publish","type":"post","link":"https:\/\/www.egana60.cl\/index.php\/2024\/08\/21\/relatos-de-horror-y-resistencia-a-50-anos-del-golpe-en-chile\/","title":{"rendered":"Relatos de Horror y Resistencia a 50 A\u00f1os del Golpe en Chile"},"content":{"rendered":"<p>En el umbral del recuerdo, a medio siglo del golpe militar en Chile, \u00abA 50 A\u00f1os del Golpe Civil Militar: Relatos sobre la Dictadura\u00bb emerge como una obra imprescindible para comprender la magnitud de las violaciones a los derechos humanos perpetradas durante la dictadura de Pinochet. Este libro, compilado por Alejandra Falabella, Roberto Pizarro Larrea y Andrea Ruffinelli, es un testimonio v\u00edvido y desgarrador de las atrocidades que miles de chilenos y chilenas vivieron, marcando generaciones enteras con cicatrices que a\u00fan laten en el alma de la naci\u00f3n.<\/p>\n<p>El sitio de la Memoria Ega\u00f1a 60 en Puerto Montt se une al esfuerzo de mantener vivo este doloroso pasado, no solo para honrar a las v\u00edctimas, sino tambi\u00e9n para evitar que la historia se repita. Los relatos presentados en esta obra son fragmentos de vivencias que resuenan con el horror del silencio forzado, la censura asfixiante y la solidaridad que, en muchos casos, cost\u00f3 la vida de quienes se atrevieron a desafiar el miedo.<\/p>\n<p>El libro est\u00e1 organizado en siete secciones que abarcan desde los eventos del 11 de septiembre de 1973 hasta las experiencias de los ni\u00f1os y adolescentes que crecieron bajo el yugo de la dictadura. Cada relato es una ventana a la vida cotidiana bajo el r\u00e9gimen, una vida donde el terror y la muerte arbitraria eran una constante, y donde la violencia al margen de la ley se convirti\u00f3 en una oscura normalidad.<\/p>\n<p>Los relatos de \u00abA 50 A\u00f1os del Golpe Civil Militar\u00bb no son solo una denuncia, sino un llamado urgente a la memoria colectiva. En un momento donde el negacionismo amenaza con borrar estas dolorosas verdades, este libro se erige como un faro de resistencia, record\u00e1ndonos la importancia de recordar, de contar y de no permitir que el olvido borre las huellas del sufrimiento de un pueblo entero.<\/p>\n<p>El sitio de la Memoria Ega\u00f1a 60 acoge este libro como una herramienta educativa y conmemorativa, una pieza clave en la lucha por los derechos humanos en Chile y un testimonio necesario para las nuevas generaciones. Porque, como reza uno de los relatos, \u00abDe momento solo prefiero pensar que sus voces nunca se van a apagar. Y que todas sus historias siempre, siempre vivir\u00e1n\u00bb.<\/p>\n<p>Descargar Libro<em><span style=\"color: #0000ff;\"> <a style=\"color: #0000ff;\" href=\"https:\/\/www.egana60.cl\/wp-content\/uploads\/2024\/08\/A.50.Anos_.Relatos.pdf\" target=\"_blank\" rel=\"noopener\">A Los 50 A\u00f1os Del Golpe Civil y Militar<\/a><\/span><\/em><\/p>\n","protected":false},"excerpt":{"rendered":"<p>En el umbral del recuerdo, a medio siglo del golpe [&hellip;]<\/p>\n","protected":false},"author":1,"featured_media":2367,"comment_status":"open","ping_status":"open","sticky":false,"template":"","format":"standard","meta":{"_jetpack_memberships_contains_paid_content":false,"footnotes":""},"categories":[17,22],"tags":[],"class_list":["post-2360","post","type-post","status-publish","format-standard","has-post-thumbnail","hentry","category-comunicados","category-lectura"],"yoast_head":"<!-- This site is optimized with the Yoast SEO plugin v25.3 - https:\/\/yoast.com\/wordpress\/plugins\/seo\/ -->\n<title>Relatos de Horror y Resistencia a 50 A\u00f1os del Golpe en Chile - Ega\u00f1a 60<\/title>\n<meta name=\"robots\" content=\"index, follow, max-snippet:-1, max-image-preview:large, max-video-preview:-1\" \/>\n<link rel=\"canonical\" href=\"https:\/\/www.egana60.cl\/index.php\/2024\/08\/21\/relatos-de-horror-y-resistencia-a-50-anos-del-golpe-en-chile\/\" \/>\n<meta property=\"og:locale\" content=\"es_ES\" \/>\n<meta property=\"og:type\" content=\"article\" \/>\n<meta property=\"og:title\" content=\"Relatos de Horror y Resistencia a 50 A\u00f1os del Golpe en Chile - Ega\u00f1a 60\" \/>\n<meta property=\"og:description\" content=\"En el umbral del recuerdo, a medio siglo del golpe [&hellip;]\" \/>\n<meta property=\"og:url\" content=\"https:\/\/www.egana60.cl\/index.php\/2024\/08\/21\/relatos-de-horror-y-resistencia-a-50-anos-del-golpe-en-chile\/\" \/>\n<meta property=\"og:site_name\" content=\"Ega\u00f1a 60\" \/>\n<meta property=\"article:publisher\" content=\"https:\/\/web.facebook.com\/egana60\" \/>\n<meta property=\"article:published_time\" content=\"2024-08-21T20:11:38+00:00\" \/>\n<meta property=\"article:modified_time\" content=\"2024-08-21T23:43:34+00:00\" \/>\n<meta property=\"og:image\" content=\"https:\/\/www.egana60.cl\/wp-content\/uploads\/2024\/08\/A.50.Anos_.Relatos-1-1.jpg\" \/>\n\t<meta property=\"og:image:width\" content=\"801\" \/>\n\t<meta property=\"og:image:height\" content=\"538\" \/>\n\t<meta property=\"og:image:type\" content=\"image\/jpeg\" \/>\n<meta name=\"author\" content=\"admin\" \/>\n<meta name=\"twitter:card\" content=\"summary_large_image\" \/>\n<meta name=\"twitter:creator\" content=\"@egana\" \/>\n<meta name=\"twitter:label1\" content=\"Escrito por\" \/>\n\t<meta name=\"twitter:data1\" content=\"admin\" \/>\n\t<meta name=\"twitter:label2\" content=\"Tiempo de lectura\" \/>\n\t<meta name=\"twitter:data2\" content=\"2 minutos\" \/>\n<script type=\"application\/ld+json\" class=\"yoast-schema-graph\">{\"@context\":\"https:\/\/schema.org\",\"@graph\":[{\"@type\":\"Article\",\"@id\":\"https:\/\/www.egana60.cl\/index.php\/2024\/08\/21\/relatos-de-horror-y-resistencia-a-50-anos-del-golpe-en-chile\/#article\",\"isPartOf\":{\"@id\":\"https:\/\/www.egana60.cl\/index.php\/2024\/08\/21\/relatos-de-horror-y-resistencia-a-50-anos-del-golpe-en-chile\/\"},\"author\":{\"name\":\"admin\",\"@id\":\"https:\/\/www.egana60.cl\/#\/schema\/person\/784715b941c14e2212873f5180a48eae\"},\"headline\":\"Relatos de Horror y Resistencia a 50 A\u00f1os del Golpe en Chile\",\"datePublished\":\"2024-08-21T20:11:38+00:00\",\"dateModified\":\"2024-08-21T23:43:34+00:00\",\"mainEntityOfPage\":{\"@id\":\"https:\/\/www.egana60.cl\/index.php\/2024\/08\/21\/relatos-de-horror-y-resistencia-a-50-anos-del-golpe-en-chile\/\"},\"wordCount\":397,\"commentCount\":0,\"publisher\":{\"@id\":\"https:\/\/www.egana60.cl\/#organization\"},\"image\":{\"@id\":\"https:\/\/www.egana60.cl\/index.php\/2024\/08\/21\/relatos-de-horror-y-resistencia-a-50-anos-del-golpe-en-chile\/#primaryimage\"},\"thumbnailUrl\":\"https:\/\/i0.wp.com\/www.egana60.cl\/wp-content\/uploads\/2024\/08\/A.50.Anos_.Relatos-1-1.jpg?fit=801%2C538&ssl=1\",\"articleSection\":[\"Comunicados\",\"Lectura\"],\"inLanguage\":\"es\",\"potentialAction\":[{\"@type\":\"CommentAction\",\"name\":\"Comment\",\"target\":[\"https:\/\/www.egana60.cl\/index.php\/2024\/08\/21\/relatos-de-horror-y-resistencia-a-50-anos-del-golpe-en-chile\/#respond\"]}]},{\"@type\":\"WebPage\",\"@id\":\"https:\/\/www.egana60.cl\/index.php\/2024\/08\/21\/relatos-de-horror-y-resistencia-a-50-anos-del-golpe-en-chile\/\",\"url\":\"https:\/\/www.egana60.cl\/index.php\/2024\/08\/21\/relatos-de-horror-y-resistencia-a-50-anos-del-golpe-en-chile\/\",\"name\":\"Relatos de Horror y Resistencia a 50 A\u00f1os del Golpe en Chile - Ega\u00f1a 60\",\"isPartOf\":{\"@id\":\"https:\/\/www.egana60.cl\/#website\"},\"primaryImageOfPage\":{\"@id\":\"https:\/\/www.egana60.cl\/index.php\/2024\/08\/21\/relatos-de-horror-y-resistencia-a-50-anos-del-golpe-en-chile\/#primaryimage\"},\"image\":{\"@id\":\"https:\/\/www.egana60.cl\/index.php\/2024\/08\/21\/relatos-de-horror-y-resistencia-a-50-anos-del-golpe-en-chile\/#primaryimage\"},\"thumbnailUrl\":\"https:\/\/i0.wp.com\/www.egana60.cl\/wp-content\/uploads\/2024\/08\/A.50.Anos_.Relatos-1-1.jpg?fit=801%2C538&ssl=1\",\"datePublished\":\"2024-08-21T20:11:38+00:00\",\"dateModified\":\"2024-08-21T23:43:34+00:00\",\"breadcrumb\":{\"@id\":\"https:\/\/www.egana60.cl\/index.php\/2024\/08\/21\/relatos-de-horror-y-resistencia-a-50-anos-del-golpe-en-chile\/#breadcrumb\"},\"inLanguage\":\"es\",\"potentialAction\":[{\"@type\":\"ReadAction\",\"target\":[\"https:\/\/www.egana60.cl\/index.php\/2024\/08\/21\/relatos-de-horror-y-resistencia-a-50-anos-del-golpe-en-chile\/\"]}]},{\"@type\":\"ImageObject\",\"inLanguage\":\"es\",\"@id\":\"https:\/\/www.egana60.cl\/index.php\/2024\/08\/21\/relatos-de-horror-y-resistencia-a-50-anos-del-golpe-en-chile\/#primaryimage\",\"url\":\"https:\/\/i0.wp.com\/www.egana60.cl\/wp-content\/uploads\/2024\/08\/A.50.Anos_.Relatos-1-1.jpg?fit=801%2C538&ssl=1\",\"contentUrl\":\"https:\/\/i0.wp.com\/www.egana60.cl\/wp-content\/uploads\/2024\/08\/A.50.Anos_.Relatos-1-1.jpg?fit=801%2C538&ssl=1\",\"width\":801,\"height\":538},{\"@type\":\"BreadcrumbList\",\"@id\":\"https:\/\/www.egana60.cl\/index.php\/2024\/08\/21\/relatos-de-horror-y-resistencia-a-50-anos-del-golpe-en-chile\/#breadcrumb\",\"itemListElement\":[{\"@type\":\"ListItem\",\"position\":1,\"name\":\"Portada\",\"item\":\"https:\/\/www.egana60.cl\/\"},{\"@type\":\"ListItem\",\"position\":2,\"name\":\"Relatos de Horror y Resistencia a 50 A\u00f1os del Golpe en Chile\"}]},{\"@type\":\"WebSite\",\"@id\":\"https:\/\/www.egana60.cl\/#website\",\"url\":\"https:\/\/www.egana60.cl\/\",\"name\":\"Ega\u00f1a 60\",\"description\":\"Sitios de Memoria\",\"publisher\":{\"@id\":\"https:\/\/www.egana60.cl\/#organization\"},\"potentialAction\":[{\"@type\":\"SearchAction\",\"target\":{\"@type\":\"EntryPoint\",\"urlTemplate\":\"https:\/\/www.egana60.cl\/?s={search_term_string}\"},\"query-input\":{\"@type\":\"PropertyValueSpecification\",\"valueRequired\":true,\"valueName\":\"search_term_string\"}}],\"inLanguage\":\"es\"},{\"@type\":\"Organization\",\"@id\":\"https:\/\/www.egana60.cl\/#organization\",\"name\":\"Coorporac\u00f3n Ega\u00f1a 60\",\"url\":\"https:\/\/www.egana60.cl\/\",\"logo\":{\"@type\":\"ImageObject\",\"inLanguage\":\"es\",\"@id\":\"https:\/\/www.egana60.cl\/#\/schema\/logo\/image\/\",\"url\":\"https:\/\/www.egana60.cl\/wp-content\/uploads\/2023\/12\/logo2-e1701438723519.png\",\"contentUrl\":\"https:\/\/www.egana60.cl\/wp-content\/uploads\/2023\/12\/logo2-e1701438723519.png\",\"width\":80,\"height\":80,\"caption\":\"Coorporac\u00f3n Ega\u00f1a 60\"},\"image\":{\"@id\":\"https:\/\/www.egana60.cl\/#\/schema\/logo\/image\/\"},\"sameAs\":[\"https:\/\/web.facebook.com\/egana60\"]},{\"@type\":\"Person\",\"@id\":\"https:\/\/www.egana60.cl\/#\/schema\/person\/784715b941c14e2212873f5180a48eae\",\"name\":\"admin\",\"image\":{\"@type\":\"ImageObject\",\"inLanguage\":\"es\",\"@id\":\"https:\/\/www.egana60.cl\/#\/schema\/person\/image\/\",\"url\":\"https:\/\/secure.gravatar.com\/avatar\/aac9c7787e0ed8cbfe7d7e1ca66cc8241d79adcb301a80ad91e062a2d22e69e7?s=96&d=mm&r=g\",\"contentUrl\":\"https:\/\/secure.gravatar.com\/avatar\/aac9c7787e0ed8cbfe7d7e1ca66cc8241d79adcb301a80ad91e062a2d22e69e7?s=96&d=mm&r=g\",\"caption\":\"admin\"},\"sameAs\":[\"https:\/\/egana60.cl\",\"https:\/\/x.com\/egana\"],\"url\":\"https:\/\/www.egana60.cl\/index.php\/author\/egana\/\"}]}<\/script>\n<!-- \/ Yoast SEO plugin. -->","yoast_head_json":{"title":"Relatos de Horror y Resistencia a 50 A\u00f1os del Golpe en Chile - Ega\u00f1a 60","robots":{"index":"index","follow":"follow","max-snippet":"max-snippet:-1","max-image-preview":"max-image-preview:large","max-video-preview":"max-video-preview:-1"},"canonical":"https:\/\/www.egana60.cl\/index.php\/2024\/08\/21\/relatos-de-horror-y-resistencia-a-50-anos-del-golpe-en-chile\/","og_locale":"es_ES","og_type":"article","og_title":"Relatos de Horror y Resistencia a 50 A\u00f1os del Golpe en Chile - Ega\u00f1a 60","og_description":"En el umbral del recuerdo, a medio siglo del golpe [&hellip;]","og_url":"https:\/\/www.egana60.cl\/index.php\/2024\/08\/21\/relatos-de-horror-y-resistencia-a-50-anos-del-golpe-en-chile\/","og_site_name":"Ega\u00f1a 60","article_publisher":"https:\/\/web.facebook.com\/egana60","article_published_time":"2024-08-21T20:11:38+00:00","article_modified_time":"2024-08-21T23:43:34+00:00","og_image":[{"width":801,"height":538,"url":"https:\/\/www.egana60.cl\/wp-content\/uploads\/2024\/08\/A.50.Anos_.Relatos-1-1.jpg","type":"image\/jpeg"}],"author":"admin","twitter_card":"summary_large_image","twitter_creator":"@egana","twitter_misc":{"Escrito por":"admin","Tiempo de lectura":"2 minutos"},"schema":{"@context":"https:\/\/schema.org","@graph":[{"@type":"Article","@id":"https:\/\/www.egana60.cl\/index.php\/2024\/08\/21\/relatos-de-horror-y-resistencia-a-50-anos-del-golpe-en-chile\/#article","isPartOf":{"@id":"https:\/\/www.egana60.cl\/index.php\/2024\/08\/21\/relatos-de-horror-y-resistencia-a-50-anos-del-golpe-en-chile\/"},"author":{"name":"admin","@id":"https:\/\/www.egana60.cl\/#\/schema\/person\/784715b941c14e2212873f5180a48eae"},"headline":"Relatos de Horror y Resistencia a 50 A\u00f1os del Golpe en Chile","datePublished":"2024-08-21T20:11:38+00:00","dateModified":"2024-08-21T23:43:34+00:00","mainEntityOfPage":{"@id":"https:\/\/www.egana60.cl\/index.php\/2024\/08\/21\/relatos-de-horror-y-resistencia-a-50-anos-del-golpe-en-chile\/"},"wordCount":397,"commentCount":0,"publisher":{"@id":"https:\/\/www.egana60.cl\/#organization"},"image":{"@id":"https:\/\/www.egana60.cl\/index.php\/2024\/08\/21\/relatos-de-horror-y-resistencia-a-50-anos-del-golpe-en-chile\/#primaryimage"},"thumbnailUrl":"https:\/\/i0.wp.com\/www.egana60.cl\/wp-content\/uploads\/2024\/08\/A.50.Anos_.Relatos-1-1.jpg?fit=801%2C538&ssl=1","articleSection":["Comunicados","Lectura"],"inLanguage":"es","potentialAction":[{"@type":"CommentAction","name":"Comment","target":["https:\/\/www.egana60.cl\/index.php\/2024\/08\/21\/relatos-de-horror-y-resistencia-a-50-anos-del-golpe-en-chile\/#respond"]}]},{"@type":"WebPage","@id":"https:\/\/www.egana60.cl\/index.php\/2024\/08\/21\/relatos-de-horror-y-resistencia-a-50-anos-del-golpe-en-chile\/","url":"https:\/\/www.egana60.cl\/index.php\/2024\/08\/21\/relatos-de-horror-y-resistencia-a-50-anos-del-golpe-en-chile\/","name":"Relatos de Horror y Resistencia a 50 A\u00f1os del Golpe en Chile - Ega\u00f1a 60","isPartOf":{"@id":"https:\/\/www.egana60.cl\/#website"},"primaryImageOfPage":{"@id":"https:\/\/www.egana60.cl\/index.php\/2024\/08\/21\/relatos-de-horror-y-resistencia-a-50-anos-del-golpe-en-chile\/#primaryimage"},"image":{"@id":"https:\/\/www.egana60.cl\/index.php\/2024\/08\/21\/relatos-de-horror-y-resistencia-a-50-anos-del-golpe-en-chile\/#primaryimage"},"thumbnailUrl":"https:\/\/i0.wp.com\/www.egana60.cl\/wp-content\/uploads\/2024\/08\/A.50.Anos_.Relatos-1-1.jpg?fit=801%2C538&ssl=1","datePublished":"2024-08-21T20:11:38+00:00","dateModified":"2024-08-21T23:43:34+00:00","breadcrumb":{"@id":"https:\/\/www.egana60.cl\/index.php\/2024\/08\/21\/relatos-de-horror-y-resistencia-a-50-anos-del-golpe-en-chile\/#breadcrumb"},"inLanguage":"es","potentialAction":[{"@type":"ReadAction","target":["https:\/\/www.egana60.cl\/index.php\/2024\/08\/21\/relatos-de-horror-y-resistencia-a-50-anos-del-golpe-en-chile\/"]}]},{"@type":"ImageObject","inLanguage":"es","@id":"https:\/\/www.egana60.cl\/index.php\/2024\/08\/21\/relatos-de-horror-y-resistencia-a-50-anos-del-golpe-en-chile\/#primaryimage","url":"https:\/\/i0.wp.com\/www.egana60.cl\/wp-content\/uploads\/2024\/08\/A.50.Anos_.Relatos-1-1.jpg?fit=801%2C538&ssl=1","contentUrl":"https:\/\/i0.wp.com\/www.egana60.cl\/wp-content\/uploads\/2024\/08\/A.50.Anos_.Relatos-1-1.jpg?fit=801%2C538&ssl=1","width":801,"height":538},{"@type":"BreadcrumbList","@id":"https:\/\/www.egana60.cl\/index.php\/2024\/08\/21\/relatos-de-horror-y-resistencia-a-50-anos-del-golpe-en-chile\/#breadcrumb","itemListElement":[{"@type":"ListItem","position":1,"name":"Portada","item":"https:\/\/www.egana60.cl\/"},{"@type":"ListItem","position":2,"name":"Relatos de Horror y Resistencia a 50 A\u00f1os del Golpe en Chile"}]},{"@type":"WebSite","@id":"https:\/\/www.egana60.cl\/#website","url":"https:\/\/www.egana60.cl\/","name":"Ega\u00f1a 60","description":"Sitios de Memoria","publisher":{"@id":"https:\/\/www.egana60.cl\/#organization"},"potentialAction":[{"@type":"SearchAction","target":{"@type":"EntryPoint","urlTemplate":"https:\/\/www.egana60.cl\/?s={search_term_string}"},"query-input":{"@type":"PropertyValueSpecification","valueRequired":true,"valueName":"search_term_string"}}],"inLanguage":"es"},{"@type":"Organization","@id":"https:\/\/www.egana60.cl\/#organization","name":"Coorporac\u00f3n Ega\u00f1a 60","url":"https:\/\/www.egana60.cl\/","logo":{"@type":"ImageObject","inLanguage":"es","@id":"https:\/\/www.egana60.cl\/#\/schema\/logo\/image\/","url":"https:\/\/www.egana60.cl\/wp-content\/uploads\/2023\/12\/logo2-e1701438723519.png","contentUrl":"https:\/\/www.egana60.cl\/wp-content\/uploads\/2023\/12\/logo2-e1701438723519.png","width":80,"height":80,"caption":"Coorporac\u00f3n Ega\u00f1a 60"},"image":{"@id":"https:\/\/www.egana60.cl\/#\/schema\/logo\/image\/"},"sameAs":["https:\/\/web.facebook.com\/egana60"]},{"@type":"Person","@id":"https:\/\/www.egana60.cl\/#\/schema\/person\/784715b941c14e2212873f5180a48eae","name":"admin","image":{"@type":"ImageObject","inLanguage":"es","@id":"https:\/\/www.egana60.cl\/#\/schema\/person\/image\/","url":"https:\/\/secure.gravatar.com\/avatar\/aac9c7787e0ed8cbfe7d7e1ca66cc8241d79adcb301a80ad91e062a2d22e69e7?s=96&d=mm&r=g","contentUrl":"https:\/\/secure.gravatar.com\/avatar\/aac9c7787e0ed8cbfe7d7e1ca66cc8241d79adcb301a80ad91e062a2d22e69e7?s=96&d=mm&r=g","caption":"admin"},"sameAs":["https:\/\/egana60.cl","https:\/\/x.com\/egana"],"url":"https:\/\/www.egana60.cl\/index.php\/author\/egana\/"}]}},"jetpack_featured_media_url":"https:\/\/i0.wp.com\/www.egana60.cl\/wp-content\/uploads\/2024\/08\/A.50.Anos_.Relatos-1-1.jpg?fit=801%2C538&ssl=1","jetpack_sharing_enabled":true,"_links":{"self":[{"href":"https:\/\/www.egana60.cl\/index.php\/wp-json\/wp\/v2\/posts\/2360","targetHints":{"allow":["GET"]}}],"collection":[{"href":"https:\/\/www.egana60.cl\/index.php\/wp-json\/wp\/v2\/posts"}],"about":[{"href":"https:\/\/www.egana60.cl\/index.php\/wp-json\/wp\/v2\/types\/post"}],"author":[{"embeddable":true,"href":"https:\/\/www.egana60.cl\/index.php\/wp-json\/wp\/v2\/users\/1"}],"replies":[{"embeddable":true,"href":"https:\/\/www.egana60.cl\/index.php\/wp-json\/wp\/v2\/comments?post=2360"}],"version-history":[{"count":5,"href":"https:\/\/www.egana60.cl\/index.php\/wp-json\/wp\/v2\/posts\/2360\/revisions"}],"predecessor-version":[{"id":2373,"href":"https:\/\/www.egana60.cl\/index.php\/wp-json\/wp\/v2\/posts\/2360\/revisions\/2373"}],"wp:featuredmedia":[{"embeddable":true,"href":"https:\/\/www.egana60.cl\/index.php\/wp-json\/wp\/v2\/media\/2367"}],"wp:attachment":[{"href":"https:\/\/www.egana60.cl\/index.php\/wp-json\/wp\/v2\/media?parent=2360"}],"wp:term":[{"taxonomy":"category","embeddable":true,"href":"https:\/\/www.egana60.cl\/index.php\/wp-json\/wp\/v2\/categories?post=2360"},{"taxonomy":"post_tag","embeddable":true,"href":"https:\/\/www.egana60.cl\/index.php\/wp-json\/wp\/v2\/tags?post=2360"}],"curies":[{"name":"wp","href":"https:\/\/api.w.org\/{rel}","templated":true}]}}