{"id":2598,"date":"2024-09-08T02:25:17","date_gmt":"2024-09-08T02:25:17","guid":{"rendered":"https:\/\/www.egana60.cl\/?p=2598"},"modified":"2024-09-08T02:44:25","modified_gmt":"2024-09-08T02:44:25","slug":"presentacion-libro-sobre-crimenes-de-lesa-humanidad-en-la-uach","status":"publish","type":"post","link":"https:\/\/www.egana60.cl\/index.php\/2024\/09\/08\/presentacion-libro-sobre-crimenes-de-lesa-humanidad-en-la-uach\/","title":{"rendered":"Presentaci\u00f3n Libro sobre Cr\u00edmenes de Lesa Humanidad en la UACh"},"content":{"rendered":"<h3>Presentaci\u00f3n del Libro:<\/h3>\n<p><strong>La Circunstancia Agravante del Art\u00edculo 12 N\u00b0 8 del C\u00f3digo Penal y su (In)aplicaci\u00f3n en Causas sobre Cr\u00edmenes de Lesa Humanidad<\/strong><br \/>\n<em>Un an\u00e1lisis de la jurisprudencia chilena (1993-2020)<\/em><\/p>\n<p>El pr\u00f3ximo 10 de septiembre, en el Auditorio de la Escuela de Derecho de la Universidad Austral de Chile (UACh), campus Pelluco en Puerto Montt, se llevar\u00e1 a cabo la presentaci\u00f3n del libro <strong>\u00abLa Circunstancia Agravante del Art\u00edculo 12 N\u00b0 8 del C\u00f3digo Penal y su (In)aplicaci\u00f3n en Causas sobre Cr\u00edmenes de Lesa Humanidad. Un an\u00e1lisis de la jurisprudencia chilena (1993-2020)\u00bb<\/strong>. Esta obra, escrita por <strong>Francisco Bustos<\/strong>, abogado y m\u00e1ster en Derecho, ofrece un estudio detallado sobre la aplicaci\u00f3n de esta circunstancia agravante en cr\u00edmenes de lesa humanidad a lo largo de las \u00faltimas d\u00e9cadas en Chile.<\/p>\n<p><img data-recalc-dims=\"1\" decoding=\"async\" class=\"lazyload size-full wp-image-2606 alignnone\" src=\"https:\/\/i0.wp.com\/www.egana60.cl\/wp-content\/uploads\/2024\/09\/bustosb.jpg?resize=250%2C223&#038;ssl=1\" data-orig-src=\"https:\/\/www.egana60.cl\/wp-content\/uploads\/2024\/09\/bustosb.jpg\" alt=\"\" width=\"250\" height=\"223\" srcset=\"data:image\/svg+xml,%3Csvg%20xmlns%3D%27http%3A%2F%2Fwww.w3.org%2F2000%2Fsvg%27%20width%3D%27250%27%20height%3D%27223%27%20viewBox%3D%270%200%20250%20223%27%3E%3Crect%20width%3D%27250%27%20height%3D%27223%27%20fill-opacity%3D%220%22%2F%3E%3C%2Fsvg%3E\" data-srcset=\"https:\/\/i0.wp.com\/www.egana60.cl\/wp-content\/uploads\/2024\/09\/bustosb.jpg?resize=200%2C178&amp;ssl=1 200w, https:\/\/i0.wp.com\/www.egana60.cl\/wp-content\/uploads\/2024\/09\/bustosb.jpg?w=250&amp;ssl=1 250w\" data-sizes=\"auto\" data-orig-sizes=\"(max-width: 250px) 100vw, 250px\" \/> <img data-recalc-dims=\"1\" decoding=\"async\" class=\"lazyload alignnone  wp-image-2604\" src=\"https:\/\/i0.wp.com\/www.egana60.cl\/wp-content\/uploads\/2024\/09\/Captura-de-pantalla-de-2024-09-07-22-32-07.png?resize=131%2C184&#038;ssl=1\" data-orig-src=\"https:\/\/www.egana60.cl\/wp-content\/uploads\/2024\/09\/Captura-de-pantalla-de-2024-09-07-22-32-07.png\" alt=\"\" width=\"131\" height=\"184\" srcset=\"data:image\/svg+xml,%3Csvg%20xmlns%3D%27http%3A%2F%2Fwww.w3.org%2F2000%2Fsvg%27%20width%3D%27131%27%20height%3D%27184%27%20viewBox%3D%270%200%20131%20184%27%3E%3Crect%20width%3D%27131%27%20height%3D%27184%27%20fill-opacity%3D%220%22%2F%3E%3C%2Fsvg%3E\" data-srcset=\"https:\/\/i0.wp.com\/www.egana60.cl\/wp-content\/uploads\/2024\/09\/Captura-de-pantalla-de-2024-09-07-22-32-07.png?resize=200%2C280&amp;ssl=1 200w, https:\/\/i0.wp.com\/www.egana60.cl\/wp-content\/uploads\/2024\/09\/Captura-de-pantalla-de-2024-09-07-22-32-07.png?resize=214%2C300&amp;ssl=1 214w, https:\/\/i0.wp.com\/www.egana60.cl\/wp-content\/uploads\/2024\/09\/Captura-de-pantalla-de-2024-09-07-22-32-07.png?resize=400%2C561&amp;ssl=1 400w, https:\/\/i0.wp.com\/www.egana60.cl\/wp-content\/uploads\/2024\/09\/Captura-de-pantalla-de-2024-09-07-22-32-07.png?w=522&amp;ssl=1 522w\" data-sizes=\"auto\" data-orig-sizes=\"(max-width: 131px) 100vw, 131px\" \/><\/p>\n<h3>Resumen del libro<\/h3>\n<p>La obra parte de un extenso y meticuloso an\u00e1lisis acad\u00e9mico que tiene sus or\u00edgenes en los estudios de Francisco Bustos para su tesis de Mag\u00edster en Derecho en la Universidad de Chile. El libro documenta la aplicaci\u00f3n de la circunstancia agravante del art\u00edculo 12 N\u00b0 8 del C\u00f3digo Penal chileno, la cual se refiere al hecho de que el culpable se prevale del car\u00e1cter p\u00fablico de su cargo para cometer cr\u00edmenes de lesa humanidad durante la dictadura chilena.<\/p>\n<p>El autor hace un estudio exhaustivo de los casos en los que esta agravante ha sido aplicada o desestimada en sentencias penales entre 1993 y 2020, abordando las razones detr\u00e1s de estas decisiones judiciales. La obra se convierte en una referencia fundamental para comprender c\u00f3mo se ha fundado la aplicaci\u00f3n de esta agravante y las repercusiones que ello tiene sobre la memoria hist\u00f3rica y la justicia transicional en Chile.<\/p>\n<h3>Temas Clave del Libro<\/h3>\n<p>Entre los temas que Francisco Bustos desarrolla en su libro, se destacan:<\/p>\n<ul>\n<li><strong>Cap\u00edtulo I:<\/strong> Se aborda el marco general de las circunstancias modificatorias de responsabilidad criminal en el derecho chileno e internacional, haciendo especial hincapi\u00e9 en la agravante del art\u00edculo 12 N\u00b0 8 del C\u00f3digo Penal chileno.<\/li>\n<li><strong>Cap\u00edtulo II:<\/strong> El autor analiza la prohibici\u00f3n de doble valoraci\u00f3n en el derecho chileno e internacional, en relaci\u00f3n con la aplicaci\u00f3n de esta circunstancia agravante.<\/li>\n<li><strong>Cap\u00edtulo III:<\/strong> Un detallado estudio de los fallos de los tribunales superiores de justicia de Chile entre 1993 y 2020, destacando los argumentos para la aceptaci\u00f3n o rechazo de la agravante en casos de cr\u00edmenes de lesa humanidad.<\/li>\n<li><strong>Cap\u00edtulo IV:<\/strong> El an\u00e1lisis cr\u00edtico de los argumentos presentados por los tribunales para excluir la aplicaci\u00f3n de la agravante, con propuestas interpretativas basadas en el derecho internacional.<\/li>\n<\/ul>\n<h3>Opini\u00f3n de Expertos<\/h3>\n<p><strong>Claudia C\u00e1rdenas Aravena<\/strong>, destacada jurista, se\u00f1ala que este trabajo es una contribuci\u00f3n invaluable para la doctrina chilena, ya que arroja luz sobre un fen\u00f3meno poco documentado en an\u00e1lisis previos: la aplicaci\u00f3n de la circunstancia agravante en delitos cometidos por funcionarios p\u00fablicos durante la dictadura. Destaca adem\u00e1s el rigor \u00e9tico y acad\u00e9mico del autor, quien ha dedicado a\u00f1os a investigar los cr\u00edmenes de la dictadura y su tratamiento jur\u00eddico-penal en Chile.<\/p>\n<h3>Detalles del evento:<\/h3>\n<ul>\n<li><strong>Fecha:<\/strong> 10 de septiembre<\/li>\n<li><strong>Hora:<\/strong> 17:30 hrs<\/li>\n<li><strong>Lugar:<\/strong> Auditorio de la Escuela de Derecho UACh, Campus Pelluco, Puerto Montt<\/li>\n<li><strong>Entrada:<\/strong> Actividad presencial y abierta al p\u00fablico<\/li>\n<\/ul>\n<p>Adem\u00e1s de la presentaci\u00f3n del libro, se firmar\u00e1 un convenio de colaboraci\u00f3n entre la Facultad de Ciencias Jur\u00eddicas y Sociales de la UACh y el <strong>Museo de la Memoria y los Derechos Humanos<\/strong>, reafirmando el compromiso de ambas instituciones con la promoci\u00f3n de la justicia y la preservaci\u00f3n de la memoria hist\u00f3rica.<\/p>\n<p>Este evento es una oportunidad \u00fanica para estudiantes, acad\u00e9micos, profesionales del derecho y cualquier persona interesada en temas de derechos humanos y justicia transicional, de conocer en profundidad este fen\u00f3meno jur\u00eddico de relevancia hist\u00f3rica.<\/p>\n<p>\u00a1No te lo pierdas!<\/p>\n","protected":false},"excerpt":{"rendered":"<p>Presentaci\u00f3n del Libro: La Circunstancia Agravante del Art\u00edculo 12 N\u00b0 [&hellip;]<\/p>\n","protected":false},"author":1,"featured_media":2601,"comment_status":"open","ping_status":"open","sticky":false,"template":"","format":"standard","meta":{"_jetpack_memberships_contains_paid_content":false,"footnotes":""},"categories":[17],"tags":[],"class_list":["post-2598","post","type-post","status-publish","format-standard","has-post-thumbnail","hentry","category-comunicados"],"yoast_head":"<!-- This site is optimized with the Yoast SEO plugin v25.3 - https:\/\/yoast.com\/wordpress\/plugins\/seo\/ -->\n<title>Presentaci\u00f3n Libro sobre Cr\u00edmenes de Lesa Humanidad en la UACh - Ega\u00f1a 60<\/title>\n<meta name=\"robots\" content=\"index, follow, max-snippet:-1, max-image-preview:large, max-video-preview:-1\" \/>\n<link rel=\"canonical\" href=\"https:\/\/www.egana60.cl\/index.php\/2024\/09\/08\/presentacion-libro-sobre-crimenes-de-lesa-humanidad-en-la-uach\/\" \/>\n<meta property=\"og:locale\" content=\"es_ES\" \/>\n<meta property=\"og:type\" content=\"article\" \/>\n<meta property=\"og:title\" content=\"Presentaci\u00f3n Libro sobre Cr\u00edmenes de Lesa Humanidad en la UACh - Ega\u00f1a 60\" \/>\n<meta property=\"og:description\" content=\"Presentaci\u00f3n del Libro: La Circunstancia Agravante del Art\u00edculo 12 N\u00b0 [&hellip;]\" \/>\n<meta property=\"og:url\" content=\"https:\/\/www.egana60.cl\/index.php\/2024\/09\/08\/presentacion-libro-sobre-crimenes-de-lesa-humanidad-en-la-uach\/\" \/>\n<meta property=\"og:site_name\" content=\"Ega\u00f1a 60\" \/>\n<meta property=\"article:publisher\" content=\"https:\/\/web.facebook.com\/egana60\" \/>\n<meta property=\"article:published_time\" content=\"2024-09-08T02:25:17+00:00\" \/>\n<meta property=\"article:modified_time\" content=\"2024-09-08T02:44:25+00:00\" \/>\n<meta property=\"og:image\" content=\"https:\/\/www.egana60.cl\/wp-content\/uploads\/2024\/09\/Captura-de-pantalla-de-2024-09-07-22-28-22.png\" \/>\n\t<meta property=\"og:image:width\" content=\"502\" \/>\n\t<meta property=\"og:image:height\" content=\"304\" \/>\n\t<meta property=\"og:image:type\" content=\"image\/png\" \/>\n<meta name=\"author\" content=\"admin\" \/>\n<meta name=\"twitter:card\" content=\"summary_large_image\" \/>\n<meta name=\"twitter:creator\" content=\"@egana\" \/>\n<meta name=\"twitter:label1\" content=\"Escrito por\" \/>\n\t<meta name=\"twitter:data1\" content=\"admin\" \/>\n\t<meta name=\"twitter:label2\" content=\"Tiempo de lectura\" \/>\n\t<meta name=\"twitter:data2\" content=\"3 minutos\" \/>\n<script type=\"application\/ld+json\" class=\"yoast-schema-graph\">{\"@context\":\"https:\/\/schema.org\",\"@graph\":[{\"@type\":\"Article\",\"@id\":\"https:\/\/www.egana60.cl\/index.php\/2024\/09\/08\/presentacion-libro-sobre-crimenes-de-lesa-humanidad-en-la-uach\/#article\",\"isPartOf\":{\"@id\":\"https:\/\/www.egana60.cl\/index.php\/2024\/09\/08\/presentacion-libro-sobre-crimenes-de-lesa-humanidad-en-la-uach\/\"},\"author\":{\"name\":\"admin\",\"@id\":\"https:\/\/www.egana60.cl\/#\/schema\/person\/784715b941c14e2212873f5180a48eae\"},\"headline\":\"Presentaci\u00f3n Libro sobre Cr\u00edmenes de Lesa Humanidad en la UACh\",\"datePublished\":\"2024-09-08T02:25:17+00:00\",\"dateModified\":\"2024-09-08T02:44:25+00:00\",\"mainEntityOfPage\":{\"@id\":\"https:\/\/www.egana60.cl\/index.php\/2024\/09\/08\/presentacion-libro-sobre-crimenes-de-lesa-humanidad-en-la-uach\/\"},\"wordCount\":681,\"commentCount\":0,\"publisher\":{\"@id\":\"https:\/\/www.egana60.cl\/#organization\"},\"image\":{\"@id\":\"https:\/\/www.egana60.cl\/index.php\/2024\/09\/08\/presentacion-libro-sobre-crimenes-de-lesa-humanidad-en-la-uach\/#primaryimage\"},\"thumbnailUrl\":\"https:\/\/i0.wp.com\/www.egana60.cl\/wp-content\/uploads\/2024\/09\/Captura-de-pantalla-de-2024-09-07-22-28-22.png?fit=502%2C304&ssl=1\",\"articleSection\":[\"Comunicados\"],\"inLanguage\":\"es\",\"potentialAction\":[{\"@type\":\"CommentAction\",\"name\":\"Comment\",\"target\":[\"https:\/\/www.egana60.cl\/index.php\/2024\/09\/08\/presentacion-libro-sobre-crimenes-de-lesa-humanidad-en-la-uach\/#respond\"]}]},{\"@type\":\"WebPage\",\"@id\":\"https:\/\/www.egana60.cl\/index.php\/2024\/09\/08\/presentacion-libro-sobre-crimenes-de-lesa-humanidad-en-la-uach\/\",\"url\":\"https:\/\/www.egana60.cl\/index.php\/2024\/09\/08\/presentacion-libro-sobre-crimenes-de-lesa-humanidad-en-la-uach\/\",\"name\":\"Presentaci\u00f3n Libro sobre Cr\u00edmenes de Lesa Humanidad en la UACh - Ega\u00f1a 60\",\"isPartOf\":{\"@id\":\"https:\/\/www.egana60.cl\/#website\"},\"primaryImageOfPage\":{\"@id\":\"https:\/\/www.egana60.cl\/index.php\/2024\/09\/08\/presentacion-libro-sobre-crimenes-de-lesa-humanidad-en-la-uach\/#primaryimage\"},\"image\":{\"@id\":\"https:\/\/www.egana60.cl\/index.php\/2024\/09\/08\/presentacion-libro-sobre-crimenes-de-lesa-humanidad-en-la-uach\/#primaryimage\"},\"thumbnailUrl\":\"https:\/\/i0.wp.com\/www.egana60.cl\/wp-content\/uploads\/2024\/09\/Captura-de-pantalla-de-2024-09-07-22-28-22.png?fit=502%2C304&ssl=1\",\"datePublished\":\"2024-09-08T02:25:17+00:00\",\"dateModified\":\"2024-09-08T02:44:25+00:00\",\"breadcrumb\":{\"@id\":\"https:\/\/www.egana60.cl\/index.php\/2024\/09\/08\/presentacion-libro-sobre-crimenes-de-lesa-humanidad-en-la-uach\/#breadcrumb\"},\"inLanguage\":\"es\",\"potentialAction\":[{\"@type\":\"ReadAction\",\"target\":[\"https:\/\/www.egana60.cl\/index.php\/2024\/09\/08\/presentacion-libro-sobre-crimenes-de-lesa-humanidad-en-la-uach\/\"]}]},{\"@type\":\"ImageObject\",\"inLanguage\":\"es\",\"@id\":\"https:\/\/www.egana60.cl\/index.php\/2024\/09\/08\/presentacion-libro-sobre-crimenes-de-lesa-humanidad-en-la-uach\/#primaryimage\",\"url\":\"https:\/\/i0.wp.com\/www.egana60.cl\/wp-content\/uploads\/2024\/09\/Captura-de-pantalla-de-2024-09-07-22-28-22.png?fit=502%2C304&ssl=1\",\"contentUrl\":\"https:\/\/i0.wp.com\/www.egana60.cl\/wp-content\/uploads\/2024\/09\/Captura-de-pantalla-de-2024-09-07-22-28-22.png?fit=502%2C304&ssl=1\",\"width\":502,\"height\":304},{\"@type\":\"BreadcrumbList\",\"@id\":\"https:\/\/www.egana60.cl\/index.php\/2024\/09\/08\/presentacion-libro-sobre-crimenes-de-lesa-humanidad-en-la-uach\/#breadcrumb\",\"itemListElement\":[{\"@type\":\"ListItem\",\"position\":1,\"name\":\"Portada\",\"item\":\"https:\/\/www.egana60.cl\/\"},{\"@type\":\"ListItem\",\"position\":2,\"name\":\"Presentaci\u00f3n Libro sobre Cr\u00edmenes de Lesa Humanidad en la UACh\"}]},{\"@type\":\"WebSite\",\"@id\":\"https:\/\/www.egana60.cl\/#website\",\"url\":\"https:\/\/www.egana60.cl\/\",\"name\":\"Ega\u00f1a 60\",\"description\":\"Sitios de Memoria\",\"publisher\":{\"@id\":\"https:\/\/www.egana60.cl\/#organization\"},\"potentialAction\":[{\"@type\":\"SearchAction\",\"target\":{\"@type\":\"EntryPoint\",\"urlTemplate\":\"https:\/\/www.egana60.cl\/?s={search_term_string}\"},\"query-input\":{\"@type\":\"PropertyValueSpecification\",\"valueRequired\":true,\"valueName\":\"search_term_string\"}}],\"inLanguage\":\"es\"},{\"@type\":\"Organization\",\"@id\":\"https:\/\/www.egana60.cl\/#organization\",\"name\":\"Coorporac\u00f3n Ega\u00f1a 60\",\"url\":\"https:\/\/www.egana60.cl\/\",\"logo\":{\"@type\":\"ImageObject\",\"inLanguage\":\"es\",\"@id\":\"https:\/\/www.egana60.cl\/#\/schema\/logo\/image\/\",\"url\":\"https:\/\/www.egana60.cl\/wp-content\/uploads\/2023\/12\/logo2-e1701438723519.png\",\"contentUrl\":\"https:\/\/www.egana60.cl\/wp-content\/uploads\/2023\/12\/logo2-e1701438723519.png\",\"width\":80,\"height\":80,\"caption\":\"Coorporac\u00f3n Ega\u00f1a 60\"},\"image\":{\"@id\":\"https:\/\/www.egana60.cl\/#\/schema\/logo\/image\/\"},\"sameAs\":[\"https:\/\/web.facebook.com\/egana60\"]},{\"@type\":\"Person\",\"@id\":\"https:\/\/www.egana60.cl\/#\/schema\/person\/784715b941c14e2212873f5180a48eae\",\"name\":\"admin\",\"image\":{\"@type\":\"ImageObject\",\"inLanguage\":\"es\",\"@id\":\"https:\/\/www.egana60.cl\/#\/schema\/person\/image\/\",\"url\":\"https:\/\/secure.gravatar.com\/avatar\/aac9c7787e0ed8cbfe7d7e1ca66cc8241d79adcb301a80ad91e062a2d22e69e7?s=96&d=mm&r=g\",\"contentUrl\":\"https:\/\/secure.gravatar.com\/avatar\/aac9c7787e0ed8cbfe7d7e1ca66cc8241d79adcb301a80ad91e062a2d22e69e7?s=96&d=mm&r=g\",\"caption\":\"admin\"},\"sameAs\":[\"https:\/\/egana60.cl\",\"https:\/\/x.com\/egana\"],\"url\":\"https:\/\/www.egana60.cl\/index.php\/author\/egana\/\"}]}<\/script>\n<!-- \/ Yoast SEO plugin. -->","yoast_head_json":{"title":"Presentaci\u00f3n Libro sobre Cr\u00edmenes de Lesa Humanidad en la UACh - Ega\u00f1a 60","robots":{"index":"index","follow":"follow","max-snippet":"max-snippet:-1","max-image-preview":"max-image-preview:large","max-video-preview":"max-video-preview:-1"},"canonical":"https:\/\/www.egana60.cl\/index.php\/2024\/09\/08\/presentacion-libro-sobre-crimenes-de-lesa-humanidad-en-la-uach\/","og_locale":"es_ES","og_type":"article","og_title":"Presentaci\u00f3n Libro sobre Cr\u00edmenes de Lesa Humanidad en la UACh - Ega\u00f1a 60","og_description":"Presentaci\u00f3n del Libro: La Circunstancia Agravante del Art\u00edculo 12 N\u00b0 [&hellip;]","og_url":"https:\/\/www.egana60.cl\/index.php\/2024\/09\/08\/presentacion-libro-sobre-crimenes-de-lesa-humanidad-en-la-uach\/","og_site_name":"Ega\u00f1a 60","article_publisher":"https:\/\/web.facebook.com\/egana60","article_published_time":"2024-09-08T02:25:17+00:00","article_modified_time":"2024-09-08T02:44:25+00:00","og_image":[{"width":502,"height":304,"url":"https:\/\/www.egana60.cl\/wp-content\/uploads\/2024\/09\/Captura-de-pantalla-de-2024-09-07-22-28-22.png","type":"image\/png"}],"author":"admin","twitter_card":"summary_large_image","twitter_creator":"@egana","twitter_misc":{"Escrito por":"admin","Tiempo de lectura":"3 minutos"},"schema":{"@context":"https:\/\/schema.org","@graph":[{"@type":"Article","@id":"https:\/\/www.egana60.cl\/index.php\/2024\/09\/08\/presentacion-libro-sobre-crimenes-de-lesa-humanidad-en-la-uach\/#article","isPartOf":{"@id":"https:\/\/www.egana60.cl\/index.php\/2024\/09\/08\/presentacion-libro-sobre-crimenes-de-lesa-humanidad-en-la-uach\/"},"author":{"name":"admin","@id":"https:\/\/www.egana60.cl\/#\/schema\/person\/784715b941c14e2212873f5180a48eae"},"headline":"Presentaci\u00f3n Libro sobre Cr\u00edmenes de Lesa Humanidad en la UACh","datePublished":"2024-09-08T02:25:17+00:00","dateModified":"2024-09-08T02:44:25+00:00","mainEntityOfPage":{"@id":"https:\/\/www.egana60.cl\/index.php\/2024\/09\/08\/presentacion-libro-sobre-crimenes-de-lesa-humanidad-en-la-uach\/"},"wordCount":681,"commentCount":0,"publisher":{"@id":"https:\/\/www.egana60.cl\/#organization"},"image":{"@id":"https:\/\/www.egana60.cl\/index.php\/2024\/09\/08\/presentacion-libro-sobre-crimenes-de-lesa-humanidad-en-la-uach\/#primaryimage"},"thumbnailUrl":"https:\/\/i0.wp.com\/www.egana60.cl\/wp-content\/uploads\/2024\/09\/Captura-de-pantalla-de-2024-09-07-22-28-22.png?fit=502%2C304&ssl=1","articleSection":["Comunicados"],"inLanguage":"es","potentialAction":[{"@type":"CommentAction","name":"Comment","target":["https:\/\/www.egana60.cl\/index.php\/2024\/09\/08\/presentacion-libro-sobre-crimenes-de-lesa-humanidad-en-la-uach\/#respond"]}]},{"@type":"WebPage","@id":"https:\/\/www.egana60.cl\/index.php\/2024\/09\/08\/presentacion-libro-sobre-crimenes-de-lesa-humanidad-en-la-uach\/","url":"https:\/\/www.egana60.cl\/index.php\/2024\/09\/08\/presentacion-libro-sobre-crimenes-de-lesa-humanidad-en-la-uach\/","name":"Presentaci\u00f3n Libro sobre Cr\u00edmenes de Lesa Humanidad en la UACh - Ega\u00f1a 60","isPartOf":{"@id":"https:\/\/www.egana60.cl\/#website"},"primaryImageOfPage":{"@id":"https:\/\/www.egana60.cl\/index.php\/2024\/09\/08\/presentacion-libro-sobre-crimenes-de-lesa-humanidad-en-la-uach\/#primaryimage"},"image":{"@id":"https:\/\/www.egana60.cl\/index.php\/2024\/09\/08\/presentacion-libro-sobre-crimenes-de-lesa-humanidad-en-la-uach\/#primaryimage"},"thumbnailUrl":"https:\/\/i0.wp.com\/www.egana60.cl\/wp-content\/uploads\/2024\/09\/Captura-de-pantalla-de-2024-09-07-22-28-22.png?fit=502%2C304&ssl=1","datePublished":"2024-09-08T02:25:17+00:00","dateModified":"2024-09-08T02:44:25+00:00","breadcrumb":{"@id":"https:\/\/www.egana60.cl\/index.php\/2024\/09\/08\/presentacion-libro-sobre-crimenes-de-lesa-humanidad-en-la-uach\/#breadcrumb"},"inLanguage":"es","potentialAction":[{"@type":"ReadAction","target":["https:\/\/www.egana60.cl\/index.php\/2024\/09\/08\/presentacion-libro-sobre-crimenes-de-lesa-humanidad-en-la-uach\/"]}]},{"@type":"ImageObject","inLanguage":"es","@id":"https:\/\/www.egana60.cl\/index.php\/2024\/09\/08\/presentacion-libro-sobre-crimenes-de-lesa-humanidad-en-la-uach\/#primaryimage","url":"https:\/\/i0.wp.com\/www.egana60.cl\/wp-content\/uploads\/2024\/09\/Captura-de-pantalla-de-2024-09-07-22-28-22.png?fit=502%2C304&ssl=1","contentUrl":"https:\/\/i0.wp.com\/www.egana60.cl\/wp-content\/uploads\/2024\/09\/Captura-de-pantalla-de-2024-09-07-22-28-22.png?fit=502%2C304&ssl=1","width":502,"height":304},{"@type":"BreadcrumbList","@id":"https:\/\/www.egana60.cl\/index.php\/2024\/09\/08\/presentacion-libro-sobre-crimenes-de-lesa-humanidad-en-la-uach\/#breadcrumb","itemListElement":[{"@type":"ListItem","position":1,"name":"Portada","item":"https:\/\/www.egana60.cl\/"},{"@type":"ListItem","position":2,"name":"Presentaci\u00f3n Libro sobre Cr\u00edmenes de Lesa Humanidad en la UACh"}]},{"@type":"WebSite","@id":"https:\/\/www.egana60.cl\/#website","url":"https:\/\/www.egana60.cl\/","name":"Ega\u00f1a 60","description":"Sitios de Memoria","publisher":{"@id":"https:\/\/www.egana60.cl\/#organization"},"potentialAction":[{"@type":"SearchAction","target":{"@type":"EntryPoint","urlTemplate":"https:\/\/www.egana60.cl\/?s={search_term_string}"},"query-input":{"@type":"PropertyValueSpecification","valueRequired":true,"valueName":"search_term_string"}}],"inLanguage":"es"},{"@type":"Organization","@id":"https:\/\/www.egana60.cl\/#organization","name":"Coorporac\u00f3n Ega\u00f1a 60","url":"https:\/\/www.egana60.cl\/","logo":{"@type":"ImageObject","inLanguage":"es","@id":"https:\/\/www.egana60.cl\/#\/schema\/logo\/image\/","url":"https:\/\/www.egana60.cl\/wp-content\/uploads\/2023\/12\/logo2-e1701438723519.png","contentUrl":"https:\/\/www.egana60.cl\/wp-content\/uploads\/2023\/12\/logo2-e1701438723519.png","width":80,"height":80,"caption":"Coorporac\u00f3n Ega\u00f1a 60"},"image":{"@id":"https:\/\/www.egana60.cl\/#\/schema\/logo\/image\/"},"sameAs":["https:\/\/web.facebook.com\/egana60"]},{"@type":"Person","@id":"https:\/\/www.egana60.cl\/#\/schema\/person\/784715b941c14e2212873f5180a48eae","name":"admin","image":{"@type":"ImageObject","inLanguage":"es","@id":"https:\/\/www.egana60.cl\/#\/schema\/person\/image\/","url":"https:\/\/secure.gravatar.com\/avatar\/aac9c7787e0ed8cbfe7d7e1ca66cc8241d79adcb301a80ad91e062a2d22e69e7?s=96&d=mm&r=g","contentUrl":"https:\/\/secure.gravatar.com\/avatar\/aac9c7787e0ed8cbfe7d7e1ca66cc8241d79adcb301a80ad91e062a2d22e69e7?s=96&d=mm&r=g","caption":"admin"},"sameAs":["https:\/\/egana60.cl","https:\/\/x.com\/egana"],"url":"https:\/\/www.egana60.cl\/index.php\/author\/egana\/"}]}},"jetpack_featured_media_url":"https:\/\/i0.wp.com\/www.egana60.cl\/wp-content\/uploads\/2024\/09\/Captura-de-pantalla-de-2024-09-07-22-28-22.png?fit=502%2C304&ssl=1","jetpack_sharing_enabled":true,"_links":{"self":[{"href":"https:\/\/www.egana60.cl\/index.php\/wp-json\/wp\/v2\/posts\/2598","targetHints":{"allow":["GET"]}}],"collection":[{"href":"https:\/\/www.egana60.cl\/index.php\/wp-json\/wp\/v2\/posts"}],"about":[{"href":"https:\/\/www.egana60.cl\/index.php\/wp-json\/wp\/v2\/types\/post"}],"author":[{"embeddable":true,"href":"https:\/\/www.egana60.cl\/index.php\/wp-json\/wp\/v2\/users\/1"}],"replies":[{"embeddable":true,"href":"https:\/\/www.egana60.cl\/index.php\/wp-json\/wp\/v2\/comments?post=2598"}],"version-history":[{"count":4,"href":"https:\/\/www.egana60.cl\/index.php\/wp-json\/wp\/v2\/posts\/2598\/revisions"}],"predecessor-version":[{"id":2607,"href":"https:\/\/www.egana60.cl\/index.php\/wp-json\/wp\/v2\/posts\/2598\/revisions\/2607"}],"wp:featuredmedia":[{"embeddable":true,"href":"https:\/\/www.egana60.cl\/index.php\/wp-json\/wp\/v2\/media\/2601"}],"wp:attachment":[{"href":"https:\/\/www.egana60.cl\/index.php\/wp-json\/wp\/v2\/media?parent=2598"}],"wp:term":[{"taxonomy":"category","embeddable":true,"href":"https:\/\/www.egana60.cl\/index.php\/wp-json\/wp\/v2\/categories?post=2598"},{"taxonomy":"post_tag","embeddable":true,"href":"https:\/\/www.egana60.cl\/index.php\/wp-json\/wp\/v2\/tags?post=2598"}],"curies":[{"name":"wp","href":"https:\/\/api.w.org\/{rel}","templated":true}]}}