{"id":2608,"date":"2024-09-08T03:10:20","date_gmt":"2024-09-08T03:10:20","guid":{"rendered":"https:\/\/www.egana60.cl\/?p=2608"},"modified":"2024-09-08T03:12:27","modified_gmt":"2024-09-08T03:12:27","slug":"invitacion-a-la-proyeccion-de-pacto-de-fuga","status":"publish","type":"post","link":"https:\/\/www.egana60.cl\/index.php\/2024\/09\/08\/invitacion-a-la-proyeccion-de-pacto-de-fuga\/","title":{"rendered":"Invitaci\u00f3n a la Proyecci\u00f3n de \u00abPacto de Fuga\u00bb"},"content":{"rendered":"<p><strong>Una Actividad de la Corporaci\u00f3n Ega\u00f1a 60<\/strong><\/p>\n<p>La <strong>Corporaci\u00f3n Ega\u00f1a 60<\/strong> se complace en invitar a toda la comunidad a la proyecci\u00f3n especial de la pel\u00edcula <strong>\u00abPacto de Fuga\u00bb<\/strong>, que se llevar\u00e1 a cabo el <strong>11 de septiembre de 2024<\/strong> a las <strong>11:00 AM<\/strong> en el <strong>Teatro Diego Rivera<\/strong>, en Puerto Montt. Esta actividad es parte de nuestras acciones de difusi\u00f3n cultural y memoria hist\u00f3rica, y te invitamos a participar y reflexionar con nosotros.<\/p>\n<p><strong>\u00abPacto de Fuga\u00bb<\/strong> es una pel\u00edcula chilena de <strong>David Albala<\/strong>, estrenada en 2020, que relata el hist\u00f3rico escape carcelario conocido como <strong>Operaci\u00f3n \u00c9xito<\/strong>, donde 49 presos pol\u00edticos lograron fugarse de la <strong>C\u00e1rcel P\u00fablica de Santiago<\/strong> en 1990, tras cavar un t\u00fanel de m\u00e1s de 80 metros de largo. Entre los fugados, hab\u00eda militantes del <strong>Frente Patri\u00f3tico Manuel Rodr\u00edguez<\/strong> (FPMR), muchos de ellos condenados a muerte por sus acciones durante la <strong>dictadura militar<\/strong>.<\/p>\n<p><img data-recalc-dims=\"1\" decoding=\"async\" class=\"lazyload alignnone size-full wp-image-2612\" src=\"https:\/\/i0.wp.com\/www.egana60.cl\/wp-content\/uploads\/2024\/09\/pactodefuga-1.jpg?resize=685%2C960&#038;ssl=1\" data-orig-src=\"https:\/\/www.egana60.cl\/wp-content\/uploads\/2024\/09\/pactodefuga-1.jpg\" alt=\"\" width=\"685\" height=\"960\" srcset=\"data:image\/svg+xml,%3Csvg%20xmlns%3D%27http%3A%2F%2Fwww.w3.org%2F2000%2Fsvg%27%20width%3D%27685%27%20height%3D%27960%27%20viewBox%3D%270%200%20685%20960%27%3E%3Crect%20width%3D%27685%27%20height%3D%27960%27%20fill-opacity%3D%220%22%2F%3E%3C%2Fsvg%3E\" data-srcset=\"https:\/\/i0.wp.com\/www.egana60.cl\/wp-content\/uploads\/2024\/09\/pactodefuga-1.jpg?resize=200%2C280&amp;ssl=1 200w, https:\/\/i0.wp.com\/www.egana60.cl\/wp-content\/uploads\/2024\/09\/pactodefuga-1.jpg?resize=214%2C300&amp;ssl=1 214w, https:\/\/i0.wp.com\/www.egana60.cl\/wp-content\/uploads\/2024\/09\/pactodefuga-1.jpg?resize=400%2C561&amp;ssl=1 400w, https:\/\/i0.wp.com\/www.egana60.cl\/wp-content\/uploads\/2024\/09\/pactodefuga-1.jpg?resize=600%2C841&amp;ssl=1 600w, https:\/\/i0.wp.com\/www.egana60.cl\/wp-content\/uploads\/2024\/09\/pactodefuga-1.jpg?w=685&amp;ssl=1 685w\" data-sizes=\"auto\" data-orig-sizes=\"(max-width: 685px) 100vw, 685px\" \/><\/p>\n<h3>Detalles del Evento:<\/h3>\n<ul>\n<li><strong>Fecha:<\/strong> Mi\u00e9rcoles, 11 de septiembre de 2024<\/li>\n<li><strong>Hora:<\/strong> 11:00 AM<\/li>\n<li><strong>Lugar:<\/strong> Teatro Diego Rivera, Puerto Montt<\/li>\n<li><strong>Organiza:<\/strong> Corporaci\u00f3n Ega\u00f1a 60<\/li>\n<li><strong>Entrada:<\/strong> Actividad gratuita y abierta al p\u00fablico<\/li>\n<\/ul>\n<h3>Sinopsis<\/h3>\n<p>La pel\u00edcula se centra en la planificaci\u00f3n y ejecuci\u00f3n de la fuga, liderada por un grupo de presos pol\u00edticos que, con ingenio y valor, lograron enga\u00f1ar a los guardias y escapar. Durante m\u00e1s de un a\u00f1o, 24 prisioneros cavaron el t\u00fanel en secreto, utilizando solo un destornillador y escondiendo 55 toneladas de tierra dentro de la c\u00e1rcel.<\/p>\n<p><strong>\u00abPacto de Fuga\u00bb<\/strong> destaca por su realismo y fidelidad hist\u00f3rica, capturando la tensi\u00f3n de aquellos d\u00edas, la vida bajo la dictadura militar y la lucha por la libertad. Protagonizada por actores chilenos de renombre como <strong>Benjam\u00edn Vicu\u00f1a<\/strong>, <strong>Roberto Far\u00edas<\/strong>, <strong>Francisca Gavil\u00e1n<\/strong> y <strong>Amparo Noguera<\/strong>, la pel\u00edcula ofrece una visi\u00f3n \u00fanica de uno de los escapes m\u00e1s espectaculares de la historia penal chilena.<\/p>\n<h3>Ficha T\u00e9cnica<\/h3>\n<ul>\n<li><strong>Direcci\u00f3n:<\/strong> David Albala<\/li>\n<li><strong>Protagonistas:<\/strong> Benjam\u00edn Vicu\u00f1a, Roberto Far\u00edas, Francisca Gavil\u00e1n, Amparo Noguera<\/li>\n<li><strong>G\u00e9nero:<\/strong> Drama<\/li>\n<li><strong>Duraci\u00f3n:<\/strong> 137 minutos<\/li>\n<li><strong>Idioma:<\/strong> Espa\u00f1ol<\/li>\n<\/ul>\n<p>Este es un evento imperdible para quienes desean conocer m\u00e1s sobre nuestra historia reciente y los eventos que marcaron una \u00e9poca en Chile. La proyecci\u00f3n ser\u00e1 seguida por un espacio de di\u00e1logo para compartir impresiones sobre la pel\u00edcula y su relevancia en la actualidad.<\/p>\n<p><strong>\u00a1Te esperamos!<\/strong> No faltes a esta oportunidad de reflexionar juntos sobre los valores de la memoria, la justicia y la libertad.<\/p>\n","protected":false},"excerpt":{"rendered":"<p>Una Actividad de la Corporaci\u00f3n Ega\u00f1a 60 La Corporaci\u00f3n Ega\u00f1a [&hellip;]<\/p>\n","protected":false},"author":1,"featured_media":2609,"comment_status":"open","ping_status":"open","sticky":false,"template":"","format":"standard","meta":{"_jetpack_memberships_contains_paid_content":false,"footnotes":""},"categories":[17],"tags":[],"class_list":["post-2608","post","type-post","status-publish","format-standard","has-post-thumbnail","hentry","category-comunicados"],"yoast_head":"<!-- This site is optimized with the Yoast SEO plugin v25.3 - https:\/\/yoast.com\/wordpress\/plugins\/seo\/ -->\n<title>Invitaci\u00f3n a la Proyecci\u00f3n de &quot;Pacto de Fuga&quot; - Ega\u00f1a 60<\/title>\n<meta name=\"robots\" content=\"index, follow, max-snippet:-1, max-image-preview:large, max-video-preview:-1\" \/>\n<link rel=\"canonical\" href=\"https:\/\/www.egana60.cl\/index.php\/2024\/09\/08\/invitacion-a-la-proyeccion-de-pacto-de-fuga\/\" \/>\n<meta property=\"og:locale\" content=\"es_ES\" \/>\n<meta property=\"og:type\" content=\"article\" \/>\n<meta property=\"og:title\" content=\"Invitaci\u00f3n a la Proyecci\u00f3n de &quot;Pacto de Fuga&quot; - Ega\u00f1a 60\" \/>\n<meta property=\"og:description\" content=\"Una Actividad de la Corporaci\u00f3n Ega\u00f1a 60 La Corporaci\u00f3n Ega\u00f1a [&hellip;]\" \/>\n<meta property=\"og:url\" content=\"https:\/\/www.egana60.cl\/index.php\/2024\/09\/08\/invitacion-a-la-proyeccion-de-pacto-de-fuga\/\" \/>\n<meta property=\"og:site_name\" content=\"Ega\u00f1a 60\" \/>\n<meta property=\"article:publisher\" content=\"https:\/\/web.facebook.com\/egana60\" \/>\n<meta property=\"article:published_time\" content=\"2024-09-08T03:10:20+00:00\" \/>\n<meta property=\"article:modified_time\" content=\"2024-09-08T03:12:27+00:00\" \/>\n<meta property=\"og:image\" content=\"https:\/\/www.egana60.cl\/wp-content\/uploads\/2024\/09\/Captura-de-pantalla-de-2024-09-07-23-09-52.png\" \/>\n\t<meta property=\"og:image:width\" content=\"1275\" \/>\n\t<meta property=\"og:image:height\" content=\"664\" \/>\n\t<meta property=\"og:image:type\" content=\"image\/png\" \/>\n<meta name=\"author\" content=\"admin\" \/>\n<meta name=\"twitter:card\" content=\"summary_large_image\" \/>\n<meta name=\"twitter:creator\" content=\"@egana\" \/>\n<meta name=\"twitter:label1\" content=\"Escrito por\" \/>\n\t<meta name=\"twitter:data1\" content=\"admin\" \/>\n\t<meta name=\"twitter:label2\" content=\"Tiempo de lectura\" \/>\n\t<meta name=\"twitter:data2\" content=\"2 minutos\" \/>\n<script type=\"application\/ld+json\" class=\"yoast-schema-graph\">{\"@context\":\"https:\/\/schema.org\",\"@graph\":[{\"@type\":\"Article\",\"@id\":\"https:\/\/www.egana60.cl\/index.php\/2024\/09\/08\/invitacion-a-la-proyeccion-de-pacto-de-fuga\/#article\",\"isPartOf\":{\"@id\":\"https:\/\/www.egana60.cl\/index.php\/2024\/09\/08\/invitacion-a-la-proyeccion-de-pacto-de-fuga\/\"},\"author\":{\"name\":\"admin\",\"@id\":\"https:\/\/www.egana60.cl\/#\/schema\/person\/784715b941c14e2212873f5180a48eae\"},\"headline\":\"Invitaci\u00f3n a la Proyecci\u00f3n de \u00abPacto de Fuga\u00bb\",\"datePublished\":\"2024-09-08T03:10:20+00:00\",\"dateModified\":\"2024-09-08T03:12:27+00:00\",\"mainEntityOfPage\":{\"@id\":\"https:\/\/www.egana60.cl\/index.php\/2024\/09\/08\/invitacion-a-la-proyeccion-de-pacto-de-fuga\/\"},\"wordCount\":431,\"commentCount\":0,\"publisher\":{\"@id\":\"https:\/\/www.egana60.cl\/#organization\"},\"image\":{\"@id\":\"https:\/\/www.egana60.cl\/index.php\/2024\/09\/08\/invitacion-a-la-proyeccion-de-pacto-de-fuga\/#primaryimage\"},\"thumbnailUrl\":\"https:\/\/i0.wp.com\/www.egana60.cl\/wp-content\/uploads\/2024\/09\/Captura-de-pantalla-de-2024-09-07-23-09-52.png?fit=1275%2C664&ssl=1\",\"articleSection\":[\"Comunicados\"],\"inLanguage\":\"es\",\"potentialAction\":[{\"@type\":\"CommentAction\",\"name\":\"Comment\",\"target\":[\"https:\/\/www.egana60.cl\/index.php\/2024\/09\/08\/invitacion-a-la-proyeccion-de-pacto-de-fuga\/#respond\"]}]},{\"@type\":\"WebPage\",\"@id\":\"https:\/\/www.egana60.cl\/index.php\/2024\/09\/08\/invitacion-a-la-proyeccion-de-pacto-de-fuga\/\",\"url\":\"https:\/\/www.egana60.cl\/index.php\/2024\/09\/08\/invitacion-a-la-proyeccion-de-pacto-de-fuga\/\",\"name\":\"Invitaci\u00f3n a la Proyecci\u00f3n de \\\"Pacto de Fuga\\\" - Ega\u00f1a 60\",\"isPartOf\":{\"@id\":\"https:\/\/www.egana60.cl\/#website\"},\"primaryImageOfPage\":{\"@id\":\"https:\/\/www.egana60.cl\/index.php\/2024\/09\/08\/invitacion-a-la-proyeccion-de-pacto-de-fuga\/#primaryimage\"},\"image\":{\"@id\":\"https:\/\/www.egana60.cl\/index.php\/2024\/09\/08\/invitacion-a-la-proyeccion-de-pacto-de-fuga\/#primaryimage\"},\"thumbnailUrl\":\"https:\/\/i0.wp.com\/www.egana60.cl\/wp-content\/uploads\/2024\/09\/Captura-de-pantalla-de-2024-09-07-23-09-52.png?fit=1275%2C664&ssl=1\",\"datePublished\":\"2024-09-08T03:10:20+00:00\",\"dateModified\":\"2024-09-08T03:12:27+00:00\",\"breadcrumb\":{\"@id\":\"https:\/\/www.egana60.cl\/index.php\/2024\/09\/08\/invitacion-a-la-proyeccion-de-pacto-de-fuga\/#breadcrumb\"},\"inLanguage\":\"es\",\"potentialAction\":[{\"@type\":\"ReadAction\",\"target\":[\"https:\/\/www.egana60.cl\/index.php\/2024\/09\/08\/invitacion-a-la-proyeccion-de-pacto-de-fuga\/\"]}]},{\"@type\":\"ImageObject\",\"inLanguage\":\"es\",\"@id\":\"https:\/\/www.egana60.cl\/index.php\/2024\/09\/08\/invitacion-a-la-proyeccion-de-pacto-de-fuga\/#primaryimage\",\"url\":\"https:\/\/i0.wp.com\/www.egana60.cl\/wp-content\/uploads\/2024\/09\/Captura-de-pantalla-de-2024-09-07-23-09-52.png?fit=1275%2C664&ssl=1\",\"contentUrl\":\"https:\/\/i0.wp.com\/www.egana60.cl\/wp-content\/uploads\/2024\/09\/Captura-de-pantalla-de-2024-09-07-23-09-52.png?fit=1275%2C664&ssl=1\",\"width\":1275,\"height\":664},{\"@type\":\"BreadcrumbList\",\"@id\":\"https:\/\/www.egana60.cl\/index.php\/2024\/09\/08\/invitacion-a-la-proyeccion-de-pacto-de-fuga\/#breadcrumb\",\"itemListElement\":[{\"@type\":\"ListItem\",\"position\":1,\"name\":\"Portada\",\"item\":\"https:\/\/www.egana60.cl\/\"},{\"@type\":\"ListItem\",\"position\":2,\"name\":\"Invitaci\u00f3n a la Proyecci\u00f3n de \u00abPacto de Fuga\u00bb\"}]},{\"@type\":\"WebSite\",\"@id\":\"https:\/\/www.egana60.cl\/#website\",\"url\":\"https:\/\/www.egana60.cl\/\",\"name\":\"Ega\u00f1a 60\",\"description\":\"Sitios de Memoria\",\"publisher\":{\"@id\":\"https:\/\/www.egana60.cl\/#organization\"},\"potentialAction\":[{\"@type\":\"SearchAction\",\"target\":{\"@type\":\"EntryPoint\",\"urlTemplate\":\"https:\/\/www.egana60.cl\/?s={search_term_string}\"},\"query-input\":{\"@type\":\"PropertyValueSpecification\",\"valueRequired\":true,\"valueName\":\"search_term_string\"}}],\"inLanguage\":\"es\"},{\"@type\":\"Organization\",\"@id\":\"https:\/\/www.egana60.cl\/#organization\",\"name\":\"Coorporac\u00f3n Ega\u00f1a 60\",\"url\":\"https:\/\/www.egana60.cl\/\",\"logo\":{\"@type\":\"ImageObject\",\"inLanguage\":\"es\",\"@id\":\"https:\/\/www.egana60.cl\/#\/schema\/logo\/image\/\",\"url\":\"https:\/\/www.egana60.cl\/wp-content\/uploads\/2023\/12\/logo2-e1701438723519.png\",\"contentUrl\":\"https:\/\/www.egana60.cl\/wp-content\/uploads\/2023\/12\/logo2-e1701438723519.png\",\"width\":80,\"height\":80,\"caption\":\"Coorporac\u00f3n Ega\u00f1a 60\"},\"image\":{\"@id\":\"https:\/\/www.egana60.cl\/#\/schema\/logo\/image\/\"},\"sameAs\":[\"https:\/\/web.facebook.com\/egana60\"]},{\"@type\":\"Person\",\"@id\":\"https:\/\/www.egana60.cl\/#\/schema\/person\/784715b941c14e2212873f5180a48eae\",\"name\":\"admin\",\"image\":{\"@type\":\"ImageObject\",\"inLanguage\":\"es\",\"@id\":\"https:\/\/www.egana60.cl\/#\/schema\/person\/image\/\",\"url\":\"https:\/\/secure.gravatar.com\/avatar\/aac9c7787e0ed8cbfe7d7e1ca66cc8241d79adcb301a80ad91e062a2d22e69e7?s=96&d=mm&r=g\",\"contentUrl\":\"https:\/\/secure.gravatar.com\/avatar\/aac9c7787e0ed8cbfe7d7e1ca66cc8241d79adcb301a80ad91e062a2d22e69e7?s=96&d=mm&r=g\",\"caption\":\"admin\"},\"sameAs\":[\"https:\/\/egana60.cl\",\"https:\/\/x.com\/egana\"],\"url\":\"https:\/\/www.egana60.cl\/index.php\/author\/egana\/\"}]}<\/script>\n<!-- \/ Yoast SEO plugin. -->","yoast_head_json":{"title":"Invitaci\u00f3n a la Proyecci\u00f3n de \"Pacto de Fuga\" - Ega\u00f1a 60","robots":{"index":"index","follow":"follow","max-snippet":"max-snippet:-1","max-image-preview":"max-image-preview:large","max-video-preview":"max-video-preview:-1"},"canonical":"https:\/\/www.egana60.cl\/index.php\/2024\/09\/08\/invitacion-a-la-proyeccion-de-pacto-de-fuga\/","og_locale":"es_ES","og_type":"article","og_title":"Invitaci\u00f3n a la Proyecci\u00f3n de \"Pacto de Fuga\" - Ega\u00f1a 60","og_description":"Una Actividad de la Corporaci\u00f3n Ega\u00f1a 60 La Corporaci\u00f3n Ega\u00f1a [&hellip;]","og_url":"https:\/\/www.egana60.cl\/index.php\/2024\/09\/08\/invitacion-a-la-proyeccion-de-pacto-de-fuga\/","og_site_name":"Ega\u00f1a 60","article_publisher":"https:\/\/web.facebook.com\/egana60","article_published_time":"2024-09-08T03:10:20+00:00","article_modified_time":"2024-09-08T03:12:27+00:00","og_image":[{"width":1275,"height":664,"url":"https:\/\/www.egana60.cl\/wp-content\/uploads\/2024\/09\/Captura-de-pantalla-de-2024-09-07-23-09-52.png","type":"image\/png"}],"author":"admin","twitter_card":"summary_large_image","twitter_creator":"@egana","twitter_misc":{"Escrito por":"admin","Tiempo de lectura":"2 minutos"},"schema":{"@context":"https:\/\/schema.org","@graph":[{"@type":"Article","@id":"https:\/\/www.egana60.cl\/index.php\/2024\/09\/08\/invitacion-a-la-proyeccion-de-pacto-de-fuga\/#article","isPartOf":{"@id":"https:\/\/www.egana60.cl\/index.php\/2024\/09\/08\/invitacion-a-la-proyeccion-de-pacto-de-fuga\/"},"author":{"name":"admin","@id":"https:\/\/www.egana60.cl\/#\/schema\/person\/784715b941c14e2212873f5180a48eae"},"headline":"Invitaci\u00f3n a la Proyecci\u00f3n de \u00abPacto de Fuga\u00bb","datePublished":"2024-09-08T03:10:20+00:00","dateModified":"2024-09-08T03:12:27+00:00","mainEntityOfPage":{"@id":"https:\/\/www.egana60.cl\/index.php\/2024\/09\/08\/invitacion-a-la-proyeccion-de-pacto-de-fuga\/"},"wordCount":431,"commentCount":0,"publisher":{"@id":"https:\/\/www.egana60.cl\/#organization"},"image":{"@id":"https:\/\/www.egana60.cl\/index.php\/2024\/09\/08\/invitacion-a-la-proyeccion-de-pacto-de-fuga\/#primaryimage"},"thumbnailUrl":"https:\/\/i0.wp.com\/www.egana60.cl\/wp-content\/uploads\/2024\/09\/Captura-de-pantalla-de-2024-09-07-23-09-52.png?fit=1275%2C664&ssl=1","articleSection":["Comunicados"],"inLanguage":"es","potentialAction":[{"@type":"CommentAction","name":"Comment","target":["https:\/\/www.egana60.cl\/index.php\/2024\/09\/08\/invitacion-a-la-proyeccion-de-pacto-de-fuga\/#respond"]}]},{"@type":"WebPage","@id":"https:\/\/www.egana60.cl\/index.php\/2024\/09\/08\/invitacion-a-la-proyeccion-de-pacto-de-fuga\/","url":"https:\/\/www.egana60.cl\/index.php\/2024\/09\/08\/invitacion-a-la-proyeccion-de-pacto-de-fuga\/","name":"Invitaci\u00f3n a la Proyecci\u00f3n de \"Pacto de Fuga\" - Ega\u00f1a 60","isPartOf":{"@id":"https:\/\/www.egana60.cl\/#website"},"primaryImageOfPage":{"@id":"https:\/\/www.egana60.cl\/index.php\/2024\/09\/08\/invitacion-a-la-proyeccion-de-pacto-de-fuga\/#primaryimage"},"image":{"@id":"https:\/\/www.egana60.cl\/index.php\/2024\/09\/08\/invitacion-a-la-proyeccion-de-pacto-de-fuga\/#primaryimage"},"thumbnailUrl":"https:\/\/i0.wp.com\/www.egana60.cl\/wp-content\/uploads\/2024\/09\/Captura-de-pantalla-de-2024-09-07-23-09-52.png?fit=1275%2C664&ssl=1","datePublished":"2024-09-08T03:10:20+00:00","dateModified":"2024-09-08T03:12:27+00:00","breadcrumb":{"@id":"https:\/\/www.egana60.cl\/index.php\/2024\/09\/08\/invitacion-a-la-proyeccion-de-pacto-de-fuga\/#breadcrumb"},"inLanguage":"es","potentialAction":[{"@type":"ReadAction","target":["https:\/\/www.egana60.cl\/index.php\/2024\/09\/08\/invitacion-a-la-proyeccion-de-pacto-de-fuga\/"]}]},{"@type":"ImageObject","inLanguage":"es","@id":"https:\/\/www.egana60.cl\/index.php\/2024\/09\/08\/invitacion-a-la-proyeccion-de-pacto-de-fuga\/#primaryimage","url":"https:\/\/i0.wp.com\/www.egana60.cl\/wp-content\/uploads\/2024\/09\/Captura-de-pantalla-de-2024-09-07-23-09-52.png?fit=1275%2C664&ssl=1","contentUrl":"https:\/\/i0.wp.com\/www.egana60.cl\/wp-content\/uploads\/2024\/09\/Captura-de-pantalla-de-2024-09-07-23-09-52.png?fit=1275%2C664&ssl=1","width":1275,"height":664},{"@type":"BreadcrumbList","@id":"https:\/\/www.egana60.cl\/index.php\/2024\/09\/08\/invitacion-a-la-proyeccion-de-pacto-de-fuga\/#breadcrumb","itemListElement":[{"@type":"ListItem","position":1,"name":"Portada","item":"https:\/\/www.egana60.cl\/"},{"@type":"ListItem","position":2,"name":"Invitaci\u00f3n a la Proyecci\u00f3n de \u00abPacto de Fuga\u00bb"}]},{"@type":"WebSite","@id":"https:\/\/www.egana60.cl\/#website","url":"https:\/\/www.egana60.cl\/","name":"Ega\u00f1a 60","description":"Sitios de Memoria","publisher":{"@id":"https:\/\/www.egana60.cl\/#organization"},"potentialAction":[{"@type":"SearchAction","target":{"@type":"EntryPoint","urlTemplate":"https:\/\/www.egana60.cl\/?s={search_term_string}"},"query-input":{"@type":"PropertyValueSpecification","valueRequired":true,"valueName":"search_term_string"}}],"inLanguage":"es"},{"@type":"Organization","@id":"https:\/\/www.egana60.cl\/#organization","name":"Coorporac\u00f3n Ega\u00f1a 60","url":"https:\/\/www.egana60.cl\/","logo":{"@type":"ImageObject","inLanguage":"es","@id":"https:\/\/www.egana60.cl\/#\/schema\/logo\/image\/","url":"https:\/\/www.egana60.cl\/wp-content\/uploads\/2023\/12\/logo2-e1701438723519.png","contentUrl":"https:\/\/www.egana60.cl\/wp-content\/uploads\/2023\/12\/logo2-e1701438723519.png","width":80,"height":80,"caption":"Coorporac\u00f3n Ega\u00f1a 60"},"image":{"@id":"https:\/\/www.egana60.cl\/#\/schema\/logo\/image\/"},"sameAs":["https:\/\/web.facebook.com\/egana60"]},{"@type":"Person","@id":"https:\/\/www.egana60.cl\/#\/schema\/person\/784715b941c14e2212873f5180a48eae","name":"admin","image":{"@type":"ImageObject","inLanguage":"es","@id":"https:\/\/www.egana60.cl\/#\/schema\/person\/image\/","url":"https:\/\/secure.gravatar.com\/avatar\/aac9c7787e0ed8cbfe7d7e1ca66cc8241d79adcb301a80ad91e062a2d22e69e7?s=96&d=mm&r=g","contentUrl":"https:\/\/secure.gravatar.com\/avatar\/aac9c7787e0ed8cbfe7d7e1ca66cc8241d79adcb301a80ad91e062a2d22e69e7?s=96&d=mm&r=g","caption":"admin"},"sameAs":["https:\/\/egana60.cl","https:\/\/x.com\/egana"],"url":"https:\/\/www.egana60.cl\/index.php\/author\/egana\/"}]}},"jetpack_featured_media_url":"https:\/\/i0.wp.com\/www.egana60.cl\/wp-content\/uploads\/2024\/09\/Captura-de-pantalla-de-2024-09-07-23-09-52.png?fit=1275%2C664&ssl=1","jetpack_sharing_enabled":true,"_links":{"self":[{"href":"https:\/\/www.egana60.cl\/index.php\/wp-json\/wp\/v2\/posts\/2608","targetHints":{"allow":["GET"]}}],"collection":[{"href":"https:\/\/www.egana60.cl\/index.php\/wp-json\/wp\/v2\/posts"}],"about":[{"href":"https:\/\/www.egana60.cl\/index.php\/wp-json\/wp\/v2\/types\/post"}],"author":[{"embeddable":true,"href":"https:\/\/www.egana60.cl\/index.php\/wp-json\/wp\/v2\/users\/1"}],"replies":[{"embeddable":true,"href":"https:\/\/www.egana60.cl\/index.php\/wp-json\/wp\/v2\/comments?post=2608"}],"version-history":[{"count":3,"href":"https:\/\/www.egana60.cl\/index.php\/wp-json\/wp\/v2\/posts\/2608\/revisions"}],"predecessor-version":[{"id":2613,"href":"https:\/\/www.egana60.cl\/index.php\/wp-json\/wp\/v2\/posts\/2608\/revisions\/2613"}],"wp:featuredmedia":[{"embeddable":true,"href":"https:\/\/www.egana60.cl\/index.php\/wp-json\/wp\/v2\/media\/2609"}],"wp:attachment":[{"href":"https:\/\/www.egana60.cl\/index.php\/wp-json\/wp\/v2\/media?parent=2608"}],"wp:term":[{"taxonomy":"category","embeddable":true,"href":"https:\/\/www.egana60.cl\/index.php\/wp-json\/wp\/v2\/categories?post=2608"},{"taxonomy":"post_tag","embeddable":true,"href":"https:\/\/www.egana60.cl\/index.php\/wp-json\/wp\/v2\/tags?post=2608"}],"curies":[{"name":"wp","href":"https:\/\/api.w.org\/{rel}","templated":true}]}}