{"id":2657,"date":"2024-09-27T03:08:17","date_gmt":"2024-09-27T03:08:17","guid":{"rendered":"https:\/\/www.egana60.cl\/?p=2657"},"modified":"2024-09-27T03:12:06","modified_gmt":"2024-09-27T03:12:06","slug":"informe-de-experiencial-cantata-memorial","status":"publish","type":"post","link":"https:\/\/www.egana60.cl\/index.php\/2024\/09\/27\/informe-de-experiencial-cantata-memorial\/","title":{"rendered":"INFORME DE EXPERIENCIAL &#8211; CANTATA MEMORIAL"},"content":{"rendered":"<p><strong>Obra:<\/strong> Cantata Memorial<br \/>\n<strong>Autor:<\/strong> Mario C\u00e1rdenas<br \/>\n<strong>Colegio:<\/strong> Lafquen Montessori<\/p>\n<p>El presente informe busca exponer brevemente la experiencia vivida como unidad educativa, en relaci\u00f3n a la Cantata Memorial creada por el poeta Mario C\u00e1rdenas, la cual fue presentada a los estudiantes de 3\u00ba y 4\u00ba a\u00f1o medio del colegio Lafquen Montessori el pasado jueves 12 de septiembre del presente a\u00f1o 2024.<\/p>\n<p>Esta presentaci\u00f3n se enmarca dentro del plan de estudios de Historia, Geograf\u00eda y Ciencias Sociales del nivel 3\u00ba a\u00f1o medio, correspondiente a la Unidad III: Dictadura C\u00edvico-Militar en Chile 1973 \u2014 1990. La unidad de aprendizaje mencionada es abordada con la progresi\u00f3n cronol\u00f3gica de hechos y procesos que exigen la disciplina y el enfoque educativo Montessori, y sus contenidos se presentan tanto de manera textual como audiovisual a nuestros estudiantes. A este abordaje pedag\u00f3gico en aula, se suman tambi\u00e9n actividades complementarias alusivas al trabajo de memoria hist\u00f3rica como: visitas a sitios de memoria y entrevistas a fuentes orales, y es dentro de este marco de actividades donde se presenta la Cantata Memorial a nuestros estudiantes como complemento de sus aprendizajes. Esta Cantata es una obra escrita en d\u00e9cimas, y adem\u00e1s acompa\u00f1ada por un fondo musicalizado que complementa la declamaci\u00f3n de los actores sobre el escenario.<\/p>\n<p>Durante la cantata, los estudiantes se mostraron atentos e inmersos en la declamaci\u00f3n de los actores, manteniendo un ambiente de respeto desde el comienzo hasta el t\u00e9rmino de la obra. Inmediatamente despu\u00e9s de concretar la presentaci\u00f3n, se llev\u00f3 a cabo un conversatorio con los estudiantes, a trav\u00e9s del cual se rescatan las impresiones y emociones vividas por los alumnos presentes. Dentro de los alcances realizados por los estudiantes est\u00e1 la relaci\u00f3n que hicieron con los contenidos abordados en clase como lo ocurrido con Carmen Gloria Quintana, y tambi\u00e9n la importancia de la no repetici\u00f3n de hechos como la persecuci\u00f3n pol\u00edtica y la tortura en Chile. Al final de la actividad, los estudiantes fueron invitados por el autor de la obra, Mario C\u00e1rdenas, a tomarse una fotograf\u00eda con el elenco de actores y equipo invitados, y se realiz\u00f3 un cierre con todos los estudiantes repitiendo al un\u00edsono la \u00faltima frase de la Cantata: \u201c(&#8230;) y matar a tus hermanos nunca m\u00e1s en mi pa\u00eds\u201d, concluyendo de esta manera una de las actividades m\u00e1s significativas que los alumnos han podido vivenciar en el colegio.<\/p>\n<p>Como establecimiento educativo, estamos muy agradecidos con la presentaci\u00f3n de la Cantata Memorial a nuestros estudiantes, y por supuesto, por habernos considerado como colegio para presentar una obra tan significativa e importante para nuestra memoria hist\u00f3rica.<\/p>\n<p><strong>Puerto Montt, Septiembre 2024<\/strong><br \/>\n<strong>Daniel Morales Guzm\u00e1n<\/strong><br \/>\n<strong>Coordinador Acad\u00e9mico<\/strong><br \/>\n<strong>Colegio Lafquen Montessori<\/strong><\/p>\n","protected":false},"excerpt":{"rendered":"<p>Obra: Cantata Memorial Autor: Mario C\u00e1rdenas Colegio: Lafquen Montessori El [&hellip;]<\/p>\n","protected":false},"author":1,"featured_media":2659,"comment_status":"open","ping_status":"open","sticky":false,"template":"","format":"standard","meta":{"_jetpack_memberships_contains_paid_content":false,"footnotes":""},"categories":[19,17,20],"tags":[],"class_list":["post-2657","post","type-post","status-publish","format-standard","has-post-thumbnail","hentry","category-actividades","category-comunicados","category-puerto-montt"],"yoast_head":"<!-- This site is optimized with the Yoast SEO plugin v25.3 - https:\/\/yoast.com\/wordpress\/plugins\/seo\/ -->\n<title>INFORME DE EXPERIENCIAL - CANTATA MEMORIAL - Ega\u00f1a 60<\/title>\n<meta name=\"robots\" content=\"index, follow, max-snippet:-1, max-image-preview:large, max-video-preview:-1\" \/>\n<link rel=\"canonical\" href=\"https:\/\/www.egana60.cl\/index.php\/2024\/09\/27\/informe-de-experiencial-cantata-memorial\/\" \/>\n<meta property=\"og:locale\" content=\"es_ES\" \/>\n<meta property=\"og:type\" content=\"article\" \/>\n<meta property=\"og:title\" content=\"INFORME DE EXPERIENCIAL - CANTATA MEMORIAL - Ega\u00f1a 60\" \/>\n<meta property=\"og:description\" content=\"Obra: Cantata Memorial Autor: Mario C\u00e1rdenas Colegio: Lafquen Montessori El [&hellip;]\" \/>\n<meta property=\"og:url\" content=\"https:\/\/www.egana60.cl\/index.php\/2024\/09\/27\/informe-de-experiencial-cantata-memorial\/\" \/>\n<meta property=\"og:site_name\" content=\"Ega\u00f1a 60\" \/>\n<meta property=\"article:publisher\" content=\"https:\/\/web.facebook.com\/egana60\" \/>\n<meta property=\"article:published_time\" content=\"2024-09-27T03:08:17+00:00\" \/>\n<meta property=\"article:modified_time\" content=\"2024-09-27T03:12:06+00:00\" \/>\n<meta property=\"og:image\" content=\"https:\/\/www.egana60.cl\/wp-content\/uploads\/2024\/09\/cropped-portada-7.webp\" \/>\n\t<meta property=\"og:image:width\" content=\"1015\" \/>\n\t<meta property=\"og:image:height\" content=\"275\" \/>\n\t<meta property=\"og:image:type\" content=\"image\/webp\" \/>\n<meta name=\"author\" content=\"admin\" \/>\n<meta name=\"twitter:card\" content=\"summary_large_image\" \/>\n<meta name=\"twitter:creator\" content=\"@egana\" \/>\n<meta name=\"twitter:label1\" content=\"Escrito por\" \/>\n\t<meta name=\"twitter:data1\" content=\"admin\" \/>\n\t<meta name=\"twitter:label2\" content=\"Tiempo de lectura\" \/>\n\t<meta name=\"twitter:data2\" content=\"2 minutos\" \/>\n<script type=\"application\/ld+json\" class=\"yoast-schema-graph\">{\"@context\":\"https:\/\/schema.org\",\"@graph\":[{\"@type\":\"Article\",\"@id\":\"https:\/\/www.egana60.cl\/index.php\/2024\/09\/27\/informe-de-experiencial-cantata-memorial\/#article\",\"isPartOf\":{\"@id\":\"https:\/\/www.egana60.cl\/index.php\/2024\/09\/27\/informe-de-experiencial-cantata-memorial\/\"},\"author\":{\"name\":\"admin\",\"@id\":\"https:\/\/www.egana60.cl\/#\/schema\/person\/784715b941c14e2212873f5180a48eae\"},\"headline\":\"INFORME DE EXPERIENCIAL &#8211; CANTATA MEMORIAL\",\"datePublished\":\"2024-09-27T03:08:17+00:00\",\"dateModified\":\"2024-09-27T03:12:06+00:00\",\"mainEntityOfPage\":{\"@id\":\"https:\/\/www.egana60.cl\/index.php\/2024\/09\/27\/informe-de-experiencial-cantata-memorial\/\"},\"wordCount\":469,\"commentCount\":0,\"publisher\":{\"@id\":\"https:\/\/www.egana60.cl\/#organization\"},\"image\":{\"@id\":\"https:\/\/www.egana60.cl\/index.php\/2024\/09\/27\/informe-de-experiencial-cantata-memorial\/#primaryimage\"},\"thumbnailUrl\":\"https:\/\/i0.wp.com\/www.egana60.cl\/wp-content\/uploads\/2024\/09\/cropped-portada-7.webp?fit=1015%2C275&ssl=1\",\"articleSection\":[\"Actividades\",\"Comunicados\",\"Puerto Montt\"],\"inLanguage\":\"es\",\"potentialAction\":[{\"@type\":\"CommentAction\",\"name\":\"Comment\",\"target\":[\"https:\/\/www.egana60.cl\/index.php\/2024\/09\/27\/informe-de-experiencial-cantata-memorial\/#respond\"]}]},{\"@type\":\"WebPage\",\"@id\":\"https:\/\/www.egana60.cl\/index.php\/2024\/09\/27\/informe-de-experiencial-cantata-memorial\/\",\"url\":\"https:\/\/www.egana60.cl\/index.php\/2024\/09\/27\/informe-de-experiencial-cantata-memorial\/\",\"name\":\"INFORME DE EXPERIENCIAL - CANTATA MEMORIAL - Ega\u00f1a 60\",\"isPartOf\":{\"@id\":\"https:\/\/www.egana60.cl\/#website\"},\"primaryImageOfPage\":{\"@id\":\"https:\/\/www.egana60.cl\/index.php\/2024\/09\/27\/informe-de-experiencial-cantata-memorial\/#primaryimage\"},\"image\":{\"@id\":\"https:\/\/www.egana60.cl\/index.php\/2024\/09\/27\/informe-de-experiencial-cantata-memorial\/#primaryimage\"},\"thumbnailUrl\":\"https:\/\/i0.wp.com\/www.egana60.cl\/wp-content\/uploads\/2024\/09\/cropped-portada-7.webp?fit=1015%2C275&ssl=1\",\"datePublished\":\"2024-09-27T03:08:17+00:00\",\"dateModified\":\"2024-09-27T03:12:06+00:00\",\"breadcrumb\":{\"@id\":\"https:\/\/www.egana60.cl\/index.php\/2024\/09\/27\/informe-de-experiencial-cantata-memorial\/#breadcrumb\"},\"inLanguage\":\"es\",\"potentialAction\":[{\"@type\":\"ReadAction\",\"target\":[\"https:\/\/www.egana60.cl\/index.php\/2024\/09\/27\/informe-de-experiencial-cantata-memorial\/\"]}]},{\"@type\":\"ImageObject\",\"inLanguage\":\"es\",\"@id\":\"https:\/\/www.egana60.cl\/index.php\/2024\/09\/27\/informe-de-experiencial-cantata-memorial\/#primaryimage\",\"url\":\"https:\/\/i0.wp.com\/www.egana60.cl\/wp-content\/uploads\/2024\/09\/cropped-portada-7.webp?fit=1015%2C275&ssl=1\",\"contentUrl\":\"https:\/\/i0.wp.com\/www.egana60.cl\/wp-content\/uploads\/2024\/09\/cropped-portada-7.webp?fit=1015%2C275&ssl=1\",\"width\":1015,\"height\":275},{\"@type\":\"BreadcrumbList\",\"@id\":\"https:\/\/www.egana60.cl\/index.php\/2024\/09\/27\/informe-de-experiencial-cantata-memorial\/#breadcrumb\",\"itemListElement\":[{\"@type\":\"ListItem\",\"position\":1,\"name\":\"Portada\",\"item\":\"https:\/\/www.egana60.cl\/\"},{\"@type\":\"ListItem\",\"position\":2,\"name\":\"INFORME DE EXPERIENCIAL &#8211; CANTATA MEMORIAL\"}]},{\"@type\":\"WebSite\",\"@id\":\"https:\/\/www.egana60.cl\/#website\",\"url\":\"https:\/\/www.egana60.cl\/\",\"name\":\"Ega\u00f1a 60\",\"description\":\"Sitios de Memoria\",\"publisher\":{\"@id\":\"https:\/\/www.egana60.cl\/#organization\"},\"potentialAction\":[{\"@type\":\"SearchAction\",\"target\":{\"@type\":\"EntryPoint\",\"urlTemplate\":\"https:\/\/www.egana60.cl\/?s={search_term_string}\"},\"query-input\":{\"@type\":\"PropertyValueSpecification\",\"valueRequired\":true,\"valueName\":\"search_term_string\"}}],\"inLanguage\":\"es\"},{\"@type\":\"Organization\",\"@id\":\"https:\/\/www.egana60.cl\/#organization\",\"name\":\"Coorporac\u00f3n Ega\u00f1a 60\",\"url\":\"https:\/\/www.egana60.cl\/\",\"logo\":{\"@type\":\"ImageObject\",\"inLanguage\":\"es\",\"@id\":\"https:\/\/www.egana60.cl\/#\/schema\/logo\/image\/\",\"url\":\"https:\/\/www.egana60.cl\/wp-content\/uploads\/2023\/12\/logo2-e1701438723519.png\",\"contentUrl\":\"https:\/\/www.egana60.cl\/wp-content\/uploads\/2023\/12\/logo2-e1701438723519.png\",\"width\":80,\"height\":80,\"caption\":\"Coorporac\u00f3n Ega\u00f1a 60\"},\"image\":{\"@id\":\"https:\/\/www.egana60.cl\/#\/schema\/logo\/image\/\"},\"sameAs\":[\"https:\/\/web.facebook.com\/egana60\"]},{\"@type\":\"Person\",\"@id\":\"https:\/\/www.egana60.cl\/#\/schema\/person\/784715b941c14e2212873f5180a48eae\",\"name\":\"admin\",\"image\":{\"@type\":\"ImageObject\",\"inLanguage\":\"es\",\"@id\":\"https:\/\/www.egana60.cl\/#\/schema\/person\/image\/\",\"url\":\"https:\/\/secure.gravatar.com\/avatar\/aac9c7787e0ed8cbfe7d7e1ca66cc8241d79adcb301a80ad91e062a2d22e69e7?s=96&d=mm&r=g\",\"contentUrl\":\"https:\/\/secure.gravatar.com\/avatar\/aac9c7787e0ed8cbfe7d7e1ca66cc8241d79adcb301a80ad91e062a2d22e69e7?s=96&d=mm&r=g\",\"caption\":\"admin\"},\"sameAs\":[\"https:\/\/egana60.cl\",\"https:\/\/x.com\/egana\"],\"url\":\"https:\/\/www.egana60.cl\/index.php\/author\/egana\/\"}]}<\/script>\n<!-- \/ Yoast SEO plugin. -->","yoast_head_json":{"title":"INFORME DE EXPERIENCIAL - CANTATA MEMORIAL - Ega\u00f1a 60","robots":{"index":"index","follow":"follow","max-snippet":"max-snippet:-1","max-image-preview":"max-image-preview:large","max-video-preview":"max-video-preview:-1"},"canonical":"https:\/\/www.egana60.cl\/index.php\/2024\/09\/27\/informe-de-experiencial-cantata-memorial\/","og_locale":"es_ES","og_type":"article","og_title":"INFORME DE EXPERIENCIAL - CANTATA MEMORIAL - Ega\u00f1a 60","og_description":"Obra: Cantata Memorial Autor: Mario C\u00e1rdenas Colegio: Lafquen Montessori El [&hellip;]","og_url":"https:\/\/www.egana60.cl\/index.php\/2024\/09\/27\/informe-de-experiencial-cantata-memorial\/","og_site_name":"Ega\u00f1a 60","article_publisher":"https:\/\/web.facebook.com\/egana60","article_published_time":"2024-09-27T03:08:17+00:00","article_modified_time":"2024-09-27T03:12:06+00:00","og_image":[{"width":1015,"height":275,"url":"https:\/\/www.egana60.cl\/wp-content\/uploads\/2024\/09\/cropped-portada-7.webp","type":"image\/webp"}],"author":"admin","twitter_card":"summary_large_image","twitter_creator":"@egana","twitter_misc":{"Escrito por":"admin","Tiempo de lectura":"2 minutos"},"schema":{"@context":"https:\/\/schema.org","@graph":[{"@type":"Article","@id":"https:\/\/www.egana60.cl\/index.php\/2024\/09\/27\/informe-de-experiencial-cantata-memorial\/#article","isPartOf":{"@id":"https:\/\/www.egana60.cl\/index.php\/2024\/09\/27\/informe-de-experiencial-cantata-memorial\/"},"author":{"name":"admin","@id":"https:\/\/www.egana60.cl\/#\/schema\/person\/784715b941c14e2212873f5180a48eae"},"headline":"INFORME DE EXPERIENCIAL &#8211; CANTATA MEMORIAL","datePublished":"2024-09-27T03:08:17+00:00","dateModified":"2024-09-27T03:12:06+00:00","mainEntityOfPage":{"@id":"https:\/\/www.egana60.cl\/index.php\/2024\/09\/27\/informe-de-experiencial-cantata-memorial\/"},"wordCount":469,"commentCount":0,"publisher":{"@id":"https:\/\/www.egana60.cl\/#organization"},"image":{"@id":"https:\/\/www.egana60.cl\/index.php\/2024\/09\/27\/informe-de-experiencial-cantata-memorial\/#primaryimage"},"thumbnailUrl":"https:\/\/i0.wp.com\/www.egana60.cl\/wp-content\/uploads\/2024\/09\/cropped-portada-7.webp?fit=1015%2C275&ssl=1","articleSection":["Actividades","Comunicados","Puerto Montt"],"inLanguage":"es","potentialAction":[{"@type":"CommentAction","name":"Comment","target":["https:\/\/www.egana60.cl\/index.php\/2024\/09\/27\/informe-de-experiencial-cantata-memorial\/#respond"]}]},{"@type":"WebPage","@id":"https:\/\/www.egana60.cl\/index.php\/2024\/09\/27\/informe-de-experiencial-cantata-memorial\/","url":"https:\/\/www.egana60.cl\/index.php\/2024\/09\/27\/informe-de-experiencial-cantata-memorial\/","name":"INFORME DE EXPERIENCIAL - CANTATA MEMORIAL - Ega\u00f1a 60","isPartOf":{"@id":"https:\/\/www.egana60.cl\/#website"},"primaryImageOfPage":{"@id":"https:\/\/www.egana60.cl\/index.php\/2024\/09\/27\/informe-de-experiencial-cantata-memorial\/#primaryimage"},"image":{"@id":"https:\/\/www.egana60.cl\/index.php\/2024\/09\/27\/informe-de-experiencial-cantata-memorial\/#primaryimage"},"thumbnailUrl":"https:\/\/i0.wp.com\/www.egana60.cl\/wp-content\/uploads\/2024\/09\/cropped-portada-7.webp?fit=1015%2C275&ssl=1","datePublished":"2024-09-27T03:08:17+00:00","dateModified":"2024-09-27T03:12:06+00:00","breadcrumb":{"@id":"https:\/\/www.egana60.cl\/index.php\/2024\/09\/27\/informe-de-experiencial-cantata-memorial\/#breadcrumb"},"inLanguage":"es","potentialAction":[{"@type":"ReadAction","target":["https:\/\/www.egana60.cl\/index.php\/2024\/09\/27\/informe-de-experiencial-cantata-memorial\/"]}]},{"@type":"ImageObject","inLanguage":"es","@id":"https:\/\/www.egana60.cl\/index.php\/2024\/09\/27\/informe-de-experiencial-cantata-memorial\/#primaryimage","url":"https:\/\/i0.wp.com\/www.egana60.cl\/wp-content\/uploads\/2024\/09\/cropped-portada-7.webp?fit=1015%2C275&ssl=1","contentUrl":"https:\/\/i0.wp.com\/www.egana60.cl\/wp-content\/uploads\/2024\/09\/cropped-portada-7.webp?fit=1015%2C275&ssl=1","width":1015,"height":275},{"@type":"BreadcrumbList","@id":"https:\/\/www.egana60.cl\/index.php\/2024\/09\/27\/informe-de-experiencial-cantata-memorial\/#breadcrumb","itemListElement":[{"@type":"ListItem","position":1,"name":"Portada","item":"https:\/\/www.egana60.cl\/"},{"@type":"ListItem","position":2,"name":"INFORME DE EXPERIENCIAL &#8211; CANTATA MEMORIAL"}]},{"@type":"WebSite","@id":"https:\/\/www.egana60.cl\/#website","url":"https:\/\/www.egana60.cl\/","name":"Ega\u00f1a 60","description":"Sitios de Memoria","publisher":{"@id":"https:\/\/www.egana60.cl\/#organization"},"potentialAction":[{"@type":"SearchAction","target":{"@type":"EntryPoint","urlTemplate":"https:\/\/www.egana60.cl\/?s={search_term_string}"},"query-input":{"@type":"PropertyValueSpecification","valueRequired":true,"valueName":"search_term_string"}}],"inLanguage":"es"},{"@type":"Organization","@id":"https:\/\/www.egana60.cl\/#organization","name":"Coorporac\u00f3n Ega\u00f1a 60","url":"https:\/\/www.egana60.cl\/","logo":{"@type":"ImageObject","inLanguage":"es","@id":"https:\/\/www.egana60.cl\/#\/schema\/logo\/image\/","url":"https:\/\/www.egana60.cl\/wp-content\/uploads\/2023\/12\/logo2-e1701438723519.png","contentUrl":"https:\/\/www.egana60.cl\/wp-content\/uploads\/2023\/12\/logo2-e1701438723519.png","width":80,"height":80,"caption":"Coorporac\u00f3n Ega\u00f1a 60"},"image":{"@id":"https:\/\/www.egana60.cl\/#\/schema\/logo\/image\/"},"sameAs":["https:\/\/web.facebook.com\/egana60"]},{"@type":"Person","@id":"https:\/\/www.egana60.cl\/#\/schema\/person\/784715b941c14e2212873f5180a48eae","name":"admin","image":{"@type":"ImageObject","inLanguage":"es","@id":"https:\/\/www.egana60.cl\/#\/schema\/person\/image\/","url":"https:\/\/secure.gravatar.com\/avatar\/aac9c7787e0ed8cbfe7d7e1ca66cc8241d79adcb301a80ad91e062a2d22e69e7?s=96&d=mm&r=g","contentUrl":"https:\/\/secure.gravatar.com\/avatar\/aac9c7787e0ed8cbfe7d7e1ca66cc8241d79adcb301a80ad91e062a2d22e69e7?s=96&d=mm&r=g","caption":"admin"},"sameAs":["https:\/\/egana60.cl","https:\/\/x.com\/egana"],"url":"https:\/\/www.egana60.cl\/index.php\/author\/egana\/"}]}},"jetpack_featured_media_url":"https:\/\/i0.wp.com\/www.egana60.cl\/wp-content\/uploads\/2024\/09\/cropped-portada-7.webp?fit=1015%2C275&ssl=1","jetpack_sharing_enabled":true,"_links":{"self":[{"href":"https:\/\/www.egana60.cl\/index.php\/wp-json\/wp\/v2\/posts\/2657","targetHints":{"allow":["GET"]}}],"collection":[{"href":"https:\/\/www.egana60.cl\/index.php\/wp-json\/wp\/v2\/posts"}],"about":[{"href":"https:\/\/www.egana60.cl\/index.php\/wp-json\/wp\/v2\/types\/post"}],"author":[{"embeddable":true,"href":"https:\/\/www.egana60.cl\/index.php\/wp-json\/wp\/v2\/users\/1"}],"replies":[{"embeddable":true,"href":"https:\/\/www.egana60.cl\/index.php\/wp-json\/wp\/v2\/comments?post=2657"}],"version-history":[{"count":1,"href":"https:\/\/www.egana60.cl\/index.php\/wp-json\/wp\/v2\/posts\/2657\/revisions"}],"predecessor-version":[{"id":2658,"href":"https:\/\/www.egana60.cl\/index.php\/wp-json\/wp\/v2\/posts\/2657\/revisions\/2658"}],"wp:featuredmedia":[{"embeddable":true,"href":"https:\/\/www.egana60.cl\/index.php\/wp-json\/wp\/v2\/media\/2659"}],"wp:attachment":[{"href":"https:\/\/www.egana60.cl\/index.php\/wp-json\/wp\/v2\/media?parent=2657"}],"wp:term":[{"taxonomy":"category","embeddable":true,"href":"https:\/\/www.egana60.cl\/index.php\/wp-json\/wp\/v2\/categories?post=2657"},{"taxonomy":"post_tag","embeddable":true,"href":"https:\/\/www.egana60.cl\/index.php\/wp-json\/wp\/v2\/tags?post=2657"}],"curies":[{"name":"wp","href":"https:\/\/api.w.org\/{rel}","templated":true}]}}