{"id":2780,"date":"2024-10-03T14:50:36","date_gmt":"2024-10-03T14:50:36","guid":{"rendered":"https:\/\/www.egana60.cl\/?p=2780"},"modified":"2024-10-03T15:01:47","modified_gmt":"2024-10-03T15:01:47","slug":"feria-anual-sobre-los-derechos-humanos","status":"publish","type":"post","link":"https:\/\/www.egana60.cl\/index.php\/2024\/10\/03\/feria-anual-sobre-los-derechos-humanos\/","title":{"rendered":"Feria Anual sobre los Derechos Humanos"},"content":{"rendered":"<div class=\"fusion-fullwidth fullwidth-box fusion-builder-row-1 fusion-flex-container nonhundred-percent-fullwidth non-hundred-percent-height-scrolling\" style=\"--awb-border-radius-top-left:0px;--awb-border-radius-top-right:0px;--awb-border-radius-bottom-right:0px;--awb-border-radius-bottom-left:0px;--awb-flex-wrap:wrap;\" ><div class=\"fusion-builder-row fusion-row fusion-flex-align-items-flex-start fusion-flex-content-wrap\" style=\"max-width:1248px;margin-left: calc(-4% \/ 2 );margin-right: calc(-4% \/ 2 );\"><div class=\"fusion-layout-column fusion_builder_column fusion-builder-column-0 fusion_builder_column_1_1 1_1 fusion-flex-column\" style=\"--awb-bg-size:cover;--awb-width-large:100%;--awb-margin-top-large:0px;--awb-spacing-right-large:1.92%;--awb-margin-bottom-large:0px;--awb-spacing-left-large:1.92%;--awb-width-medium:100%;--awb-spacing-right-medium:1.92%;--awb-spacing-left-medium:1.92%;--awb-width-small:100%;--awb-spacing-right-small:1.92%;--awb-spacing-left-small:1.92%;\"><div class=\"fusion-column-wrapper fusion-flex-justify-content-flex-start fusion-content-layout-column\"><div class=\"fusion-text fusion-text-1\"><div dir=\"auto\">Con el patrocinio del Instituto regional de Derechos Humanos con sede en Puerto Montt, cuyo director Mauricio Mayas, dio por inaugurada la exposici\u00f3n que se realiz\u00f3 hoy mi\u00e9rcoles 2 de octubre ,en las instalaciones del Arena Puerto Montt, la feria anual sobre Derechos Humanos, con la participaci\u00f3n de varias organizaciones sociales privadas y p\u00fablicas, que tienen como misi\u00f3n defender y difundir los principios esenciales en la defensa de los Derechos humanos.<\/div>\n<p><img data-recalc-dims=\"1\" decoding=\"async\" class=\"lazyload alignnone size-full wp-image-2803\" src=\"https:\/\/i0.wp.com\/www.egana60.cl\/wp-content\/uploads\/2024\/10\/IMG-20241002-WA0010.jpg?resize=1200%2C900&#038;ssl=1\" data-orig-src=\"https:\/\/www.egana60.cl\/wp-content\/uploads\/2024\/10\/IMG-20241002-WA0010.jpg\" alt=\"\" width=\"1200\" height=\"900\" srcset=\"data:image\/svg+xml,%3Csvg%20xmlns%3D%27http%3A%2F%2Fwww.w3.org%2F2000%2Fsvg%27%20width%3D%271280%27%20height%3D%27960%27%20viewBox%3D%270%200%201280%20960%27%3E%3Crect%20width%3D%271280%27%20height%3D%27960%27%20fill-opacity%3D%220%22%2F%3E%3C%2Fsvg%3E\" data-srcset=\"https:\/\/i0.wp.com\/www.egana60.cl\/wp-content\/uploads\/2024\/10\/IMG-20241002-WA0010.jpg?resize=200%2C150&amp;ssl=1 200w, https:\/\/i0.wp.com\/www.egana60.cl\/wp-content\/uploads\/2024\/10\/IMG-20241002-WA0010.jpg?resize=300%2C225&amp;ssl=1 300w, https:\/\/i0.wp.com\/www.egana60.cl\/wp-content\/uploads\/2024\/10\/IMG-20241002-WA0010.jpg?resize=400%2C300&amp;ssl=1 400w, https:\/\/i0.wp.com\/www.egana60.cl\/wp-content\/uploads\/2024\/10\/IMG-20241002-WA0010.jpg?resize=600%2C450&amp;ssl=1 600w, https:\/\/i0.wp.com\/www.egana60.cl\/wp-content\/uploads\/2024\/10\/IMG-20241002-WA0010.jpg?resize=768%2C576&amp;ssl=1 768w, https:\/\/i0.wp.com\/www.egana60.cl\/wp-content\/uploads\/2024\/10\/IMG-20241002-WA0010.jpg?resize=800%2C600&amp;ssl=1 800w, https:\/\/i0.wp.com\/www.egana60.cl\/wp-content\/uploads\/2024\/10\/IMG-20241002-WA0010.jpg?resize=1024%2C768&amp;ssl=1 1024w, https:\/\/i0.wp.com\/www.egana60.cl\/wp-content\/uploads\/2024\/10\/IMG-20241002-WA0010.jpg?resize=1200%2C900&amp;ssl=1 1200w, https:\/\/i0.wp.com\/www.egana60.cl\/wp-content\/uploads\/2024\/10\/IMG-20241002-WA0010.jpg?w=1280&amp;ssl=1 1280w\" data-sizes=\"auto\" data-orig-sizes=\"(max-width: 1200px) 100vw, 1200px\" \/><\/p>\n<div dir=\"auto\">Una de las organizaciones que particip\u00f3 fue la Corporaci\u00f3n Ega\u00f1a 60, quienes presentaron su stand de difusi\u00f3n, conservaci\u00f3n del Sitio de Memoria del ex Cuartel de la polic\u00eda de Investigaciones cuyo edificio se encuentra ubicado en calle Ega\u00f1a 60 y que es el s\u00edmbolo de las violaciones a los derechos humanos que ocurrieron en la dictadura c\u00edvico militar del r\u00e9gimen de Pinochet en el per\u00edodo 1973 a 1990.<\/div>\n<div dir=\"auto\">Se pudo observar una concurrida presencia de estudiantes de ense\u00f1anza media, con la asistencia de varios colegios de la regi\u00f3n, adem\u00e1s de estudiantes universitarios y p\u00fablico en general durante todo el d\u00eda,consider\u00e1ndose la actividad como un \u00e9xito total .<\/div>\n<\/div><\/div><\/div><\/div><\/div>\n","protected":false},"excerpt":{"rendered":"","protected":false},"author":1,"featured_media":2787,"comment_status":"open","ping_status":"open","sticky":false,"template":"","format":"standard","meta":{"_jetpack_memberships_contains_paid_content":false,"footnotes":""},"categories":[20],"tags":[],"class_list":["post-2780","post","type-post","status-publish","format-standard","has-post-thumbnail","hentry","category-puerto-montt"],"yoast_head":"<!-- This site is optimized with the Yoast SEO plugin v25.3 - https:\/\/yoast.com\/wordpress\/plugins\/seo\/ -->\n<title>Feria Anual sobre los Derechos Humanos - Ega\u00f1a 60<\/title>\n<meta name=\"robots\" content=\"index, follow, max-snippet:-1, max-image-preview:large, max-video-preview:-1\" \/>\n<link rel=\"canonical\" href=\"https:\/\/www.egana60.cl\/index.php\/2024\/10\/03\/feria-anual-sobre-los-derechos-humanos\/\" \/>\n<meta property=\"og:locale\" content=\"es_ES\" \/>\n<meta property=\"og:type\" content=\"article\" \/>\n<meta property=\"og:title\" content=\"Feria Anual sobre los Derechos Humanos - Ega\u00f1a 60\" \/>\n<meta property=\"og:url\" content=\"https:\/\/www.egana60.cl\/index.php\/2024\/10\/03\/feria-anual-sobre-los-derechos-humanos\/\" \/>\n<meta property=\"og:site_name\" content=\"Ega\u00f1a 60\" \/>\n<meta property=\"article:publisher\" content=\"https:\/\/web.facebook.com\/egana60\" \/>\n<meta property=\"article:published_time\" content=\"2024-10-03T14:50:36+00:00\" \/>\n<meta property=\"article:modified_time\" content=\"2024-10-03T15:01:47+00:00\" \/>\n<meta property=\"og:image\" content=\"https:\/\/www.egana60.cl\/wp-content\/uploads\/2024\/10\/20241002_105928-scaled.jpg\" \/>\n\t<meta property=\"og:image:width\" content=\"1441\" \/>\n\t<meta property=\"og:image:height\" content=\"2560\" \/>\n\t<meta property=\"og:image:type\" content=\"image\/jpeg\" \/>\n<meta name=\"author\" content=\"admin\" \/>\n<meta name=\"twitter:card\" content=\"summary_large_image\" \/>\n<meta name=\"twitter:creator\" content=\"@egana\" \/>\n<meta name=\"twitter:label1\" content=\"Escrito por\" \/>\n\t<meta name=\"twitter:data1\" content=\"admin\" \/>\n\t<meta name=\"twitter:label2\" content=\"Tiempo de lectura\" \/>\n\t<meta name=\"twitter:data2\" content=\"2 minutos\" \/>\n<script type=\"application\/ld+json\" class=\"yoast-schema-graph\">{\"@context\":\"https:\/\/schema.org\",\"@graph\":[{\"@type\":\"Article\",\"@id\":\"https:\/\/www.egana60.cl\/index.php\/2024\/10\/03\/feria-anual-sobre-los-derechos-humanos\/#article\",\"isPartOf\":{\"@id\":\"https:\/\/www.egana60.cl\/index.php\/2024\/10\/03\/feria-anual-sobre-los-derechos-humanos\/\"},\"author\":{\"name\":\"admin\",\"@id\":\"https:\/\/www.egana60.cl\/#\/schema\/person\/784715b941c14e2212873f5180a48eae\"},\"headline\":\"Feria Anual sobre los Derechos Humanos\",\"datePublished\":\"2024-10-03T14:50:36+00:00\",\"dateModified\":\"2024-10-03T15:01:47+00:00\",\"mainEntityOfPage\":{\"@id\":\"https:\/\/www.egana60.cl\/index.php\/2024\/10\/03\/feria-anual-sobre-los-derechos-humanos\/\"},\"wordCount\":308,\"commentCount\":0,\"publisher\":{\"@id\":\"https:\/\/www.egana60.cl\/#organization\"},\"image\":{\"@id\":\"https:\/\/www.egana60.cl\/index.php\/2024\/10\/03\/feria-anual-sobre-los-derechos-humanos\/#primaryimage\"},\"thumbnailUrl\":\"https:\/\/i0.wp.com\/www.egana60.cl\/wp-content\/uploads\/2024\/10\/20241002_105928-scaled.jpg?fit=1441%2C2560&ssl=1\",\"articleSection\":[\"Puerto Montt\"],\"inLanguage\":\"es\",\"potentialAction\":[{\"@type\":\"CommentAction\",\"name\":\"Comment\",\"target\":[\"https:\/\/www.egana60.cl\/index.php\/2024\/10\/03\/feria-anual-sobre-los-derechos-humanos\/#respond\"]}]},{\"@type\":\"WebPage\",\"@id\":\"https:\/\/www.egana60.cl\/index.php\/2024\/10\/03\/feria-anual-sobre-los-derechos-humanos\/\",\"url\":\"https:\/\/www.egana60.cl\/index.php\/2024\/10\/03\/feria-anual-sobre-los-derechos-humanos\/\",\"name\":\"Feria Anual sobre los Derechos Humanos - Ega\u00f1a 60\",\"isPartOf\":{\"@id\":\"https:\/\/www.egana60.cl\/#website\"},\"primaryImageOfPage\":{\"@id\":\"https:\/\/www.egana60.cl\/index.php\/2024\/10\/03\/feria-anual-sobre-los-derechos-humanos\/#primaryimage\"},\"image\":{\"@id\":\"https:\/\/www.egana60.cl\/index.php\/2024\/10\/03\/feria-anual-sobre-los-derechos-humanos\/#primaryimage\"},\"thumbnailUrl\":\"https:\/\/i0.wp.com\/www.egana60.cl\/wp-content\/uploads\/2024\/10\/20241002_105928-scaled.jpg?fit=1441%2C2560&ssl=1\",\"datePublished\":\"2024-10-03T14:50:36+00:00\",\"dateModified\":\"2024-10-03T15:01:47+00:00\",\"breadcrumb\":{\"@id\":\"https:\/\/www.egana60.cl\/index.php\/2024\/10\/03\/feria-anual-sobre-los-derechos-humanos\/#breadcrumb\"},\"inLanguage\":\"es\",\"potentialAction\":[{\"@type\":\"ReadAction\",\"target\":[\"https:\/\/www.egana60.cl\/index.php\/2024\/10\/03\/feria-anual-sobre-los-derechos-humanos\/\"]}]},{\"@type\":\"ImageObject\",\"inLanguage\":\"es\",\"@id\":\"https:\/\/www.egana60.cl\/index.php\/2024\/10\/03\/feria-anual-sobre-los-derechos-humanos\/#primaryimage\",\"url\":\"https:\/\/i0.wp.com\/www.egana60.cl\/wp-content\/uploads\/2024\/10\/20241002_105928-scaled.jpg?fit=1441%2C2560&ssl=1\",\"contentUrl\":\"https:\/\/i0.wp.com\/www.egana60.cl\/wp-content\/uploads\/2024\/10\/20241002_105928-scaled.jpg?fit=1441%2C2560&ssl=1\",\"width\":1441,\"height\":2560},{\"@type\":\"BreadcrumbList\",\"@id\":\"https:\/\/www.egana60.cl\/index.php\/2024\/10\/03\/feria-anual-sobre-los-derechos-humanos\/#breadcrumb\",\"itemListElement\":[{\"@type\":\"ListItem\",\"position\":1,\"name\":\"Portada\",\"item\":\"https:\/\/www.egana60.cl\/\"},{\"@type\":\"ListItem\",\"position\":2,\"name\":\"Feria Anual sobre los Derechos Humanos\"}]},{\"@type\":\"WebSite\",\"@id\":\"https:\/\/www.egana60.cl\/#website\",\"url\":\"https:\/\/www.egana60.cl\/\",\"name\":\"Ega\u00f1a 60\",\"description\":\"Sitios de Memoria\",\"publisher\":{\"@id\":\"https:\/\/www.egana60.cl\/#organization\"},\"potentialAction\":[{\"@type\":\"SearchAction\",\"target\":{\"@type\":\"EntryPoint\",\"urlTemplate\":\"https:\/\/www.egana60.cl\/?s={search_term_string}\"},\"query-input\":{\"@type\":\"PropertyValueSpecification\",\"valueRequired\":true,\"valueName\":\"search_term_string\"}}],\"inLanguage\":\"es\"},{\"@type\":\"Organization\",\"@id\":\"https:\/\/www.egana60.cl\/#organization\",\"name\":\"Coorporac\u00f3n Ega\u00f1a 60\",\"url\":\"https:\/\/www.egana60.cl\/\",\"logo\":{\"@type\":\"ImageObject\",\"inLanguage\":\"es\",\"@id\":\"https:\/\/www.egana60.cl\/#\/schema\/logo\/image\/\",\"url\":\"https:\/\/www.egana60.cl\/wp-content\/uploads\/2023\/12\/logo2-e1701438723519.png\",\"contentUrl\":\"https:\/\/www.egana60.cl\/wp-content\/uploads\/2023\/12\/logo2-e1701438723519.png\",\"width\":80,\"height\":80,\"caption\":\"Coorporac\u00f3n Ega\u00f1a 60\"},\"image\":{\"@id\":\"https:\/\/www.egana60.cl\/#\/schema\/logo\/image\/\"},\"sameAs\":[\"https:\/\/web.facebook.com\/egana60\"]},{\"@type\":\"Person\",\"@id\":\"https:\/\/www.egana60.cl\/#\/schema\/person\/784715b941c14e2212873f5180a48eae\",\"name\":\"admin\",\"image\":{\"@type\":\"ImageObject\",\"inLanguage\":\"es\",\"@id\":\"https:\/\/www.egana60.cl\/#\/schema\/person\/image\/\",\"url\":\"https:\/\/secure.gravatar.com\/avatar\/aac9c7787e0ed8cbfe7d7e1ca66cc8241d79adcb301a80ad91e062a2d22e69e7?s=96&d=mm&r=g\",\"contentUrl\":\"https:\/\/secure.gravatar.com\/avatar\/aac9c7787e0ed8cbfe7d7e1ca66cc8241d79adcb301a80ad91e062a2d22e69e7?s=96&d=mm&r=g\",\"caption\":\"admin\"},\"sameAs\":[\"https:\/\/egana60.cl\",\"https:\/\/x.com\/egana\"],\"url\":\"https:\/\/www.egana60.cl\/index.php\/author\/egana\/\"}]}<\/script>\n<!-- \/ Yoast SEO plugin. -->","yoast_head_json":{"title":"Feria Anual sobre los Derechos Humanos - Ega\u00f1a 60","robots":{"index":"index","follow":"follow","max-snippet":"max-snippet:-1","max-image-preview":"max-image-preview:large","max-video-preview":"max-video-preview:-1"},"canonical":"https:\/\/www.egana60.cl\/index.php\/2024\/10\/03\/feria-anual-sobre-los-derechos-humanos\/","og_locale":"es_ES","og_type":"article","og_title":"Feria Anual sobre los Derechos Humanos - Ega\u00f1a 60","og_url":"https:\/\/www.egana60.cl\/index.php\/2024\/10\/03\/feria-anual-sobre-los-derechos-humanos\/","og_site_name":"Ega\u00f1a 60","article_publisher":"https:\/\/web.facebook.com\/egana60","article_published_time":"2024-10-03T14:50:36+00:00","article_modified_time":"2024-10-03T15:01:47+00:00","og_image":[{"width":1441,"height":2560,"url":"https:\/\/www.egana60.cl\/wp-content\/uploads\/2024\/10\/20241002_105928-scaled.jpg","type":"image\/jpeg"}],"author":"admin","twitter_card":"summary_large_image","twitter_creator":"@egana","twitter_misc":{"Escrito por":"admin","Tiempo de lectura":"2 minutos"},"schema":{"@context":"https:\/\/schema.org","@graph":[{"@type":"Article","@id":"https:\/\/www.egana60.cl\/index.php\/2024\/10\/03\/feria-anual-sobre-los-derechos-humanos\/#article","isPartOf":{"@id":"https:\/\/www.egana60.cl\/index.php\/2024\/10\/03\/feria-anual-sobre-los-derechos-humanos\/"},"author":{"name":"admin","@id":"https:\/\/www.egana60.cl\/#\/schema\/person\/784715b941c14e2212873f5180a48eae"},"headline":"Feria Anual sobre los Derechos Humanos","datePublished":"2024-10-03T14:50:36+00:00","dateModified":"2024-10-03T15:01:47+00:00","mainEntityOfPage":{"@id":"https:\/\/www.egana60.cl\/index.php\/2024\/10\/03\/feria-anual-sobre-los-derechos-humanos\/"},"wordCount":308,"commentCount":0,"publisher":{"@id":"https:\/\/www.egana60.cl\/#organization"},"image":{"@id":"https:\/\/www.egana60.cl\/index.php\/2024\/10\/03\/feria-anual-sobre-los-derechos-humanos\/#primaryimage"},"thumbnailUrl":"https:\/\/i0.wp.com\/www.egana60.cl\/wp-content\/uploads\/2024\/10\/20241002_105928-scaled.jpg?fit=1441%2C2560&ssl=1","articleSection":["Puerto Montt"],"inLanguage":"es","potentialAction":[{"@type":"CommentAction","name":"Comment","target":["https:\/\/www.egana60.cl\/index.php\/2024\/10\/03\/feria-anual-sobre-los-derechos-humanos\/#respond"]}]},{"@type":"WebPage","@id":"https:\/\/www.egana60.cl\/index.php\/2024\/10\/03\/feria-anual-sobre-los-derechos-humanos\/","url":"https:\/\/www.egana60.cl\/index.php\/2024\/10\/03\/feria-anual-sobre-los-derechos-humanos\/","name":"Feria Anual sobre los Derechos Humanos - Ega\u00f1a 60","isPartOf":{"@id":"https:\/\/www.egana60.cl\/#website"},"primaryImageOfPage":{"@id":"https:\/\/www.egana60.cl\/index.php\/2024\/10\/03\/feria-anual-sobre-los-derechos-humanos\/#primaryimage"},"image":{"@id":"https:\/\/www.egana60.cl\/index.php\/2024\/10\/03\/feria-anual-sobre-los-derechos-humanos\/#primaryimage"},"thumbnailUrl":"https:\/\/i0.wp.com\/www.egana60.cl\/wp-content\/uploads\/2024\/10\/20241002_105928-scaled.jpg?fit=1441%2C2560&ssl=1","datePublished":"2024-10-03T14:50:36+00:00","dateModified":"2024-10-03T15:01:47+00:00","breadcrumb":{"@id":"https:\/\/www.egana60.cl\/index.php\/2024\/10\/03\/feria-anual-sobre-los-derechos-humanos\/#breadcrumb"},"inLanguage":"es","potentialAction":[{"@type":"ReadAction","target":["https:\/\/www.egana60.cl\/index.php\/2024\/10\/03\/feria-anual-sobre-los-derechos-humanos\/"]}]},{"@type":"ImageObject","inLanguage":"es","@id":"https:\/\/www.egana60.cl\/index.php\/2024\/10\/03\/feria-anual-sobre-los-derechos-humanos\/#primaryimage","url":"https:\/\/i0.wp.com\/www.egana60.cl\/wp-content\/uploads\/2024\/10\/20241002_105928-scaled.jpg?fit=1441%2C2560&ssl=1","contentUrl":"https:\/\/i0.wp.com\/www.egana60.cl\/wp-content\/uploads\/2024\/10\/20241002_105928-scaled.jpg?fit=1441%2C2560&ssl=1","width":1441,"height":2560},{"@type":"BreadcrumbList","@id":"https:\/\/www.egana60.cl\/index.php\/2024\/10\/03\/feria-anual-sobre-los-derechos-humanos\/#breadcrumb","itemListElement":[{"@type":"ListItem","position":1,"name":"Portada","item":"https:\/\/www.egana60.cl\/"},{"@type":"ListItem","position":2,"name":"Feria Anual sobre los Derechos Humanos"}]},{"@type":"WebSite","@id":"https:\/\/www.egana60.cl\/#website","url":"https:\/\/www.egana60.cl\/","name":"Ega\u00f1a 60","description":"Sitios de Memoria","publisher":{"@id":"https:\/\/www.egana60.cl\/#organization"},"potentialAction":[{"@type":"SearchAction","target":{"@type":"EntryPoint","urlTemplate":"https:\/\/www.egana60.cl\/?s={search_term_string}"},"query-input":{"@type":"PropertyValueSpecification","valueRequired":true,"valueName":"search_term_string"}}],"inLanguage":"es"},{"@type":"Organization","@id":"https:\/\/www.egana60.cl\/#organization","name":"Coorporac\u00f3n Ega\u00f1a 60","url":"https:\/\/www.egana60.cl\/","logo":{"@type":"ImageObject","inLanguage":"es","@id":"https:\/\/www.egana60.cl\/#\/schema\/logo\/image\/","url":"https:\/\/www.egana60.cl\/wp-content\/uploads\/2023\/12\/logo2-e1701438723519.png","contentUrl":"https:\/\/www.egana60.cl\/wp-content\/uploads\/2023\/12\/logo2-e1701438723519.png","width":80,"height":80,"caption":"Coorporac\u00f3n Ega\u00f1a 60"},"image":{"@id":"https:\/\/www.egana60.cl\/#\/schema\/logo\/image\/"},"sameAs":["https:\/\/web.facebook.com\/egana60"]},{"@type":"Person","@id":"https:\/\/www.egana60.cl\/#\/schema\/person\/784715b941c14e2212873f5180a48eae","name":"admin","image":{"@type":"ImageObject","inLanguage":"es","@id":"https:\/\/www.egana60.cl\/#\/schema\/person\/image\/","url":"https:\/\/secure.gravatar.com\/avatar\/aac9c7787e0ed8cbfe7d7e1ca66cc8241d79adcb301a80ad91e062a2d22e69e7?s=96&d=mm&r=g","contentUrl":"https:\/\/secure.gravatar.com\/avatar\/aac9c7787e0ed8cbfe7d7e1ca66cc8241d79adcb301a80ad91e062a2d22e69e7?s=96&d=mm&r=g","caption":"admin"},"sameAs":["https:\/\/egana60.cl","https:\/\/x.com\/egana"],"url":"https:\/\/www.egana60.cl\/index.php\/author\/egana\/"}]}},"jetpack_featured_media_url":"https:\/\/i0.wp.com\/www.egana60.cl\/wp-content\/uploads\/2024\/10\/20241002_105928-scaled.jpg?fit=1441%2C2560&ssl=1","jetpack_sharing_enabled":true,"_links":{"self":[{"href":"https:\/\/www.egana60.cl\/index.php\/wp-json\/wp\/v2\/posts\/2780","targetHints":{"allow":["GET"]}}],"collection":[{"href":"https:\/\/www.egana60.cl\/index.php\/wp-json\/wp\/v2\/posts"}],"about":[{"href":"https:\/\/www.egana60.cl\/index.php\/wp-json\/wp\/v2\/types\/post"}],"author":[{"embeddable":true,"href":"https:\/\/www.egana60.cl\/index.php\/wp-json\/wp\/v2\/users\/1"}],"replies":[{"embeddable":true,"href":"https:\/\/www.egana60.cl\/index.php\/wp-json\/wp\/v2\/comments?post=2780"}],"version-history":[{"count":2,"href":"https:\/\/www.egana60.cl\/index.php\/wp-json\/wp\/v2\/posts\/2780\/revisions"}],"predecessor-version":[{"id":2804,"href":"https:\/\/www.egana60.cl\/index.php\/wp-json\/wp\/v2\/posts\/2780\/revisions\/2804"}],"wp:featuredmedia":[{"embeddable":true,"href":"https:\/\/www.egana60.cl\/index.php\/wp-json\/wp\/v2\/media\/2787"}],"wp:attachment":[{"href":"https:\/\/www.egana60.cl\/index.php\/wp-json\/wp\/v2\/media?parent=2780"}],"wp:term":[{"taxonomy":"category","embeddable":true,"href":"https:\/\/www.egana60.cl\/index.php\/wp-json\/wp\/v2\/categories?post=2780"},{"taxonomy":"post_tag","embeddable":true,"href":"https:\/\/www.egana60.cl\/index.php\/wp-json\/wp\/v2\/tags?post=2780"}],"curies":[{"name":"wp","href":"https:\/\/api.w.org\/{rel}","templated":true}]}}