{"id":3002,"date":"2024-10-11T19:32:05","date_gmt":"2024-10-11T19:32:05","guid":{"rendered":"https:\/\/www.egana60.cl\/?p=3002"},"modified":"2024-11-03T00:47:17","modified_gmt":"2024-11-03T00:47:17","slug":"microprograma-radial","status":"publish","type":"post","link":"https:\/\/www.egana60.cl\/index.php\/2024\/10\/11\/microprograma-radial\/","title":{"rendered":"\ud83c\udf0d\ud83c\udfad Derechos Humanos en la Radio: Un Ciclo Imperdible de Microprogramas \ud83d\udd25\ud83c\udf93"},"content":{"rendered":"<p><div class=\"fusion-fullwidth fullwidth-box fusion-builder-row-1 fusion-flex-container nonhundred-percent-fullwidth non-hundred-percent-height-scrolling\" style=\"--awb-border-radius-top-left:0px;--awb-border-radius-top-right:0px;--awb-border-radius-bottom-right:0px;--awb-border-radius-bottom-left:0px;--awb-flex-wrap:wrap;\" ><div class=\"fusion-builder-row fusion-row fusion-flex-align-items-flex-start fusion-flex-content-wrap\" style=\"max-width:1248px;margin-left: calc(-4% \/ 2 );margin-right: calc(-4% \/ 2 );\"><div class=\"fusion-layout-column fusion_builder_column fusion-builder-column-0 fusion_builder_column_1_1 1_1 fusion-flex-column\" style=\"--awb-bg-size:cover;--awb-width-large:100%;--awb-margin-top-large:0px;--awb-spacing-right-large:1.92%;--awb-margin-bottom-large:0px;--awb-spacing-left-large:1.92%;--awb-width-medium:100%;--awb-spacing-right-medium:1.92%;--awb-spacing-left-medium:1.92%;--awb-width-small:100%;--awb-spacing-right-small:1.92%;--awb-spacing-left-small:1.92%;\"><div class=\"fusion-column-wrapper fusion-flex-justify-content-flex-start fusion-content-layout-column\"><div class=\"fusion-text fusion-text-1\"><p data-pm-slice=\"1 1 &#091;&#093;\">\u00a1Atenci\u00f3n comunidad de Puerto Montt y alrededores! \u2728 Corporaci\u00f3n Ega\u00f1a 60, en su Plan de Gesti\u00f3n 2024, trae un nuevo espacio para la reflexi\u00f3n y el aprendizaje en torno a los Derechos Humanos. El periodista Luis Daniel Carrasco est\u00e1 a cargo de un ciclo de microprogramas radiales que no se pueden perder. \ud83d\ude80<\/p>\n<p>\ud83d\udcfa <strong>\ud83c\udfa4 Hoy: Entrevista Exclusiva a Ren\u00e9 Droppelmann<\/strong> \ud83c\udf0a Este viernes 11 de octubre, a las 19:30 hrs, la Corporaci\u00f3n Ega\u00f1a 60 estar\u00e1 en Radio Reloncav\u00ed con una entrevista exclusiva a nuestro presidente, Ren\u00e9 Droppelmann. Hablaremos sobre el trabajo en defensa de los derechos humanos y la importancia de mantener viva la memoria hist\u00f3rica. \u00a1No te lo pierdas!<\/p>\n<p>\ud83d\udcfa <strong>\u00bfCu\u00e1ndo?<\/strong> Todos los viernes de octubre a las 19:30 horas.<\/p>\n<ul data-spread=\"false\">\n<li>\ud83d\udcc5 <em>Viernes 11 de octubre<\/em><\/li>\n<li>\ud83d\udcc5 <em>Viernes 18 de octubre<\/em><\/li>\n<li>\ud83d\udcc5 <em>Viernes 25 de octubre<\/em><\/li>\n<\/ul>\n<p>\ud83d\udcfb <strong>\u00bfD\u00f3nde escucharlos?<\/strong> Sintoniza <em>Radio Reloncav\u00ed 101.5 FM<\/em> o con\u00e9ctate en <em>reloncaviradio.cl<\/em> para ser parte de esta importante conversaci\u00f3n. Estos microprogramas est\u00e1n dise\u00f1ados para abrir el di\u00e1logo sobre los Derechos Humanos, con entrevistas, an\u00e1lisis y profundas reflexiones.<\/p>\n<p>Estos microprogramas, que ser\u00e1n transmitidos y posteriormente disponibles en formato MP3, forman parte del esfuerzo continuo de Corporaci\u00f3n Ega\u00f1a 60 por promover el debate y educaci\u00f3n sobre temas fundamentales para nuestra sociedad. \ud83d\udcbb\ud83c\udf10<\/p>\n<p>\ud83d\udce2 <strong>\u00a1Ay\u00fadanos a difundir!<\/strong> Comparte esta informaci\u00f3n con tus amigos, familia y conocidos para que todos puedan ser parte de este espacio de conciencia social. S\u00edguenos y ent\u00e9rate de todo lo que Corporaci\u00f3n Ega\u00f1a 60 tiene preparado para el 2024. \ud83d\udcaa<\/p>\n<p>\ud83d\udd17 <strong>M\u00e1s informaci\u00f3n y contenido en nuestras redes y sitio web<\/strong>. No te pierdas ning\u00fan detalle de estos microprogramas y dem\u00e1s actividades. \ud83d\udcf1\ud83d\udda5\ufe0f<\/p>\n<p><span style=\"color: var(--awb-text-color); font-family: var(--awb-text-font-family); font-size: var(--awb-font-size); font-style: var(--awb-text-font-style); font-weight: var(--awb-text-font-weight); letter-spacing: var(--awb-letter-spacing); text-align: var(--awb-content-alignment); text-transform: var(--awb-text-transform); background-color: var(--awb-bg-color-hover);\">#DerechosHumanos #MemoriaHist\u00f3rica #NuncaM\u00e1s #Ega\u00f1a60 #Corporaci\u00f3nEga\u00f1a60 #RadioReloncav\u00ed #PuertoMontt #Entrevista #PlanDeGesti\u00f3n2024 #ConcienciaSocial<\/span><\/p>\n<\/div><\/div><\/div><\/div><\/div><div class=\"fusion-fullwidth fullwidth-box fusion-builder-row-2 fusion-flex-container has-pattern-background has-mask-background nonhundred-percent-fullwidth non-hundred-percent-height-scrolling\" style=\"--awb-border-radius-top-left:0px;--awb-border-radius-top-right:0px;--awb-border-radius-bottom-right:0px;--awb-border-radius-bottom-left:0px;--awb-flex-wrap:wrap;\" ><div class=\"fusion-builder-row fusion-row fusion-flex-align-items-flex-start fusion-flex-content-wrap\" style=\"max-width:1248px;margin-left: calc(-4% \/ 2 );margin-right: calc(-4% \/ 2 );\"><div class=\"fusion-layout-column fusion_builder_column fusion-builder-column-1 fusion_builder_column_1_3 1_3 fusion-flex-column\" style=\"--awb-bg-size:cover;--awb-width-large:33.333333333333%;--awb-margin-top-large:0px;--awb-spacing-right-large:5.76%;--awb-margin-bottom-large:20px;--awb-spacing-left-large:5.76%;--awb-width-medium:33.333333333333%;--awb-order-medium:0;--awb-spacing-right-medium:5.76%;--awb-spacing-left-medium:5.76%;--awb-width-small:100%;--awb-order-small:0;--awb-spacing-right-small:1.92%;--awb-spacing-left-small:1.92%;\"><div class=\"fusion-column-wrapper fusion-column-has-shadow fusion-flex-justify-content-flex-start fusion-content-layout-column\"><div class=\"fusion-text fusion-text-2\"><h4 style=\"text-align: center;\">MicroPrograma #1<\/h4>\n<\/div><div class=\"fusion-video fusion-selfhosted-video\" style=\"align-self:center;max-width:70%;\"><div class=\"video-wrapper\"><video playsinline=\"true\" width=\"100%\" style=\"object-fit: cover;\" preload=\"none\" controls=\"1\"><source src=\"https:\/\/www.egana60.cl\/wp-content\/uploads\/2024\/10\/a-escuchar.mp4\" type=\"video\/mp4\">Sorry, your browser doesn&#039;t support embedded videos.<\/video><\/div><\/div><\/div><\/div><div class=\"fusion-layout-column fusion_builder_column fusion-builder-column-2 fusion_builder_column_1_3 1_3 fusion-flex-column\" style=\"--awb-bg-size:cover;--awb-width-large:33.333333333333%;--awb-margin-top-large:0px;--awb-spacing-right-large:5.76%;--awb-margin-bottom-large:20px;--awb-spacing-left-large:5.76%;--awb-width-medium:33.333333333333%;--awb-order-medium:0;--awb-spacing-right-medium:5.76%;--awb-spacing-left-medium:5.76%;--awb-width-small:100%;--awb-order-small:0;--awb-spacing-right-small:1.92%;--awb-spacing-left-small:1.92%;\"><div class=\"fusion-column-wrapper fusion-column-has-shadow fusion-flex-justify-content-flex-start fusion-content-layout-column\"><div class=\"fusion-text fusion-text-3\"><h4 style=\"text-align: center;\">MicroPrograma #2<\/h4>\n<\/div><div class=\"fusion-video fusion-selfhosted-video\" style=\"align-self:center;max-width:70%;\"><div class=\"video-wrapper\"><video playsinline=\"true\" width=\"100%\" style=\"object-fit: cover;\" preload=\"none\" controls=\"1\"><source src=\"https:\/\/www.egana60.cl\/wp-content\/uploads\/2024\/10\/a-escuchar-1.mp4\" type=\"video\/mp4\">Sorry, your browser doesn&#039;t support embedded videos.<\/video><\/div><\/div><\/div><\/div><div class=\"fusion-layout-column fusion_builder_column fusion-builder-column-3 fusion_builder_column_1_3 1_3 fusion-flex-column\" style=\"--awb-bg-size:cover;--awb-width-large:33.333333333333%;--awb-margin-top-large:0px;--awb-spacing-right-large:5.76%;--awb-margin-bottom-large:20px;--awb-spacing-left-large:5.76%;--awb-width-medium:33.333333333333%;--awb-order-medium:0;--awb-spacing-right-medium:5.76%;--awb-spacing-left-medium:5.76%;--awb-width-small:100%;--awb-order-small:0;--awb-spacing-right-small:1.92%;--awb-spacing-left-small:1.92%;\"><div class=\"fusion-column-wrapper fusion-column-has-shadow fusion-flex-justify-content-flex-start fusion-content-layout-column\"><div class=\"fusion-text fusion-text-4\"><h4 style=\"text-align: center;\">MicroPrograma #3<\/h4>\n<\/div><div class=\"fusion-video fusion-selfhosted-video\" style=\"align-self:center;max-width:70%;\"><div class=\"video-wrapper\"><video playsinline=\"true\" width=\"100%\" style=\"object-fit: cover;\" preload=\"none\" controls=\"1\"><source src=\"https:\/\/www.egana60.cl\/wp-content\/uploads\/2024\/11\/escuchar.mp4\" type=\"video\/mp4\">Sorry, your browser doesn&#039;t support embedded videos.<\/video><\/div><\/div><\/div><\/div><\/div><\/div><\/p>\n","protected":false},"excerpt":{"rendered":"","protected":false},"author":1,"featured_media":2101,"comment_status":"open","ping_status":"open","sticky":false,"template":"","format":"standard","meta":{"_jetpack_memberships_contains_paid_content":false,"footnotes":""},"categories":[19,4,17,20],"tags":[],"class_list":["post-3002","post","type-post","status-publish","format-standard","has-post-thumbnail","hentry","category-actividades","category-communication","category-comunicados","category-puerto-montt"],"yoast_head":"<!-- This site is optimized with the Yoast SEO plugin v25.3 - https:\/\/yoast.com\/wordpress\/plugins\/seo\/ -->\n<title>\ud83c\udf0d\ud83c\udfad Derechos Humanos en la Radio: Un Ciclo Imperdible de Microprogramas \ud83d\udd25\ud83c\udf93 - Ega\u00f1a 60<\/title>\n<meta name=\"robots\" content=\"index, follow, max-snippet:-1, max-image-preview:large, max-video-preview:-1\" \/>\n<link rel=\"canonical\" href=\"https:\/\/www.egana60.cl\/index.php\/2024\/10\/11\/microprograma-radial\/\" \/>\n<meta property=\"og:locale\" content=\"es_ES\" \/>\n<meta property=\"og:type\" content=\"article\" \/>\n<meta property=\"og:title\" content=\"\ud83c\udf0d\ud83c\udfad Derechos Humanos en la Radio: Un Ciclo Imperdible de Microprogramas \ud83d\udd25\ud83c\udf93 - Ega\u00f1a 60\" \/>\n<meta property=\"og:url\" content=\"https:\/\/www.egana60.cl\/index.php\/2024\/10\/11\/microprograma-radial\/\" \/>\n<meta property=\"og:site_name\" content=\"Ega\u00f1a 60\" \/>\n<meta property=\"article:publisher\" content=\"https:\/\/web.facebook.com\/egana60\" \/>\n<meta property=\"article:published_time\" content=\"2024-10-11T19:32:05+00:00\" \/>\n<meta property=\"article:modified_time\" content=\"2024-11-03T00:47:17+00:00\" \/>\n<meta property=\"og:image\" content=\"https:\/\/www.egana60.cl\/wp-content\/uploads\/2024\/08\/WhatsApp-Image-2024-07-30-at-13.46.00-1-scaled.jpeg\" \/>\n\t<meta property=\"og:image:width\" content=\"2560\" \/>\n\t<meta property=\"og:image:height\" content=\"1707\" \/>\n\t<meta property=\"og:image:type\" content=\"image\/jpeg\" \/>\n<meta name=\"author\" content=\"admin\" \/>\n<meta name=\"twitter:card\" content=\"summary_large_image\" \/>\n<meta name=\"twitter:creator\" content=\"@egana\" \/>\n<meta name=\"twitter:label1\" content=\"Escrito por\" \/>\n\t<meta name=\"twitter:data1\" content=\"admin\" \/>\n\t<meta name=\"twitter:label2\" content=\"Tiempo de lectura\" \/>\n\t<meta name=\"twitter:data2\" content=\"7 minutos\" \/>\n<script type=\"application\/ld+json\" class=\"yoast-schema-graph\">{\"@context\":\"https:\/\/schema.org\",\"@graph\":[{\"@type\":\"Article\",\"@id\":\"https:\/\/www.egana60.cl\/index.php\/2024\/10\/11\/microprograma-radial\/#article\",\"isPartOf\":{\"@id\":\"https:\/\/www.egana60.cl\/index.php\/2024\/10\/11\/microprograma-radial\/\"},\"author\":{\"name\":\"admin\",\"@id\":\"https:\/\/www.egana60.cl\/#\/schema\/person\/784715b941c14e2212873f5180a48eae\"},\"headline\":\"\ud83c\udf0d\ud83c\udfad Derechos Humanos en la Radio: Un Ciclo Imperdible de Microprogramas \ud83d\udd25\ud83c\udf93\",\"datePublished\":\"2024-10-11T19:32:05+00:00\",\"dateModified\":\"2024-11-03T00:47:17+00:00\",\"mainEntityOfPage\":{\"@id\":\"https:\/\/www.egana60.cl\/index.php\/2024\/10\/11\/microprograma-radial\/\"},\"wordCount\":1485,\"commentCount\":0,\"publisher\":{\"@id\":\"https:\/\/www.egana60.cl\/#organization\"},\"image\":{\"@id\":\"https:\/\/www.egana60.cl\/index.php\/2024\/10\/11\/microprograma-radial\/#primaryimage\"},\"thumbnailUrl\":\"https:\/\/i0.wp.com\/www.egana60.cl\/wp-content\/uploads\/2024\/08\/WhatsApp-Image-2024-07-30-at-13.46.00-1-scaled.jpeg?fit=2560%2C1707&ssl=1\",\"articleSection\":[\"Actividades\",\"Communication\",\"Comunicados\",\"Puerto Montt\"],\"inLanguage\":\"es\",\"potentialAction\":[{\"@type\":\"CommentAction\",\"name\":\"Comment\",\"target\":[\"https:\/\/www.egana60.cl\/index.php\/2024\/10\/11\/microprograma-radial\/#respond\"]}]},{\"@type\":\"WebPage\",\"@id\":\"https:\/\/www.egana60.cl\/index.php\/2024\/10\/11\/microprograma-radial\/\",\"url\":\"https:\/\/www.egana60.cl\/index.php\/2024\/10\/11\/microprograma-radial\/\",\"name\":\"\ud83c\udf0d\ud83c\udfad Derechos Humanos en la Radio: Un Ciclo Imperdible de Microprogramas \ud83d\udd25\ud83c\udf93 - Ega\u00f1a 60\",\"isPartOf\":{\"@id\":\"https:\/\/www.egana60.cl\/#website\"},\"primaryImageOfPage\":{\"@id\":\"https:\/\/www.egana60.cl\/index.php\/2024\/10\/11\/microprograma-radial\/#primaryimage\"},\"image\":{\"@id\":\"https:\/\/www.egana60.cl\/index.php\/2024\/10\/11\/microprograma-radial\/#primaryimage\"},\"thumbnailUrl\":\"https:\/\/i0.wp.com\/www.egana60.cl\/wp-content\/uploads\/2024\/08\/WhatsApp-Image-2024-07-30-at-13.46.00-1-scaled.jpeg?fit=2560%2C1707&ssl=1\",\"datePublished\":\"2024-10-11T19:32:05+00:00\",\"dateModified\":\"2024-11-03T00:47:17+00:00\",\"breadcrumb\":{\"@id\":\"https:\/\/www.egana60.cl\/index.php\/2024\/10\/11\/microprograma-radial\/#breadcrumb\"},\"inLanguage\":\"es\",\"potentialAction\":[{\"@type\":\"ReadAction\",\"target\":[\"https:\/\/www.egana60.cl\/index.php\/2024\/10\/11\/microprograma-radial\/\"]}]},{\"@type\":\"ImageObject\",\"inLanguage\":\"es\",\"@id\":\"https:\/\/www.egana60.cl\/index.php\/2024\/10\/11\/microprograma-radial\/#primaryimage\",\"url\":\"https:\/\/i0.wp.com\/www.egana60.cl\/wp-content\/uploads\/2024\/08\/WhatsApp-Image-2024-07-30-at-13.46.00-1-scaled.jpeg?fit=2560%2C1707&ssl=1\",\"contentUrl\":\"https:\/\/i0.wp.com\/www.egana60.cl\/wp-content\/uploads\/2024\/08\/WhatsApp-Image-2024-07-30-at-13.46.00-1-scaled.jpeg?fit=2560%2C1707&ssl=1\",\"width\":2560,\"height\":1707},{\"@type\":\"BreadcrumbList\",\"@id\":\"https:\/\/www.egana60.cl\/index.php\/2024\/10\/11\/microprograma-radial\/#breadcrumb\",\"itemListElement\":[{\"@type\":\"ListItem\",\"position\":1,\"name\":\"Portada\",\"item\":\"https:\/\/www.egana60.cl\/\"},{\"@type\":\"ListItem\",\"position\":2,\"name\":\"\ud83c\udf0d\ud83c\udfad Derechos Humanos en la Radio: Un Ciclo Imperdible de Microprogramas \ud83d\udd25\ud83c\udf93\"}]},{\"@type\":\"WebSite\",\"@id\":\"https:\/\/www.egana60.cl\/#website\",\"url\":\"https:\/\/www.egana60.cl\/\",\"name\":\"Ega\u00f1a 60\",\"description\":\"Sitios de Memoria\",\"publisher\":{\"@id\":\"https:\/\/www.egana60.cl\/#organization\"},\"potentialAction\":[{\"@type\":\"SearchAction\",\"target\":{\"@type\":\"EntryPoint\",\"urlTemplate\":\"https:\/\/www.egana60.cl\/?s={search_term_string}\"},\"query-input\":{\"@type\":\"PropertyValueSpecification\",\"valueRequired\":true,\"valueName\":\"search_term_string\"}}],\"inLanguage\":\"es\"},{\"@type\":\"Organization\",\"@id\":\"https:\/\/www.egana60.cl\/#organization\",\"name\":\"Coorporac\u00f3n Ega\u00f1a 60\",\"url\":\"https:\/\/www.egana60.cl\/\",\"logo\":{\"@type\":\"ImageObject\",\"inLanguage\":\"es\",\"@id\":\"https:\/\/www.egana60.cl\/#\/schema\/logo\/image\/\",\"url\":\"https:\/\/www.egana60.cl\/wp-content\/uploads\/2023\/12\/logo2-e1701438723519.png\",\"contentUrl\":\"https:\/\/www.egana60.cl\/wp-content\/uploads\/2023\/12\/logo2-e1701438723519.png\",\"width\":80,\"height\":80,\"caption\":\"Coorporac\u00f3n Ega\u00f1a 60\"},\"image\":{\"@id\":\"https:\/\/www.egana60.cl\/#\/schema\/logo\/image\/\"},\"sameAs\":[\"https:\/\/web.facebook.com\/egana60\"]},{\"@type\":\"Person\",\"@id\":\"https:\/\/www.egana60.cl\/#\/schema\/person\/784715b941c14e2212873f5180a48eae\",\"name\":\"admin\",\"image\":{\"@type\":\"ImageObject\",\"inLanguage\":\"es\",\"@id\":\"https:\/\/www.egana60.cl\/#\/schema\/person\/image\/\",\"url\":\"https:\/\/secure.gravatar.com\/avatar\/aac9c7787e0ed8cbfe7d7e1ca66cc8241d79adcb301a80ad91e062a2d22e69e7?s=96&d=mm&r=g\",\"contentUrl\":\"https:\/\/secure.gravatar.com\/avatar\/aac9c7787e0ed8cbfe7d7e1ca66cc8241d79adcb301a80ad91e062a2d22e69e7?s=96&d=mm&r=g\",\"caption\":\"admin\"},\"sameAs\":[\"https:\/\/egana60.cl\",\"https:\/\/x.com\/egana\"],\"url\":\"https:\/\/www.egana60.cl\/index.php\/author\/egana\/\"}]}<\/script>\n<!-- \/ Yoast SEO plugin. -->","yoast_head_json":{"title":"\ud83c\udf0d\ud83c\udfad Derechos Humanos en la Radio: Un Ciclo Imperdible de Microprogramas \ud83d\udd25\ud83c\udf93 - Ega\u00f1a 60","robots":{"index":"index","follow":"follow","max-snippet":"max-snippet:-1","max-image-preview":"max-image-preview:large","max-video-preview":"max-video-preview:-1"},"canonical":"https:\/\/www.egana60.cl\/index.php\/2024\/10\/11\/microprograma-radial\/","og_locale":"es_ES","og_type":"article","og_title":"\ud83c\udf0d\ud83c\udfad Derechos Humanos en la Radio: Un Ciclo Imperdible de Microprogramas \ud83d\udd25\ud83c\udf93 - Ega\u00f1a 60","og_url":"https:\/\/www.egana60.cl\/index.php\/2024\/10\/11\/microprograma-radial\/","og_site_name":"Ega\u00f1a 60","article_publisher":"https:\/\/web.facebook.com\/egana60","article_published_time":"2024-10-11T19:32:05+00:00","article_modified_time":"2024-11-03T00:47:17+00:00","og_image":[{"width":2560,"height":1707,"url":"https:\/\/www.egana60.cl\/wp-content\/uploads\/2024\/08\/WhatsApp-Image-2024-07-30-at-13.46.00-1-scaled.jpeg","type":"image\/jpeg"}],"author":"admin","twitter_card":"summary_large_image","twitter_creator":"@egana","twitter_misc":{"Escrito por":"admin","Tiempo de lectura":"7 minutos"},"schema":{"@context":"https:\/\/schema.org","@graph":[{"@type":"Article","@id":"https:\/\/www.egana60.cl\/index.php\/2024\/10\/11\/microprograma-radial\/#article","isPartOf":{"@id":"https:\/\/www.egana60.cl\/index.php\/2024\/10\/11\/microprograma-radial\/"},"author":{"name":"admin","@id":"https:\/\/www.egana60.cl\/#\/schema\/person\/784715b941c14e2212873f5180a48eae"},"headline":"\ud83c\udf0d\ud83c\udfad Derechos Humanos en la Radio: Un Ciclo Imperdible de Microprogramas \ud83d\udd25\ud83c\udf93","datePublished":"2024-10-11T19:32:05+00:00","dateModified":"2024-11-03T00:47:17+00:00","mainEntityOfPage":{"@id":"https:\/\/www.egana60.cl\/index.php\/2024\/10\/11\/microprograma-radial\/"},"wordCount":1485,"commentCount":0,"publisher":{"@id":"https:\/\/www.egana60.cl\/#organization"},"image":{"@id":"https:\/\/www.egana60.cl\/index.php\/2024\/10\/11\/microprograma-radial\/#primaryimage"},"thumbnailUrl":"https:\/\/i0.wp.com\/www.egana60.cl\/wp-content\/uploads\/2024\/08\/WhatsApp-Image-2024-07-30-at-13.46.00-1-scaled.jpeg?fit=2560%2C1707&ssl=1","articleSection":["Actividades","Communication","Comunicados","Puerto Montt"],"inLanguage":"es","potentialAction":[{"@type":"CommentAction","name":"Comment","target":["https:\/\/www.egana60.cl\/index.php\/2024\/10\/11\/microprograma-radial\/#respond"]}]},{"@type":"WebPage","@id":"https:\/\/www.egana60.cl\/index.php\/2024\/10\/11\/microprograma-radial\/","url":"https:\/\/www.egana60.cl\/index.php\/2024\/10\/11\/microprograma-radial\/","name":"\ud83c\udf0d\ud83c\udfad Derechos Humanos en la Radio: Un Ciclo Imperdible de Microprogramas \ud83d\udd25\ud83c\udf93 - Ega\u00f1a 60","isPartOf":{"@id":"https:\/\/www.egana60.cl\/#website"},"primaryImageOfPage":{"@id":"https:\/\/www.egana60.cl\/index.php\/2024\/10\/11\/microprograma-radial\/#primaryimage"},"image":{"@id":"https:\/\/www.egana60.cl\/index.php\/2024\/10\/11\/microprograma-radial\/#primaryimage"},"thumbnailUrl":"https:\/\/i0.wp.com\/www.egana60.cl\/wp-content\/uploads\/2024\/08\/WhatsApp-Image-2024-07-30-at-13.46.00-1-scaled.jpeg?fit=2560%2C1707&ssl=1","datePublished":"2024-10-11T19:32:05+00:00","dateModified":"2024-11-03T00:47:17+00:00","breadcrumb":{"@id":"https:\/\/www.egana60.cl\/index.php\/2024\/10\/11\/microprograma-radial\/#breadcrumb"},"inLanguage":"es","potentialAction":[{"@type":"ReadAction","target":["https:\/\/www.egana60.cl\/index.php\/2024\/10\/11\/microprograma-radial\/"]}]},{"@type":"ImageObject","inLanguage":"es","@id":"https:\/\/www.egana60.cl\/index.php\/2024\/10\/11\/microprograma-radial\/#primaryimage","url":"https:\/\/i0.wp.com\/www.egana60.cl\/wp-content\/uploads\/2024\/08\/WhatsApp-Image-2024-07-30-at-13.46.00-1-scaled.jpeg?fit=2560%2C1707&ssl=1","contentUrl":"https:\/\/i0.wp.com\/www.egana60.cl\/wp-content\/uploads\/2024\/08\/WhatsApp-Image-2024-07-30-at-13.46.00-1-scaled.jpeg?fit=2560%2C1707&ssl=1","width":2560,"height":1707},{"@type":"BreadcrumbList","@id":"https:\/\/www.egana60.cl\/index.php\/2024\/10\/11\/microprograma-radial\/#breadcrumb","itemListElement":[{"@type":"ListItem","position":1,"name":"Portada","item":"https:\/\/www.egana60.cl\/"},{"@type":"ListItem","position":2,"name":"\ud83c\udf0d\ud83c\udfad Derechos Humanos en la Radio: Un Ciclo Imperdible de Microprogramas \ud83d\udd25\ud83c\udf93"}]},{"@type":"WebSite","@id":"https:\/\/www.egana60.cl\/#website","url":"https:\/\/www.egana60.cl\/","name":"Ega\u00f1a 60","description":"Sitios de Memoria","publisher":{"@id":"https:\/\/www.egana60.cl\/#organization"},"potentialAction":[{"@type":"SearchAction","target":{"@type":"EntryPoint","urlTemplate":"https:\/\/www.egana60.cl\/?s={search_term_string}"},"query-input":{"@type":"PropertyValueSpecification","valueRequired":true,"valueName":"search_term_string"}}],"inLanguage":"es"},{"@type":"Organization","@id":"https:\/\/www.egana60.cl\/#organization","name":"Coorporac\u00f3n Ega\u00f1a 60","url":"https:\/\/www.egana60.cl\/","logo":{"@type":"ImageObject","inLanguage":"es","@id":"https:\/\/www.egana60.cl\/#\/schema\/logo\/image\/","url":"https:\/\/www.egana60.cl\/wp-content\/uploads\/2023\/12\/logo2-e1701438723519.png","contentUrl":"https:\/\/www.egana60.cl\/wp-content\/uploads\/2023\/12\/logo2-e1701438723519.png","width":80,"height":80,"caption":"Coorporac\u00f3n Ega\u00f1a 60"},"image":{"@id":"https:\/\/www.egana60.cl\/#\/schema\/logo\/image\/"},"sameAs":["https:\/\/web.facebook.com\/egana60"]},{"@type":"Person","@id":"https:\/\/www.egana60.cl\/#\/schema\/person\/784715b941c14e2212873f5180a48eae","name":"admin","image":{"@type":"ImageObject","inLanguage":"es","@id":"https:\/\/www.egana60.cl\/#\/schema\/person\/image\/","url":"https:\/\/secure.gravatar.com\/avatar\/aac9c7787e0ed8cbfe7d7e1ca66cc8241d79adcb301a80ad91e062a2d22e69e7?s=96&d=mm&r=g","contentUrl":"https:\/\/secure.gravatar.com\/avatar\/aac9c7787e0ed8cbfe7d7e1ca66cc8241d79adcb301a80ad91e062a2d22e69e7?s=96&d=mm&r=g","caption":"admin"},"sameAs":["https:\/\/egana60.cl","https:\/\/x.com\/egana"],"url":"https:\/\/www.egana60.cl\/index.php\/author\/egana\/"}]}},"jetpack_featured_media_url":"https:\/\/i0.wp.com\/www.egana60.cl\/wp-content\/uploads\/2024\/08\/WhatsApp-Image-2024-07-30-at-13.46.00-1-scaled.jpeg?fit=2560%2C1707&ssl=1","jetpack_sharing_enabled":true,"_links":{"self":[{"href":"https:\/\/www.egana60.cl\/index.php\/wp-json\/wp\/v2\/posts\/3002","targetHints":{"allow":["GET"]}}],"collection":[{"href":"https:\/\/www.egana60.cl\/index.php\/wp-json\/wp\/v2\/posts"}],"about":[{"href":"https:\/\/www.egana60.cl\/index.php\/wp-json\/wp\/v2\/types\/post"}],"author":[{"embeddable":true,"href":"https:\/\/www.egana60.cl\/index.php\/wp-json\/wp\/v2\/users\/1"}],"replies":[{"embeddable":true,"href":"https:\/\/www.egana60.cl\/index.php\/wp-json\/wp\/v2\/comments?post=3002"}],"version-history":[{"count":13,"href":"https:\/\/www.egana60.cl\/index.php\/wp-json\/wp\/v2\/posts\/3002\/revisions"}],"predecessor-version":[{"id":3007,"href":"https:\/\/www.egana60.cl\/index.php\/wp-json\/wp\/v2\/posts\/3002\/revisions\/3007"}],"wp:featuredmedia":[{"embeddable":true,"href":"https:\/\/www.egana60.cl\/index.php\/wp-json\/wp\/v2\/media\/2101"}],"wp:attachment":[{"href":"https:\/\/www.egana60.cl\/index.php\/wp-json\/wp\/v2\/media?parent=3002"}],"wp:term":[{"taxonomy":"category","embeddable":true,"href":"https:\/\/www.egana60.cl\/index.php\/wp-json\/wp\/v2\/categories?post=3002"},{"taxonomy":"post_tag","embeddable":true,"href":"https:\/\/www.egana60.cl\/index.php\/wp-json\/wp\/v2\/tags?post=3002"}],"curies":[{"name":"wp","href":"https:\/\/api.w.org\/{rel}","templated":true}]}}