{"id":3023,"date":"2024-10-31T15:21:11","date_gmt":"2024-10-31T15:21:11","guid":{"rendered":"https:\/\/www.egana60.cl\/?p=3023"},"modified":"2024-10-31T15:22:01","modified_gmt":"2024-10-31T15:22:01","slug":"ministro-alvaro-mesa-condena-a-policias-y-militar-r-por-secuestros-y-torturas-en-puerto-montt-en-tiempos-de-la-dictadura","status":"publish","type":"post","link":"https:\/\/www.egana60.cl\/index.php\/2024\/10\/31\/ministro-alvaro-mesa-condena-a-policias-y-militar-r-por-secuestros-y-torturas-en-puerto-montt-en-tiempos-de-la-dictadura\/","title":{"rendered":"Ministro \u00c1lvaro Mesa condena a polic\u00edas y militar (r) por secuestros y torturas en Puerto Montt en tiempos de la dictadura"},"content":{"rendered":"<p>El ministro en visita extraordinaria para causas por violaciones a los derechos humanos de las jurisdicciones Temuco, Valdivia, Puerto Montt y Coyhaique, \u00c1lvaro Mesa Latorre, conden\u00f3 a cuatro efectivos de la Polic\u00eda de Investigaciones, Carabineros y el Ej\u00e9rcito en retiro, por su responsabilidad en los delitos consumados de secuestro, secuestro con grave da\u00f1o y aplicaci\u00f3n de tormentos a Mar\u00eda Luisa Fern\u00e1ndez Alderete, Bernardino Rivera Altamirano, Carlos Humberto Catepill\u00e1n Guinao, Guillermo Far\u00edas Ruiz, Heriberto Santib\u00e1\u00f1ez Montiel, Jaime Omar Guti\u00e9rrez Gonz\u00e1lez, Jos\u00e9 Teodoro Fern\u00e1ndez Gonz\u00e1lez, Juan Mamerto Ruiz Barr\u00eda, Mar\u00eda Irma Alvarado Barr\u00eda, Orlando Ra\u00fal Arias Mu\u00f1oz, Osvaldo Rub\u00e9n Contreras Mansilla, Ren\u00e9 Alberto Droppelmann A\u00f1azco, Roy Roger Arismendi Soto, Ren\u00e9 Luis Gesell Gesell, Luis Andr\u00e9s Donoso Naranjo, Ricardo Scheuermann Paredes, Rosa Alba Asencio Toledo, Enrique Ch\u00e1vez Chaura, Sigifredo Alberto Bustamante Silva, Manuel Orlando Villegas Guerrero, Ricardo Delgado Navarro, Sebasti\u00e1n Rodrigo Pietro Henr\u00edquez D\u00edaz, Alberto Sa\u00fal Oyarzo Groff, Claudio Esaun Oyarzo Groff, Jos\u00e9 Tabito Ojeda Guzm\u00e1n, Jos\u00e9 Germain Rain Ascencio, Jos\u00e9 Carlos Ortega Vegas, Alfredo Eduardo Cardemil Ram\u00edrez, Jos\u00e9 H\u00e9ctor Rojas Leiva, Jos\u00e9 del Tr\u00e1nsito Uribe y Carlos Mascare\u00f1a D\u00edaz. Il\u00edcitos perpetrados a contar del 11 de septiembre de 1973, en la ciudad de Puerto Montt.<\/p>\n<p>En el fallo (causa rol 10.858), el ministro en visita conden\u00f3 a los detectives de la Polic\u00eda de Investigaciones a la \u00e9poca de los hechos, Roberto Javier D\u00edaz Moya a tres penas efectivas de 10 a\u00f1os de presidio, en calidad de autor de los delitos consumados, en car\u00e1cter de lesa humanidad, de secuestro simple, secuestro con grave da\u00f1o y apremios ileg\u00edtimos o torturas; y a Javier Armando Olavarr\u00eda D\u00edaz, a 10 a\u00f1os de presidio como autor de secuestro con grave da\u00f1o, y dos penas de 9 a\u00f1os de presidio, por secuestro y apremios ileg\u00edtimos (torturas).<\/p>\n<p>En tanto, el teniente en retiro de Carabineros Carlos Segundo Tapia Galleguillos y el otrora capit\u00e1n de Ej\u00e9rcito Eugenio Adri\u00e1n Covarrubias Valenzuela deber\u00e1n cumplir 10 a\u00f1os y dos penas de 8 a\u00f1os de presidio, como autores de los delitos consumados de secuestro con grave da\u00f1o, secuestro y apremios ileg\u00edtimos (torturas), respectivamente.<\/p>\n<p>En el \u00e1mbito civil, el tribunal acogi\u00f3 las demandas interpuestas y conden\u00f3 al fisco a pagar una indemnizaci\u00f3n total de $2.380.000.000 por concepto de da\u00f1o moral, a familiares de las v\u00edctimas; m\u00e1s las costas de la causa.<\/p>\n<p>En la sentencia, el ministro Mesa Latorre dio por acreditados los siguientes hechos:<\/p>\n<p>\u201cA. Que luego de consumado por las Fuerzas Armadas el derrocamiento del Gobierno, la Junta de Gobierno extrapol\u00f3 desde la estructura interna de aquellas, la instauraci\u00f3n de los \u2018Comandos de \u00c1rea Jurisdiccional de Seguridad Interior\u2019 (CAJSI), los que fueron emplazados en ciudades capitales de provincia y que estaban conformados por los comandantes de las distintas unidades de las Fuerzas Armadas y de Orden instaladas en la zona, los que fueron liderados por el oficial m\u00e1s antiguo de ellas, siendo esa persona la autoridad m\u00e1xima que ocupaba el cargo de jefe de Zona en Estado de Sitio.<\/p>\n<p>B. Que dentro de sus funciones principales destacaban los temas relacionados con la administraci\u00f3n y seguridad interior del territorio bajo su jurisdicci\u00f3n, como lo fue el dictar bandos, ordenar la investigaci\u00f3n de situaciones o personas determinadas, disponer allanamientos, la detenci\u00f3n de personas, detectar \u00e1reas de conflicto, coordinar patrullajes y diligencias operativas con participaci\u00f3n de integrantes de las diversas ramas de las Fuerzas Armadas. Tomaban decisiones y planificaban cuestiones de inteligencia, log\u00edstica, operaciones y administrativas. A partir del 11 de septiembre de 1973, las provincias de Llanquihue, Chilo\u00e9 y Palena quedaron bajo la jurisdicci\u00f3n del Comando de \u00c1rea Jurisdiccional de Seguridad Interior (CAJSI) con asiento en la ciudad de Puerto Montt, que oper\u00f3 en dependencia del edificio de la Intendencia Provincial (actual Gobernaci\u00f3n Provincial), ubicado en calle San Mart\u00edn, frente a la plaza de armas.<\/p>\n<p>C. Que los oficiales que conformaron el Comando de \u00c1rea Jurisdiccional de Seguridad Interior (CAJSI) con asiento en la ciudad de Puerto Montt, con jurisdicci\u00f3n, como se se\u00f1al\u00f3 en las provincias antes mencionadas, seg\u00fan lo informado por la Polic\u00eda de Investigaciones de Chile mediante informe policial que rola de fs.14.790 a fs.14.802 (tomo LIII) fueron los siguientes: el general de Brigada A\u00e9rea (A) Sergio Hiram Rodolfo Leigh Guzm\u00e1n (fallecido, seg\u00fan fs. 14.861, tomo LIII),en representaci\u00f3n de la Fuerza A\u00e9rea de Chile, comandante de la Tercera Brigada A\u00e9rea y Ala N\u00b0 5 (Base A\u00e9rea El Tepual), quien ostent\u00f3 el cargo de jefe de Zona en Estado de Excepci\u00f3n y comandante del CAJSI, hasta fines de diciembre del a\u00f1o 1973; el coronel Rub\u00e9n Rojas Rom\u00e1n (fallecido seg\u00fan fs.2.126 (tomo VII), en representaci\u00f3n del Ej\u00e9rcito de Chile; comandante del Regimiento de Infanter\u00eda N\u00b0 12 \u2018Sangra\u2019 de Puerto Montt; el capit\u00e1n de Fragata Osvaldo Federico Pablo Schwarzenberg Stegmaier, en representaci\u00f3n de la Armada de Chile, comandante de la Estaci\u00f3n Naval y gobernador Mar\u00edtimo de Puerto Montt; el teniente coronel Eduardo Partarrieu Navarrete (fallecido seg\u00fan fs.2.124, tomo VII), en representaci\u00f3n de Carabineros de Chile, prefecto de la Provincia de Llanquihue; el subprefecto jefe Vicente Leonel Hormaz\u00e1bal Rojas (fallecido seg\u00fan fs.3.223, tomo XII), en representaci\u00f3n de la Polic\u00eda de Investigaciones de Chile, prefecto de Puerto Montt.<\/p>\n<p>D. Que de igual forma, y con la finalidad de transmitir las instrucciones y directrices del general Sergio Leigh Guzm\u00e1n, como jefe de Zona en Estado de Sitio y comandante del Comando de \u00c1rea Jurisdiccional de Seguridad Interior (CAJSI), se estableci\u00f3 un oficial de enlace con cada una de las instituciones de las Fuerzas Armadas y de Orden existentes en el territorio bajo su mando, labor que le correspondi\u00f3 desempe\u00f1ar a los siguientes oficiales: del Ej\u00e9rcito de Chile, el capit\u00e1n Eugenio Adri\u00e1n Covarrubias Valenzuela, quien estaba a cargo de la Secci\u00f3n Segunda de Inteligencia del Regimiento de Infanter\u00eda N\u00b0 12 \u2018Sangra\u2019 de la ciudad de Puerto Montt; de la Armada de Chile, se desconoce con exactitud el nombre del oficial que cumpl\u00eda dicha funci\u00f3n; de la Fuerza A\u00e9rea de Chile, el coronel Mario Ernesto Jahn Barrera (fallecido seg\u00fan de fs.14.864 bis (tomo LIII), de Carabineros de Chile, el teniente Carlos Segundo Tapia Galleguillos, de la Segunda Comisar\u00eda de Carabineros de Puerto Montt; y de la Polic\u00eda de Investigaciones de Chile, el detective Roberto Javier D\u00edaz Moya, del Departamento de Informaciones de la Prefectura de Puerto Montt.<\/p>\n<p>E. Que al igual que al resto de los organismos a nivel nacional, el Comando de \u00c1rea Jurisdiccional de Seguridad Interior (CAJSI) con asiento en la ciudad de Puerto Montt, adem\u00e1s de su propia inteligencia, se sirvi\u00f3 de todas las unidades de inteligencia de las diversas instituciones de las Fuerzas Armadas y de Orden existentes en la regi\u00f3n. Para tal efecto se cre\u00f3 el Centro o Servicio de Inteligencia Regional (CIRE o SIRE), \u00f3rgano operativo del CAJSI, que, primeramente, con fecha posterior al 11 de septiembre de 1973, estuvo bajo el mando del entonces mayor de Carabineros y comisario de la Prefectura de Llanquihue Caupolic\u00e1n Horacio Arcos Albarrac\u00edn (fallecido, seg\u00fan fs.309 (tomo I). Posteriormente, estuvo a cargo del capit\u00e1n del Ej\u00e9rcito Eugenio Adri\u00e1n Covarrubias Valenzuela, del capit\u00e1n del Ej\u00e9rcito de Chile Ricardo Eugenio Pfaff Mococain, el teniente de Carabineros Gerardo Alejandro Aravena Longa, entre otros oficiales.<\/p>\n<p>F. Que la oficina principal donde funcionaba el Servicio de Inteligencia Regional (CIRE o SIRE), se situaba en el segundo piso del edificio de la Intendencia (actual Gobernaci\u00f3n Provincial), con asiento en la ciudad de Puerto Montt, al cual se acced\u00eda por calle Antonio Varas. En tanto, en el cuartel de la Polic\u00eda de Investigaciones de Puerto Montt, tambi\u00e9n ten\u00edan una oficina en el primer piso, la cual era utilizada como sala de interrogatorio de detenidos (\u2018La Patilla\u2019). Posteriormente, en el a\u00f1o 1974, el Servicio de Inteligencia Regional (CIRE o SIRE) tambi\u00e9n tuvo como dependencia para su funcionamiento, una casa ubicada en la poblaci\u00f3n Antonio Varas de la ciudad de Puerto Montt, la que presumiblemente era una vivienda fiscal perteneciente a la Fuerza A\u00e9rea de Chile.<\/p>\n<p>G. Que conforme a la n\u00f3mina de la Polic\u00eda de Investigaciones, entre los funcionarios de las diferentes instituciones de las Fuerzas Armadas y de Orden, que formaron parte en la \u00e9poca de que se trata, del Servicio de Inteligencia Regional (CIRE o SIRE), se menciona al teniente de Carabineros Carlos Segundo Tapia Galleguillos y al capit\u00e1n de la Fuerza A\u00e9rea Jorge Andr\u00e9s Pastor Enberg Castro (fallecido seg\u00fan fs. 14.862, tomo LIII), entre otros.<\/p>\n<p>H. Que inmediatamente despu\u00e9s de asumir las Fuerzas Armadas el control de la Provincia de Llanquihue, Chilo\u00e9 y Palena, la autoridad militar convoc\u00f3 a diversas personas, que en atenci\u00f3n a sus actividades pol\u00edticas durante el gobierno depuesto, o a las funciones administrativas ejercidas en este, deb\u00edan presentarse en el Regimiento Sangra, ubicado en esa \u00e9poca en el terreno situado en el v\u00e9rtice formado por las calles Ej\u00e9rcito y Regimiento. As\u00ed, fue que el general de la Fuerza A\u00e9rea Sergio Hiram Rodolfo Leigh Guzm\u00e1n, expidi\u00f3 el bando N\u00b0 3, de fecha 11 de septiembre de 1973, esto es, el mismo d\u00eda en que asumi\u00f3 el poder, en cuyo numeral 2\u00b0 se\u00f1ala: \u2018se invita a los siguientes ciudadanos a entregarse al Regimiento Sangra, antes de las 19:00 horas de lo contrario se proceder\u00e1 en su contra: 1) Luis Espinoza Villalobos, 2) Manfredo Riesco, 3) Erardo Garc\u00e9s, 4) Sixto Reyes, 5) F\u00e9lix Verbeken, 6) Rub\u00e9n Lara, 7) \u00c1lex Jim\u00e9nez y 8) Juan Leonhardt, de fs.14.789 (tomo LIII). Esto no fue sino el inicio de una actividad represiva emprendida en contra de quienes en las provincias mencionadas, desempe\u00f1aron cargos administrativos durante el gobierno depuesto y en contra de qui\u00e9nes formaban o se sospechaba que hab\u00edan formado parte de agrupaciones pol\u00edticas afines a aquel o sustentaban ideas similares.<\/p>\n<p>I. Que como consecuencia de las circunstancias anteriormente se\u00f1aladas, integrantes de las Fuerzas Armadas \u2013en algunos casos con orden emanada de la Fiscal\u00eda Militar en Tiempo de Guerra y en otros sin orden alguna\u2013 detuvieron a cientos de personas que en los d\u00edas inmediatamente posteriores al 11 de septiembre de 1973 y fueron trasladadas a dependencias del Regimiento Sangra, pero despu\u00e9s, a medida que las detenciones aumentaron, fueron ingresadas directamente a los calabozos del cuartel de la Polic\u00eda de Investigaciones de Puerto Montt y en cuyas dependencias, ubicadas en un piso superior, eran sometidas a interrogatorios por personal subalterno, suboficiales, bajo el mando y direcci\u00f3n de oficiales superiores, transform\u00e1ndose de este modo ese cuartel en un lugar de detenci\u00f3n, secuestro e interrogatorios bajo torturas de diversa \u00edndole, asistidos log\u00edsticamente por los oficiales que desempe\u00f1aban funciones de inteligencia al interior del Departamento de Inteligencia del CAJSI, entre otros, el capit\u00e1n de Ej\u00e9rcito Eugenio Covarrubias Valenzuela, el teniente de Carabineros Carlos Tapia Galleguillos y el inspector de la Polic\u00eda de Investigaciones, Roberto D\u00edaz Moya.<\/p>\n<p>J. Que la situaci\u00f3n antes descrita comenz\u00f3, como se dijo, a partir del 11 de septiembre de 1973 y se mantuvo durante la permanencia en Puerto Montt del general de la Fuerza A\u00e9rea de Chile Sergio Hiram Rodolfo Leigh Guzm\u00e1n, como jefe de la Plaza, comenzando a cesar despu\u00e9s que asumi\u00f3 su reemplazante, el general de la misma rama, don Juan Soler Manfredini (fallecido, seg\u00fan consta a fs.10.636 tomo XXXIX)\u201d.<\/p>\n<p>Fuente: Poder judicial.<br \/>\nImagen: archivo.<\/p>\n","protected":false},"excerpt":{"rendered":"<p>El ministro en visita extraordinaria para causas por violaciones a [&hellip;]<\/p>\n","protected":false},"author":1,"featured_media":3024,"comment_status":"open","ping_status":"open","sticky":false,"template":"","format":"standard","meta":{"_jetpack_memberships_contains_paid_content":false,"footnotes":""},"categories":[17],"tags":[],"class_list":["post-3023","post","type-post","status-publish","format-standard","has-post-thumbnail","hentry","category-comunicados"],"yoast_head":"<!-- This site is optimized with the Yoast SEO plugin v25.3 - https:\/\/yoast.com\/wordpress\/plugins\/seo\/ -->\n<title>Ministro \u00c1lvaro Mesa condena a polic\u00edas y militar (r) por secuestros y torturas en Puerto Montt en tiempos de la dictadura - Ega\u00f1a 60<\/title>\n<meta name=\"robots\" content=\"index, follow, max-snippet:-1, max-image-preview:large, max-video-preview:-1\" \/>\n<link rel=\"canonical\" href=\"https:\/\/www.egana60.cl\/index.php\/2024\/10\/31\/ministro-alvaro-mesa-condena-a-policias-y-militar-r-por-secuestros-y-torturas-en-puerto-montt-en-tiempos-de-la-dictadura\/\" \/>\n<meta property=\"og:locale\" content=\"es_ES\" \/>\n<meta property=\"og:type\" content=\"article\" \/>\n<meta property=\"og:title\" content=\"Ministro \u00c1lvaro Mesa condena a polic\u00edas y militar (r) por secuestros y torturas en Puerto Montt en tiempos de la dictadura - Ega\u00f1a 60\" \/>\n<meta property=\"og:description\" content=\"El ministro en visita extraordinaria para causas por violaciones a [&hellip;]\" \/>\n<meta property=\"og:url\" content=\"https:\/\/www.egana60.cl\/index.php\/2024\/10\/31\/ministro-alvaro-mesa-condena-a-policias-y-militar-r-por-secuestros-y-torturas-en-puerto-montt-en-tiempos-de-la-dictadura\/\" \/>\n<meta property=\"og:site_name\" content=\"Ega\u00f1a 60\" \/>\n<meta property=\"article:publisher\" content=\"https:\/\/web.facebook.com\/egana60\" \/>\n<meta property=\"article:published_time\" content=\"2024-10-31T15:21:11+00:00\" \/>\n<meta property=\"article:modified_time\" content=\"2024-10-31T15:22:01+00:00\" \/>\n<meta property=\"og:image\" content=\"https:\/\/www.egana60.cl\/wp-content\/uploads\/2024\/10\/slm0o8z4.png\" \/>\n\t<meta property=\"og:image:width\" content=\"640\" \/>\n\t<meta property=\"og:image:height\" content=\"376\" \/>\n\t<meta property=\"og:image:type\" content=\"image\/png\" \/>\n<meta name=\"author\" content=\"admin\" \/>\n<meta name=\"twitter:card\" content=\"summary_large_image\" \/>\n<meta name=\"twitter:creator\" content=\"@egana\" \/>\n<meta name=\"twitter:label1\" content=\"Escrito por\" \/>\n\t<meta name=\"twitter:data1\" content=\"admin\" \/>\n\t<meta name=\"twitter:label2\" content=\"Tiempo de lectura\" \/>\n\t<meta name=\"twitter:data2\" content=\"10 minutos\" \/>\n<script type=\"application\/ld+json\" class=\"yoast-schema-graph\">{\"@context\":\"https:\/\/schema.org\",\"@graph\":[{\"@type\":\"Article\",\"@id\":\"https:\/\/www.egana60.cl\/index.php\/2024\/10\/31\/ministro-alvaro-mesa-condena-a-policias-y-militar-r-por-secuestros-y-torturas-en-puerto-montt-en-tiempos-de-la-dictadura\/#article\",\"isPartOf\":{\"@id\":\"https:\/\/www.egana60.cl\/index.php\/2024\/10\/31\/ministro-alvaro-mesa-condena-a-policias-y-militar-r-por-secuestros-y-torturas-en-puerto-montt-en-tiempos-de-la-dictadura\/\"},\"author\":{\"name\":\"admin\",\"@id\":\"https:\/\/www.egana60.cl\/#\/schema\/person\/784715b941c14e2212873f5180a48eae\"},\"headline\":\"Ministro \u00c1lvaro Mesa condena a polic\u00edas y militar (r) por secuestros y torturas en Puerto Montt en tiempos de la dictadura\",\"datePublished\":\"2024-10-31T15:21:11+00:00\",\"dateModified\":\"2024-10-31T15:22:01+00:00\",\"mainEntityOfPage\":{\"@id\":\"https:\/\/www.egana60.cl\/index.php\/2024\/10\/31\/ministro-alvaro-mesa-condena-a-policias-y-militar-r-por-secuestros-y-torturas-en-puerto-montt-en-tiempos-de-la-dictadura\/\"},\"wordCount\":1990,\"commentCount\":0,\"publisher\":{\"@id\":\"https:\/\/www.egana60.cl\/#organization\"},\"image\":{\"@id\":\"https:\/\/www.egana60.cl\/index.php\/2024\/10\/31\/ministro-alvaro-mesa-condena-a-policias-y-militar-r-por-secuestros-y-torturas-en-puerto-montt-en-tiempos-de-la-dictadura\/#primaryimage\"},\"thumbnailUrl\":\"https:\/\/i0.wp.com\/www.egana60.cl\/wp-content\/uploads\/2024\/10\/slm0o8z4.png?fit=640%2C376&ssl=1\",\"articleSection\":[\"Comunicados\"],\"inLanguage\":\"es\",\"potentialAction\":[{\"@type\":\"CommentAction\",\"name\":\"Comment\",\"target\":[\"https:\/\/www.egana60.cl\/index.php\/2024\/10\/31\/ministro-alvaro-mesa-condena-a-policias-y-militar-r-por-secuestros-y-torturas-en-puerto-montt-en-tiempos-de-la-dictadura\/#respond\"]}]},{\"@type\":\"WebPage\",\"@id\":\"https:\/\/www.egana60.cl\/index.php\/2024\/10\/31\/ministro-alvaro-mesa-condena-a-policias-y-militar-r-por-secuestros-y-torturas-en-puerto-montt-en-tiempos-de-la-dictadura\/\",\"url\":\"https:\/\/www.egana60.cl\/index.php\/2024\/10\/31\/ministro-alvaro-mesa-condena-a-policias-y-militar-r-por-secuestros-y-torturas-en-puerto-montt-en-tiempos-de-la-dictadura\/\",\"name\":\"Ministro \u00c1lvaro Mesa condena a polic\u00edas y militar (r) por secuestros y torturas en Puerto Montt en tiempos de la dictadura - Ega\u00f1a 60\",\"isPartOf\":{\"@id\":\"https:\/\/www.egana60.cl\/#website\"},\"primaryImageOfPage\":{\"@id\":\"https:\/\/www.egana60.cl\/index.php\/2024\/10\/31\/ministro-alvaro-mesa-condena-a-policias-y-militar-r-por-secuestros-y-torturas-en-puerto-montt-en-tiempos-de-la-dictadura\/#primaryimage\"},\"image\":{\"@id\":\"https:\/\/www.egana60.cl\/index.php\/2024\/10\/31\/ministro-alvaro-mesa-condena-a-policias-y-militar-r-por-secuestros-y-torturas-en-puerto-montt-en-tiempos-de-la-dictadura\/#primaryimage\"},\"thumbnailUrl\":\"https:\/\/i0.wp.com\/www.egana60.cl\/wp-content\/uploads\/2024\/10\/slm0o8z4.png?fit=640%2C376&ssl=1\",\"datePublished\":\"2024-10-31T15:21:11+00:00\",\"dateModified\":\"2024-10-31T15:22:01+00:00\",\"breadcrumb\":{\"@id\":\"https:\/\/www.egana60.cl\/index.php\/2024\/10\/31\/ministro-alvaro-mesa-condena-a-policias-y-militar-r-por-secuestros-y-torturas-en-puerto-montt-en-tiempos-de-la-dictadura\/#breadcrumb\"},\"inLanguage\":\"es\",\"potentialAction\":[{\"@type\":\"ReadAction\",\"target\":[\"https:\/\/www.egana60.cl\/index.php\/2024\/10\/31\/ministro-alvaro-mesa-condena-a-policias-y-militar-r-por-secuestros-y-torturas-en-puerto-montt-en-tiempos-de-la-dictadura\/\"]}]},{\"@type\":\"ImageObject\",\"inLanguage\":\"es\",\"@id\":\"https:\/\/www.egana60.cl\/index.php\/2024\/10\/31\/ministro-alvaro-mesa-condena-a-policias-y-militar-r-por-secuestros-y-torturas-en-puerto-montt-en-tiempos-de-la-dictadura\/#primaryimage\",\"url\":\"https:\/\/i0.wp.com\/www.egana60.cl\/wp-content\/uploads\/2024\/10\/slm0o8z4.png?fit=640%2C376&ssl=1\",\"contentUrl\":\"https:\/\/i0.wp.com\/www.egana60.cl\/wp-content\/uploads\/2024\/10\/slm0o8z4.png?fit=640%2C376&ssl=1\",\"width\":640,\"height\":376},{\"@type\":\"BreadcrumbList\",\"@id\":\"https:\/\/www.egana60.cl\/index.php\/2024\/10\/31\/ministro-alvaro-mesa-condena-a-policias-y-militar-r-por-secuestros-y-torturas-en-puerto-montt-en-tiempos-de-la-dictadura\/#breadcrumb\",\"itemListElement\":[{\"@type\":\"ListItem\",\"position\":1,\"name\":\"Portada\",\"item\":\"https:\/\/www.egana60.cl\/\"},{\"@type\":\"ListItem\",\"position\":2,\"name\":\"Ministro \u00c1lvaro Mesa condena a polic\u00edas y militar (r) por secuestros y torturas en Puerto Montt en tiempos de la dictadura\"}]},{\"@type\":\"WebSite\",\"@id\":\"https:\/\/www.egana60.cl\/#website\",\"url\":\"https:\/\/www.egana60.cl\/\",\"name\":\"Ega\u00f1a 60\",\"description\":\"Sitios de Memoria\",\"publisher\":{\"@id\":\"https:\/\/www.egana60.cl\/#organization\"},\"potentialAction\":[{\"@type\":\"SearchAction\",\"target\":{\"@type\":\"EntryPoint\",\"urlTemplate\":\"https:\/\/www.egana60.cl\/?s={search_term_string}\"},\"query-input\":{\"@type\":\"PropertyValueSpecification\",\"valueRequired\":true,\"valueName\":\"search_term_string\"}}],\"inLanguage\":\"es\"},{\"@type\":\"Organization\",\"@id\":\"https:\/\/www.egana60.cl\/#organization\",\"name\":\"Coorporac\u00f3n Ega\u00f1a 60\",\"url\":\"https:\/\/www.egana60.cl\/\",\"logo\":{\"@type\":\"ImageObject\",\"inLanguage\":\"es\",\"@id\":\"https:\/\/www.egana60.cl\/#\/schema\/logo\/image\/\",\"url\":\"https:\/\/www.egana60.cl\/wp-content\/uploads\/2023\/12\/logo2-e1701438723519.png\",\"contentUrl\":\"https:\/\/www.egana60.cl\/wp-content\/uploads\/2023\/12\/logo2-e1701438723519.png\",\"width\":80,\"height\":80,\"caption\":\"Coorporac\u00f3n Ega\u00f1a 60\"},\"image\":{\"@id\":\"https:\/\/www.egana60.cl\/#\/schema\/logo\/image\/\"},\"sameAs\":[\"https:\/\/web.facebook.com\/egana60\"]},{\"@type\":\"Person\",\"@id\":\"https:\/\/www.egana60.cl\/#\/schema\/person\/784715b941c14e2212873f5180a48eae\",\"name\":\"admin\",\"image\":{\"@type\":\"ImageObject\",\"inLanguage\":\"es\",\"@id\":\"https:\/\/www.egana60.cl\/#\/schema\/person\/image\/\",\"url\":\"https:\/\/secure.gravatar.com\/avatar\/aac9c7787e0ed8cbfe7d7e1ca66cc8241d79adcb301a80ad91e062a2d22e69e7?s=96&d=mm&r=g\",\"contentUrl\":\"https:\/\/secure.gravatar.com\/avatar\/aac9c7787e0ed8cbfe7d7e1ca66cc8241d79adcb301a80ad91e062a2d22e69e7?s=96&d=mm&r=g\",\"caption\":\"admin\"},\"sameAs\":[\"https:\/\/egana60.cl\",\"https:\/\/x.com\/egana\"],\"url\":\"https:\/\/www.egana60.cl\/index.php\/author\/egana\/\"}]}<\/script>\n<!-- \/ Yoast SEO plugin. -->","yoast_head_json":{"title":"Ministro \u00c1lvaro Mesa condena a polic\u00edas y militar (r) por secuestros y torturas en Puerto Montt en tiempos de la dictadura - Ega\u00f1a 60","robots":{"index":"index","follow":"follow","max-snippet":"max-snippet:-1","max-image-preview":"max-image-preview:large","max-video-preview":"max-video-preview:-1"},"canonical":"https:\/\/www.egana60.cl\/index.php\/2024\/10\/31\/ministro-alvaro-mesa-condena-a-policias-y-militar-r-por-secuestros-y-torturas-en-puerto-montt-en-tiempos-de-la-dictadura\/","og_locale":"es_ES","og_type":"article","og_title":"Ministro \u00c1lvaro Mesa condena a polic\u00edas y militar (r) por secuestros y torturas en Puerto Montt en tiempos de la dictadura - Ega\u00f1a 60","og_description":"El ministro en visita extraordinaria para causas por violaciones a [&hellip;]","og_url":"https:\/\/www.egana60.cl\/index.php\/2024\/10\/31\/ministro-alvaro-mesa-condena-a-policias-y-militar-r-por-secuestros-y-torturas-en-puerto-montt-en-tiempos-de-la-dictadura\/","og_site_name":"Ega\u00f1a 60","article_publisher":"https:\/\/web.facebook.com\/egana60","article_published_time":"2024-10-31T15:21:11+00:00","article_modified_time":"2024-10-31T15:22:01+00:00","og_image":[{"width":640,"height":376,"url":"https:\/\/www.egana60.cl\/wp-content\/uploads\/2024\/10\/slm0o8z4.png","type":"image\/png"}],"author":"admin","twitter_card":"summary_large_image","twitter_creator":"@egana","twitter_misc":{"Escrito por":"admin","Tiempo de lectura":"10 minutos"},"schema":{"@context":"https:\/\/schema.org","@graph":[{"@type":"Article","@id":"https:\/\/www.egana60.cl\/index.php\/2024\/10\/31\/ministro-alvaro-mesa-condena-a-policias-y-militar-r-por-secuestros-y-torturas-en-puerto-montt-en-tiempos-de-la-dictadura\/#article","isPartOf":{"@id":"https:\/\/www.egana60.cl\/index.php\/2024\/10\/31\/ministro-alvaro-mesa-condena-a-policias-y-militar-r-por-secuestros-y-torturas-en-puerto-montt-en-tiempos-de-la-dictadura\/"},"author":{"name":"admin","@id":"https:\/\/www.egana60.cl\/#\/schema\/person\/784715b941c14e2212873f5180a48eae"},"headline":"Ministro \u00c1lvaro Mesa condena a polic\u00edas y militar (r) por secuestros y torturas en Puerto Montt en tiempos de la dictadura","datePublished":"2024-10-31T15:21:11+00:00","dateModified":"2024-10-31T15:22:01+00:00","mainEntityOfPage":{"@id":"https:\/\/www.egana60.cl\/index.php\/2024\/10\/31\/ministro-alvaro-mesa-condena-a-policias-y-militar-r-por-secuestros-y-torturas-en-puerto-montt-en-tiempos-de-la-dictadura\/"},"wordCount":1990,"commentCount":0,"publisher":{"@id":"https:\/\/www.egana60.cl\/#organization"},"image":{"@id":"https:\/\/www.egana60.cl\/index.php\/2024\/10\/31\/ministro-alvaro-mesa-condena-a-policias-y-militar-r-por-secuestros-y-torturas-en-puerto-montt-en-tiempos-de-la-dictadura\/#primaryimage"},"thumbnailUrl":"https:\/\/i0.wp.com\/www.egana60.cl\/wp-content\/uploads\/2024\/10\/slm0o8z4.png?fit=640%2C376&ssl=1","articleSection":["Comunicados"],"inLanguage":"es","potentialAction":[{"@type":"CommentAction","name":"Comment","target":["https:\/\/www.egana60.cl\/index.php\/2024\/10\/31\/ministro-alvaro-mesa-condena-a-policias-y-militar-r-por-secuestros-y-torturas-en-puerto-montt-en-tiempos-de-la-dictadura\/#respond"]}]},{"@type":"WebPage","@id":"https:\/\/www.egana60.cl\/index.php\/2024\/10\/31\/ministro-alvaro-mesa-condena-a-policias-y-militar-r-por-secuestros-y-torturas-en-puerto-montt-en-tiempos-de-la-dictadura\/","url":"https:\/\/www.egana60.cl\/index.php\/2024\/10\/31\/ministro-alvaro-mesa-condena-a-policias-y-militar-r-por-secuestros-y-torturas-en-puerto-montt-en-tiempos-de-la-dictadura\/","name":"Ministro \u00c1lvaro Mesa condena a polic\u00edas y militar (r) por secuestros y torturas en Puerto Montt en tiempos de la dictadura - Ega\u00f1a 60","isPartOf":{"@id":"https:\/\/www.egana60.cl\/#website"},"primaryImageOfPage":{"@id":"https:\/\/www.egana60.cl\/index.php\/2024\/10\/31\/ministro-alvaro-mesa-condena-a-policias-y-militar-r-por-secuestros-y-torturas-en-puerto-montt-en-tiempos-de-la-dictadura\/#primaryimage"},"image":{"@id":"https:\/\/www.egana60.cl\/index.php\/2024\/10\/31\/ministro-alvaro-mesa-condena-a-policias-y-militar-r-por-secuestros-y-torturas-en-puerto-montt-en-tiempos-de-la-dictadura\/#primaryimage"},"thumbnailUrl":"https:\/\/i0.wp.com\/www.egana60.cl\/wp-content\/uploads\/2024\/10\/slm0o8z4.png?fit=640%2C376&ssl=1","datePublished":"2024-10-31T15:21:11+00:00","dateModified":"2024-10-31T15:22:01+00:00","breadcrumb":{"@id":"https:\/\/www.egana60.cl\/index.php\/2024\/10\/31\/ministro-alvaro-mesa-condena-a-policias-y-militar-r-por-secuestros-y-torturas-en-puerto-montt-en-tiempos-de-la-dictadura\/#breadcrumb"},"inLanguage":"es","potentialAction":[{"@type":"ReadAction","target":["https:\/\/www.egana60.cl\/index.php\/2024\/10\/31\/ministro-alvaro-mesa-condena-a-policias-y-militar-r-por-secuestros-y-torturas-en-puerto-montt-en-tiempos-de-la-dictadura\/"]}]},{"@type":"ImageObject","inLanguage":"es","@id":"https:\/\/www.egana60.cl\/index.php\/2024\/10\/31\/ministro-alvaro-mesa-condena-a-policias-y-militar-r-por-secuestros-y-torturas-en-puerto-montt-en-tiempos-de-la-dictadura\/#primaryimage","url":"https:\/\/i0.wp.com\/www.egana60.cl\/wp-content\/uploads\/2024\/10\/slm0o8z4.png?fit=640%2C376&ssl=1","contentUrl":"https:\/\/i0.wp.com\/www.egana60.cl\/wp-content\/uploads\/2024\/10\/slm0o8z4.png?fit=640%2C376&ssl=1","width":640,"height":376},{"@type":"BreadcrumbList","@id":"https:\/\/www.egana60.cl\/index.php\/2024\/10\/31\/ministro-alvaro-mesa-condena-a-policias-y-militar-r-por-secuestros-y-torturas-en-puerto-montt-en-tiempos-de-la-dictadura\/#breadcrumb","itemListElement":[{"@type":"ListItem","position":1,"name":"Portada","item":"https:\/\/www.egana60.cl\/"},{"@type":"ListItem","position":2,"name":"Ministro \u00c1lvaro Mesa condena a polic\u00edas y militar (r) por secuestros y torturas en Puerto Montt en tiempos de la dictadura"}]},{"@type":"WebSite","@id":"https:\/\/www.egana60.cl\/#website","url":"https:\/\/www.egana60.cl\/","name":"Ega\u00f1a 60","description":"Sitios de Memoria","publisher":{"@id":"https:\/\/www.egana60.cl\/#organization"},"potentialAction":[{"@type":"SearchAction","target":{"@type":"EntryPoint","urlTemplate":"https:\/\/www.egana60.cl\/?s={search_term_string}"},"query-input":{"@type":"PropertyValueSpecification","valueRequired":true,"valueName":"search_term_string"}}],"inLanguage":"es"},{"@type":"Organization","@id":"https:\/\/www.egana60.cl\/#organization","name":"Coorporac\u00f3n Ega\u00f1a 60","url":"https:\/\/www.egana60.cl\/","logo":{"@type":"ImageObject","inLanguage":"es","@id":"https:\/\/www.egana60.cl\/#\/schema\/logo\/image\/","url":"https:\/\/www.egana60.cl\/wp-content\/uploads\/2023\/12\/logo2-e1701438723519.png","contentUrl":"https:\/\/www.egana60.cl\/wp-content\/uploads\/2023\/12\/logo2-e1701438723519.png","width":80,"height":80,"caption":"Coorporac\u00f3n Ega\u00f1a 60"},"image":{"@id":"https:\/\/www.egana60.cl\/#\/schema\/logo\/image\/"},"sameAs":["https:\/\/web.facebook.com\/egana60"]},{"@type":"Person","@id":"https:\/\/www.egana60.cl\/#\/schema\/person\/784715b941c14e2212873f5180a48eae","name":"admin","image":{"@type":"ImageObject","inLanguage":"es","@id":"https:\/\/www.egana60.cl\/#\/schema\/person\/image\/","url":"https:\/\/secure.gravatar.com\/avatar\/aac9c7787e0ed8cbfe7d7e1ca66cc8241d79adcb301a80ad91e062a2d22e69e7?s=96&d=mm&r=g","contentUrl":"https:\/\/secure.gravatar.com\/avatar\/aac9c7787e0ed8cbfe7d7e1ca66cc8241d79adcb301a80ad91e062a2d22e69e7?s=96&d=mm&r=g","caption":"admin"},"sameAs":["https:\/\/egana60.cl","https:\/\/x.com\/egana"],"url":"https:\/\/www.egana60.cl\/index.php\/author\/egana\/"}]}},"jetpack_featured_media_url":"https:\/\/i0.wp.com\/www.egana60.cl\/wp-content\/uploads\/2024\/10\/slm0o8z4.png?fit=640%2C376&ssl=1","jetpack_sharing_enabled":true,"_links":{"self":[{"href":"https:\/\/www.egana60.cl\/index.php\/wp-json\/wp\/v2\/posts\/3023","targetHints":{"allow":["GET"]}}],"collection":[{"href":"https:\/\/www.egana60.cl\/index.php\/wp-json\/wp\/v2\/posts"}],"about":[{"href":"https:\/\/www.egana60.cl\/index.php\/wp-json\/wp\/v2\/types\/post"}],"author":[{"embeddable":true,"href":"https:\/\/www.egana60.cl\/index.php\/wp-json\/wp\/v2\/users\/1"}],"replies":[{"embeddable":true,"href":"https:\/\/www.egana60.cl\/index.php\/wp-json\/wp\/v2\/comments?post=3023"}],"version-history":[{"count":1,"href":"https:\/\/www.egana60.cl\/index.php\/wp-json\/wp\/v2\/posts\/3023\/revisions"}],"predecessor-version":[{"id":3025,"href":"https:\/\/www.egana60.cl\/index.php\/wp-json\/wp\/v2\/posts\/3023\/revisions\/3025"}],"wp:featuredmedia":[{"embeddable":true,"href":"https:\/\/www.egana60.cl\/index.php\/wp-json\/wp\/v2\/media\/3024"}],"wp:attachment":[{"href":"https:\/\/www.egana60.cl\/index.php\/wp-json\/wp\/v2\/media?parent=3023"}],"wp:term":[{"taxonomy":"category","embeddable":true,"href":"https:\/\/www.egana60.cl\/index.php\/wp-json\/wp\/v2\/categories?post=3023"},{"taxonomy":"post_tag","embeddable":true,"href":"https:\/\/www.egana60.cl\/index.php\/wp-json\/wp\/v2\/tags?post=3023"}],"curies":[{"name":"wp","href":"https:\/\/api.w.org\/{rel}","templated":true}]}}