{"id":3039,"date":"2024-11-04T00:24:09","date_gmt":"2024-11-04T00:24:09","guid":{"rendered":"https:\/\/www.egana60.cl\/?p=3039"},"modified":"2024-11-04T01:30:54","modified_gmt":"2024-11-04T01:30:54","slug":"condenan-a-cuatro-ex-agentes-del-estado-por-violaciones-a-los-derechos-humanos","status":"publish","type":"post","link":"https:\/\/www.egana60.cl\/index.php\/2024\/11\/04\/condenan-a-cuatro-ex-agentes-del-estado-por-violaciones-a-los-derechos-humanos\/","title":{"rendered":"Condenan a Cuatro Ex Agentes del Estado por Violaciones a los Derechos Humanos"},"content":{"rendered":"<p>En una sentencia hist\u00f3rica, el ministro \u00c1lvaro Mesa dict\u00f3 condenas de hasta 30 a\u00f1os para cuatro ex funcionarios del Estado, miembros de la Polic\u00eda de Investigaciones, Carabineros y el Ej\u00e9rcito, por su implicaci\u00f3n en los cr\u00edmenes de secuestro, tortura y apremios ileg\u00edtimos, en calidad de lesa humanidad. Estos delitos afectaron a 31 v\u00edctimas desde el golpe militar de 1973, y se centraron en el infame cuartel de la Polic\u00eda de Investigaciones en Puerto Montt, reconocido como un centro de tortura.<\/p>\n<p>Entre los condenados est\u00e1n Roberto Javier D\u00edaz Moya y Javier Armando Olavarr\u00eda D\u00edaz, ambos de la PDI; Carlos Segundo Tapia Galleguillos, teniente en retiro de Carabineros; y Eugenio Adri\u00e1n Covarrubias Valenzuela, excapit\u00e1n del Ej\u00e9rcito. Actualmente, Tapia y Covarrubias cumplen condenas adicionales en el penal de Punta Peuco por delitos similares.<\/p>\n<p>El tribunal tambi\u00e9n orden\u00f3 al fisco de Chile pagar una indemnizaci\u00f3n de $2.380 millones por da\u00f1o moral a los familiares de las v\u00edctimas. Este fallo subraya un esfuerzo continuo por justicia para aquellos afectados durante el r\u00e9gimen militar y destaca las luchas a\u00fan vigentes en materia de derechos humanos en Chile.<\/p>\n<p><strong>Condenan a 4 ex agentes del Estado por torturas en contra de 31 v\u00edctimas<\/strong><\/p>\n<p><strong>Puerto Montt.<\/strong> En un fallo de primera instancia, el ministro en visita \u00c1lvaro Mesa dict\u00f3 condenas de hasta 30 a\u00f1os de c\u00e1rcel para miembros en retiro de la Polic\u00eda de Investigaciones (PDI), Ej\u00e9rcito y Carabineros. Adem\u00e1s, el fisco deber\u00e1 pagar una indemnizaci\u00f3n de $2.380 millones.<\/p>\n<p>A m\u00e1s de 50 a\u00f1os del golpe militar, el ministro en visita extraordinaria para causas por violaciones a los derechos humanos, \u00c1lvaro Mesa, dict\u00f3 condenas de primera instancia en contra de cuatro funcionarios en retiro \u2014dos de la PDI, uno de Carabineros y otro del Ej\u00e9rcito\u2014 por su responsabilidad en los delitos consumados de secuestro, secuestro con grave da\u00f1o y aplicaci\u00f3n de tormentos en contra de 31 v\u00edctimas, todos ocurridos a partir del 11 de septiembre de 1973.<\/p>\n<p>En la sentencia aplicada en la causa rol N\u00b010.858-P, el ministro designado para las jurisdicciones de Temuco, Valdivia, Puerto Montt y Coyhaique resolvi\u00f3 condenar a los detectives de la Polic\u00eda de Investigaciones de la \u00e9poca: Roberto Javier D\u00edaz Moya, a tres penas efectivas de 10 a\u00f1os de presidio, en calidad de autor de los delitos consumados de secuestro simple, secuestro con grave da\u00f1o y apremios ileg\u00edtimos (torturas), en car\u00e1cter de lesa humanidad; y a Javier Armando Olavarr\u00eda D\u00edaz, a 10 a\u00f1os de presidio como autor de secuestro con grave da\u00f1o, y dos penas de 9 a\u00f1os de presidio por secuestro y apremios ileg\u00edtimos.<\/p>\n<p>Adem\u00e1s, se sumaron condenas contra el teniente en retiro de Carabineros, Carlos Segundo Tapia Galleguillos, y el excapit\u00e1n de Ej\u00e9rcito, Eugenio Adri\u00e1n Covarrubias Valenzuela, quienes deber\u00e1n cumplir 10 a\u00f1os y dos penas de 8 a\u00f1os de presidio, como autores de los delitos consumados de secuestro con grave da\u00f1o, secuestro y apremios ileg\u00edtimos (torturas). Actualmente, ambos cumplen reclusi\u00f3n en el Penal de Punta Peuco por violaciones a los derechos humanos.<\/p>\n<p>En el \u00e1mbito civil, el tribunal acogi\u00f3 las demandas interpuestas por los afectados y conden\u00f3 al fisco de Chile a pagar una indemnizaci\u00f3n total de $2.380 millones por concepto de da\u00f1o moral a familiares de las v\u00edctimas, adem\u00e1s de las costas de la causa.<\/p>\n<h3>Cuartel de Ega\u00f1a 60<\/h3>\n<p>Seg\u00fan la investigaci\u00f3n del ministro Mesa, estos il\u00edcitos se cometieron principalmente en el cuartel de la Polic\u00eda de Investigaciones de Puerto Montt (Ega\u00f1a 60), donde en un piso superior se realizaban interrogatorios bajo tortura, dirigidos por oficiales de inteligencia del Departamento de Inteligencia del CAJSI. En este lugar participaron el capit\u00e1n del Ej\u00e9rcito Eugenio Covarrubias Valenzuela, el teniente de Carabineros Carlos Tapia Galleguillos y el inspector de la Polic\u00eda de Investigaciones Roberto D\u00edaz Moya.<\/p>\n<h3>Ex Intendencia Regional<\/h3>\n<p>El CAJSI (Comando de \u00c1rea Jurisdiccional de Seguridad Interior) estaba formado por comandantes de las Fuerzas Armadas y de Orden en la zona, liderado por el oficial de mayor rango, quien ejerc\u00eda como jefe de Zona en Estado de Sitio. En la Regi\u00f3n de Los Lagos, este rol fue desempe\u00f1ado por el general Sergio Leigh Guzm\u00e1n. En Puerto Montt, el comando oper\u00f3 en la Intendencia Provincial (actual Gobernaci\u00f3n Provincial), ubicada en la calle San Mart\u00edn, frente a la plaza de Armas.<\/p>\n<p>Dentro de las funciones principales del CAJSI destacaban la administraci\u00f3n y seguridad interior de su territorio, dictando bandos, ordenando investigaciones, allanamientos, detenciones, y coordinando operativos de inteligencia y log\u00edstica con todas las ramas de las Fuerzas Armadas. El \u00f3rgano operativo de este comando era el Centro o Servicio de Inteligencia Regional (CIRE o SIRE), cuya oficina principal se ubicaba en el segundo piso del edificio de la ex Intendencia.<\/p>\n<p>El cuartel de la Polic\u00eda de Investigaciones de Puerto Montt contaba con una sala de interrogatorios llamada \u2018La Patilla\u2019. Desde 1974, funcion\u00f3 adem\u00e1s en una vivienda fiscal de la Fuerza A\u00e9rea de Chile en la poblaci\u00f3n Antonio Varas.<\/p>\n<h3>Las v\u00edctimas<\/h3>\n<p>Las 31 v\u00edctimas ten\u00edan entre 16 y 44 a\u00f1os en 1973. Uno de ellos fue Bernardino Rivera Altamirano, hermano del consejero regional Manuel Rivera. Bernardino, de 29 a\u00f1os en aquel entonces, fue detenido en el consultorio de Puerto Varas en octubre de 1973 y trasladado al cuartel de la PDI en Puerto Montt, donde sufri\u00f3 tormentos. Fue procesado por la Fiscal\u00eda Militar de Puerto Montt y recluido en la c\u00e1rcel de Chin Chin. En diciembre de 1973 fue relegado a Melinka, donde debi\u00f3 firmar regularmente en el ret\u00e9n local.<\/p>\n<p>La lista de personas v\u00edctimas de apremios en estas dependencias incluye a Mar\u00eda Luisa Fern\u00e1ndez Alderete, Bernardino Rivera Altamirano, Carlos Humberto Catepill\u00e1n Guinao, Guillermo Far\u00edas Ruiz, Heriberto Santib\u00e1\u00f1ez Montiel, Jaime Omar Guti\u00e9rrez Gonz\u00e1lez, Jos\u00e9 Teodoro Fern\u00e1ndez Gonz\u00e1lez, Juan Mamerto Ruiz Barr\u00eda, Mar\u00eda Irma Alvarado Barr\u00eda, Orlando Ra\u00fal Arias Mu\u00f1oz, Osvaldo Rub\u00e9n Contreras Mansilla, Ren\u00e9 Alberto Droppelman A\u00f1azco, Roy Roger Arismendi Soto, Ren\u00e9 Luis Gesell Gesell, Luis Andr\u00e9s Donoso Naranjo, Ricardo Scheuermann Paredes, Rosa Alba Asencio Toledo, Enrique Ch\u00e1vez Chaura, Sigifredo Alberto Bustamante Silva, Manuel Orlando Villegas Guerrero, Ricardo Delgado Navarro, Sebasti\u00e1n Rodrigo Pietro Henr\u00edquez D\u00edaz, Alberto Sa\u00fal Oyarzo Groff, Claudio Esaun Oyarzo Groff, Jos\u00e9 Tabito Ojeda Guzm\u00e1n, Jos\u00e9 Germain Rain Ascencio, Jos\u00e9 Carlos Ortega Vegas, Alfredo Eduardo Cardemil Ram\u00edrez, Jos\u00e9 H\u00e9ctor Rojas Leiva, Jos\u00e9 del Tr\u00e1nsito Uribe y Carlos Mascare\u00f1a D\u00edaz.<\/p>\n<p><em>Fuente: Diario El Llanquihue<\/em><\/p>\n","protected":false},"excerpt":{"rendered":"<p>En una sentencia hist\u00f3rica, el ministro \u00c1lvaro Mesa dict\u00f3 condenas [&hellip;]<\/p>\n","protected":false},"author":1,"featured_media":1327,"comment_status":"open","ping_status":"open","sticky":false,"template":"","format":"standard","meta":{"_jetpack_memberships_contains_paid_content":false,"footnotes":""},"categories":[20],"tags":[],"class_list":["post-3039","post","type-post","status-publish","format-standard","has-post-thumbnail","hentry","category-puerto-montt"],"yoast_head":"<!-- This site is optimized with the Yoast SEO plugin v25.3 - https:\/\/yoast.com\/wordpress\/plugins\/seo\/ -->\n<title>Condenan a Cuatro Ex Agentes del Estado por Violaciones a los Derechos Humanos - Ega\u00f1a 60<\/title>\n<meta name=\"robots\" content=\"index, follow, max-snippet:-1, max-image-preview:large, max-video-preview:-1\" \/>\n<link rel=\"canonical\" href=\"https:\/\/www.egana60.cl\/index.php\/2024\/11\/04\/condenan-a-cuatro-ex-agentes-del-estado-por-violaciones-a-los-derechos-humanos\/\" \/>\n<meta property=\"og:locale\" content=\"es_ES\" \/>\n<meta property=\"og:type\" content=\"article\" \/>\n<meta property=\"og:title\" content=\"Condenan a Cuatro Ex Agentes del Estado por Violaciones a los Derechos Humanos - Ega\u00f1a 60\" \/>\n<meta property=\"og:description\" content=\"En una sentencia hist\u00f3rica, el ministro \u00c1lvaro Mesa dict\u00f3 condenas [&hellip;]\" \/>\n<meta property=\"og:url\" content=\"https:\/\/www.egana60.cl\/index.php\/2024\/11\/04\/condenan-a-cuatro-ex-agentes-del-estado-por-violaciones-a-los-derechos-humanos\/\" \/>\n<meta property=\"og:site_name\" content=\"Ega\u00f1a 60\" \/>\n<meta property=\"article:publisher\" content=\"https:\/\/web.facebook.com\/egana60\" \/>\n<meta property=\"article:published_time\" content=\"2024-11-04T00:24:09+00:00\" \/>\n<meta property=\"article:modified_time\" content=\"2024-11-04T01:30:54+00:00\" \/>\n<meta property=\"og:image\" content=\"https:\/\/www.egana60.cl\/wp-content\/uploads\/2023\/11\/2023-b.jpg\" \/>\n\t<meta property=\"og:image:width\" content=\"1366\" \/>\n\t<meta property=\"og:image:height\" content=\"768\" \/>\n\t<meta property=\"og:image:type\" content=\"image\/jpeg\" \/>\n<meta name=\"author\" content=\"admin\" \/>\n<meta name=\"twitter:card\" content=\"summary_large_image\" \/>\n<meta name=\"twitter:creator\" content=\"@egana\" \/>\n<meta name=\"twitter:label1\" content=\"Escrito por\" \/>\n\t<meta name=\"twitter:data1\" content=\"admin\" \/>\n\t<meta name=\"twitter:label2\" content=\"Tiempo de lectura\" \/>\n\t<meta name=\"twitter:data2\" content=\"6 minutos\" \/>\n<script type=\"application\/ld+json\" class=\"yoast-schema-graph\">{\"@context\":\"https:\/\/schema.org\",\"@graph\":[{\"@type\":\"Article\",\"@id\":\"https:\/\/www.egana60.cl\/index.php\/2024\/11\/04\/condenan-a-cuatro-ex-agentes-del-estado-por-violaciones-a-los-derechos-humanos\/#article\",\"isPartOf\":{\"@id\":\"https:\/\/www.egana60.cl\/index.php\/2024\/11\/04\/condenan-a-cuatro-ex-agentes-del-estado-por-violaciones-a-los-derechos-humanos\/\"},\"author\":{\"name\":\"admin\",\"@id\":\"https:\/\/www.egana60.cl\/#\/schema\/person\/784715b941c14e2212873f5180a48eae\"},\"headline\":\"Condenan a Cuatro Ex Agentes del Estado por Violaciones a los Derechos Humanos\",\"datePublished\":\"2024-11-04T00:24:09+00:00\",\"dateModified\":\"2024-11-04T01:30:54+00:00\",\"mainEntityOfPage\":{\"@id\":\"https:\/\/www.egana60.cl\/index.php\/2024\/11\/04\/condenan-a-cuatro-ex-agentes-del-estado-por-violaciones-a-los-derechos-humanos\/\"},\"wordCount\":1135,\"commentCount\":0,\"publisher\":{\"@id\":\"https:\/\/www.egana60.cl\/#organization\"},\"image\":{\"@id\":\"https:\/\/www.egana60.cl\/index.php\/2024\/11\/04\/condenan-a-cuatro-ex-agentes-del-estado-por-violaciones-a-los-derechos-humanos\/#primaryimage\"},\"thumbnailUrl\":\"https:\/\/i0.wp.com\/www.egana60.cl\/wp-content\/uploads\/2023\/11\/2023-b.jpg?fit=1366%2C768&ssl=1\",\"articleSection\":[\"Puerto Montt\"],\"inLanguage\":\"es\",\"potentialAction\":[{\"@type\":\"CommentAction\",\"name\":\"Comment\",\"target\":[\"https:\/\/www.egana60.cl\/index.php\/2024\/11\/04\/condenan-a-cuatro-ex-agentes-del-estado-por-violaciones-a-los-derechos-humanos\/#respond\"]}]},{\"@type\":\"WebPage\",\"@id\":\"https:\/\/www.egana60.cl\/index.php\/2024\/11\/04\/condenan-a-cuatro-ex-agentes-del-estado-por-violaciones-a-los-derechos-humanos\/\",\"url\":\"https:\/\/www.egana60.cl\/index.php\/2024\/11\/04\/condenan-a-cuatro-ex-agentes-del-estado-por-violaciones-a-los-derechos-humanos\/\",\"name\":\"Condenan a Cuatro Ex Agentes del Estado por Violaciones a los Derechos Humanos - Ega\u00f1a 60\",\"isPartOf\":{\"@id\":\"https:\/\/www.egana60.cl\/#website\"},\"primaryImageOfPage\":{\"@id\":\"https:\/\/www.egana60.cl\/index.php\/2024\/11\/04\/condenan-a-cuatro-ex-agentes-del-estado-por-violaciones-a-los-derechos-humanos\/#primaryimage\"},\"image\":{\"@id\":\"https:\/\/www.egana60.cl\/index.php\/2024\/11\/04\/condenan-a-cuatro-ex-agentes-del-estado-por-violaciones-a-los-derechos-humanos\/#primaryimage\"},\"thumbnailUrl\":\"https:\/\/i0.wp.com\/www.egana60.cl\/wp-content\/uploads\/2023\/11\/2023-b.jpg?fit=1366%2C768&ssl=1\",\"datePublished\":\"2024-11-04T00:24:09+00:00\",\"dateModified\":\"2024-11-04T01:30:54+00:00\",\"breadcrumb\":{\"@id\":\"https:\/\/www.egana60.cl\/index.php\/2024\/11\/04\/condenan-a-cuatro-ex-agentes-del-estado-por-violaciones-a-los-derechos-humanos\/#breadcrumb\"},\"inLanguage\":\"es\",\"potentialAction\":[{\"@type\":\"ReadAction\",\"target\":[\"https:\/\/www.egana60.cl\/index.php\/2024\/11\/04\/condenan-a-cuatro-ex-agentes-del-estado-por-violaciones-a-los-derechos-humanos\/\"]}]},{\"@type\":\"ImageObject\",\"inLanguage\":\"es\",\"@id\":\"https:\/\/www.egana60.cl\/index.php\/2024\/11\/04\/condenan-a-cuatro-ex-agentes-del-estado-por-violaciones-a-los-derechos-humanos\/#primaryimage\",\"url\":\"https:\/\/i0.wp.com\/www.egana60.cl\/wp-content\/uploads\/2023\/11\/2023-b.jpg?fit=1366%2C768&ssl=1\",\"contentUrl\":\"https:\/\/i0.wp.com\/www.egana60.cl\/wp-content\/uploads\/2023\/11\/2023-b.jpg?fit=1366%2C768&ssl=1\",\"width\":1366,\"height\":768},{\"@type\":\"BreadcrumbList\",\"@id\":\"https:\/\/www.egana60.cl\/index.php\/2024\/11\/04\/condenan-a-cuatro-ex-agentes-del-estado-por-violaciones-a-los-derechos-humanos\/#breadcrumb\",\"itemListElement\":[{\"@type\":\"ListItem\",\"position\":1,\"name\":\"Portada\",\"item\":\"https:\/\/www.egana60.cl\/\"},{\"@type\":\"ListItem\",\"position\":2,\"name\":\"Condenan a Cuatro Ex Agentes del Estado por Violaciones a los Derechos Humanos\"}]},{\"@type\":\"WebSite\",\"@id\":\"https:\/\/www.egana60.cl\/#website\",\"url\":\"https:\/\/www.egana60.cl\/\",\"name\":\"Ega\u00f1a 60\",\"description\":\"Sitios de Memoria\",\"publisher\":{\"@id\":\"https:\/\/www.egana60.cl\/#organization\"},\"potentialAction\":[{\"@type\":\"SearchAction\",\"target\":{\"@type\":\"EntryPoint\",\"urlTemplate\":\"https:\/\/www.egana60.cl\/?s={search_term_string}\"},\"query-input\":{\"@type\":\"PropertyValueSpecification\",\"valueRequired\":true,\"valueName\":\"search_term_string\"}}],\"inLanguage\":\"es\"},{\"@type\":\"Organization\",\"@id\":\"https:\/\/www.egana60.cl\/#organization\",\"name\":\"Coorporac\u00f3n Ega\u00f1a 60\",\"url\":\"https:\/\/www.egana60.cl\/\",\"logo\":{\"@type\":\"ImageObject\",\"inLanguage\":\"es\",\"@id\":\"https:\/\/www.egana60.cl\/#\/schema\/logo\/image\/\",\"url\":\"https:\/\/www.egana60.cl\/wp-content\/uploads\/2023\/12\/logo2-e1701438723519.png\",\"contentUrl\":\"https:\/\/www.egana60.cl\/wp-content\/uploads\/2023\/12\/logo2-e1701438723519.png\",\"width\":80,\"height\":80,\"caption\":\"Coorporac\u00f3n Ega\u00f1a 60\"},\"image\":{\"@id\":\"https:\/\/www.egana60.cl\/#\/schema\/logo\/image\/\"},\"sameAs\":[\"https:\/\/web.facebook.com\/egana60\"]},{\"@type\":\"Person\",\"@id\":\"https:\/\/www.egana60.cl\/#\/schema\/person\/784715b941c14e2212873f5180a48eae\",\"name\":\"admin\",\"image\":{\"@type\":\"ImageObject\",\"inLanguage\":\"es\",\"@id\":\"https:\/\/www.egana60.cl\/#\/schema\/person\/image\/\",\"url\":\"https:\/\/secure.gravatar.com\/avatar\/aac9c7787e0ed8cbfe7d7e1ca66cc8241d79adcb301a80ad91e062a2d22e69e7?s=96&d=mm&r=g\",\"contentUrl\":\"https:\/\/secure.gravatar.com\/avatar\/aac9c7787e0ed8cbfe7d7e1ca66cc8241d79adcb301a80ad91e062a2d22e69e7?s=96&d=mm&r=g\",\"caption\":\"admin\"},\"sameAs\":[\"https:\/\/egana60.cl\",\"https:\/\/x.com\/egana\"],\"url\":\"https:\/\/www.egana60.cl\/index.php\/author\/egana\/\"}]}<\/script>\n<!-- \/ Yoast SEO plugin. -->","yoast_head_json":{"title":"Condenan a Cuatro Ex Agentes del Estado por Violaciones a los Derechos Humanos - Ega\u00f1a 60","robots":{"index":"index","follow":"follow","max-snippet":"max-snippet:-1","max-image-preview":"max-image-preview:large","max-video-preview":"max-video-preview:-1"},"canonical":"https:\/\/www.egana60.cl\/index.php\/2024\/11\/04\/condenan-a-cuatro-ex-agentes-del-estado-por-violaciones-a-los-derechos-humanos\/","og_locale":"es_ES","og_type":"article","og_title":"Condenan a Cuatro Ex Agentes del Estado por Violaciones a los Derechos Humanos - Ega\u00f1a 60","og_description":"En una sentencia hist\u00f3rica, el ministro \u00c1lvaro Mesa dict\u00f3 condenas [&hellip;]","og_url":"https:\/\/www.egana60.cl\/index.php\/2024\/11\/04\/condenan-a-cuatro-ex-agentes-del-estado-por-violaciones-a-los-derechos-humanos\/","og_site_name":"Ega\u00f1a 60","article_publisher":"https:\/\/web.facebook.com\/egana60","article_published_time":"2024-11-04T00:24:09+00:00","article_modified_time":"2024-11-04T01:30:54+00:00","og_image":[{"width":1366,"height":768,"url":"https:\/\/www.egana60.cl\/wp-content\/uploads\/2023\/11\/2023-b.jpg","type":"image\/jpeg"}],"author":"admin","twitter_card":"summary_large_image","twitter_creator":"@egana","twitter_misc":{"Escrito por":"admin","Tiempo de lectura":"6 minutos"},"schema":{"@context":"https:\/\/schema.org","@graph":[{"@type":"Article","@id":"https:\/\/www.egana60.cl\/index.php\/2024\/11\/04\/condenan-a-cuatro-ex-agentes-del-estado-por-violaciones-a-los-derechos-humanos\/#article","isPartOf":{"@id":"https:\/\/www.egana60.cl\/index.php\/2024\/11\/04\/condenan-a-cuatro-ex-agentes-del-estado-por-violaciones-a-los-derechos-humanos\/"},"author":{"name":"admin","@id":"https:\/\/www.egana60.cl\/#\/schema\/person\/784715b941c14e2212873f5180a48eae"},"headline":"Condenan a Cuatro Ex Agentes del Estado por Violaciones a los Derechos Humanos","datePublished":"2024-11-04T00:24:09+00:00","dateModified":"2024-11-04T01:30:54+00:00","mainEntityOfPage":{"@id":"https:\/\/www.egana60.cl\/index.php\/2024\/11\/04\/condenan-a-cuatro-ex-agentes-del-estado-por-violaciones-a-los-derechos-humanos\/"},"wordCount":1135,"commentCount":0,"publisher":{"@id":"https:\/\/www.egana60.cl\/#organization"},"image":{"@id":"https:\/\/www.egana60.cl\/index.php\/2024\/11\/04\/condenan-a-cuatro-ex-agentes-del-estado-por-violaciones-a-los-derechos-humanos\/#primaryimage"},"thumbnailUrl":"https:\/\/i0.wp.com\/www.egana60.cl\/wp-content\/uploads\/2023\/11\/2023-b.jpg?fit=1366%2C768&ssl=1","articleSection":["Puerto Montt"],"inLanguage":"es","potentialAction":[{"@type":"CommentAction","name":"Comment","target":["https:\/\/www.egana60.cl\/index.php\/2024\/11\/04\/condenan-a-cuatro-ex-agentes-del-estado-por-violaciones-a-los-derechos-humanos\/#respond"]}]},{"@type":"WebPage","@id":"https:\/\/www.egana60.cl\/index.php\/2024\/11\/04\/condenan-a-cuatro-ex-agentes-del-estado-por-violaciones-a-los-derechos-humanos\/","url":"https:\/\/www.egana60.cl\/index.php\/2024\/11\/04\/condenan-a-cuatro-ex-agentes-del-estado-por-violaciones-a-los-derechos-humanos\/","name":"Condenan a Cuatro Ex Agentes del Estado por Violaciones a los Derechos Humanos - Ega\u00f1a 60","isPartOf":{"@id":"https:\/\/www.egana60.cl\/#website"},"primaryImageOfPage":{"@id":"https:\/\/www.egana60.cl\/index.php\/2024\/11\/04\/condenan-a-cuatro-ex-agentes-del-estado-por-violaciones-a-los-derechos-humanos\/#primaryimage"},"image":{"@id":"https:\/\/www.egana60.cl\/index.php\/2024\/11\/04\/condenan-a-cuatro-ex-agentes-del-estado-por-violaciones-a-los-derechos-humanos\/#primaryimage"},"thumbnailUrl":"https:\/\/i0.wp.com\/www.egana60.cl\/wp-content\/uploads\/2023\/11\/2023-b.jpg?fit=1366%2C768&ssl=1","datePublished":"2024-11-04T00:24:09+00:00","dateModified":"2024-11-04T01:30:54+00:00","breadcrumb":{"@id":"https:\/\/www.egana60.cl\/index.php\/2024\/11\/04\/condenan-a-cuatro-ex-agentes-del-estado-por-violaciones-a-los-derechos-humanos\/#breadcrumb"},"inLanguage":"es","potentialAction":[{"@type":"ReadAction","target":["https:\/\/www.egana60.cl\/index.php\/2024\/11\/04\/condenan-a-cuatro-ex-agentes-del-estado-por-violaciones-a-los-derechos-humanos\/"]}]},{"@type":"ImageObject","inLanguage":"es","@id":"https:\/\/www.egana60.cl\/index.php\/2024\/11\/04\/condenan-a-cuatro-ex-agentes-del-estado-por-violaciones-a-los-derechos-humanos\/#primaryimage","url":"https:\/\/i0.wp.com\/www.egana60.cl\/wp-content\/uploads\/2023\/11\/2023-b.jpg?fit=1366%2C768&ssl=1","contentUrl":"https:\/\/i0.wp.com\/www.egana60.cl\/wp-content\/uploads\/2023\/11\/2023-b.jpg?fit=1366%2C768&ssl=1","width":1366,"height":768},{"@type":"BreadcrumbList","@id":"https:\/\/www.egana60.cl\/index.php\/2024\/11\/04\/condenan-a-cuatro-ex-agentes-del-estado-por-violaciones-a-los-derechos-humanos\/#breadcrumb","itemListElement":[{"@type":"ListItem","position":1,"name":"Portada","item":"https:\/\/www.egana60.cl\/"},{"@type":"ListItem","position":2,"name":"Condenan a Cuatro Ex Agentes del Estado por Violaciones a los Derechos Humanos"}]},{"@type":"WebSite","@id":"https:\/\/www.egana60.cl\/#website","url":"https:\/\/www.egana60.cl\/","name":"Ega\u00f1a 60","description":"Sitios de Memoria","publisher":{"@id":"https:\/\/www.egana60.cl\/#organization"},"potentialAction":[{"@type":"SearchAction","target":{"@type":"EntryPoint","urlTemplate":"https:\/\/www.egana60.cl\/?s={search_term_string}"},"query-input":{"@type":"PropertyValueSpecification","valueRequired":true,"valueName":"search_term_string"}}],"inLanguage":"es"},{"@type":"Organization","@id":"https:\/\/www.egana60.cl\/#organization","name":"Coorporac\u00f3n Ega\u00f1a 60","url":"https:\/\/www.egana60.cl\/","logo":{"@type":"ImageObject","inLanguage":"es","@id":"https:\/\/www.egana60.cl\/#\/schema\/logo\/image\/","url":"https:\/\/www.egana60.cl\/wp-content\/uploads\/2023\/12\/logo2-e1701438723519.png","contentUrl":"https:\/\/www.egana60.cl\/wp-content\/uploads\/2023\/12\/logo2-e1701438723519.png","width":80,"height":80,"caption":"Coorporac\u00f3n Ega\u00f1a 60"},"image":{"@id":"https:\/\/www.egana60.cl\/#\/schema\/logo\/image\/"},"sameAs":["https:\/\/web.facebook.com\/egana60"]},{"@type":"Person","@id":"https:\/\/www.egana60.cl\/#\/schema\/person\/784715b941c14e2212873f5180a48eae","name":"admin","image":{"@type":"ImageObject","inLanguage":"es","@id":"https:\/\/www.egana60.cl\/#\/schema\/person\/image\/","url":"https:\/\/secure.gravatar.com\/avatar\/aac9c7787e0ed8cbfe7d7e1ca66cc8241d79adcb301a80ad91e062a2d22e69e7?s=96&d=mm&r=g","contentUrl":"https:\/\/secure.gravatar.com\/avatar\/aac9c7787e0ed8cbfe7d7e1ca66cc8241d79adcb301a80ad91e062a2d22e69e7?s=96&d=mm&r=g","caption":"admin"},"sameAs":["https:\/\/egana60.cl","https:\/\/x.com\/egana"],"url":"https:\/\/www.egana60.cl\/index.php\/author\/egana\/"}]}},"jetpack_featured_media_url":"https:\/\/i0.wp.com\/www.egana60.cl\/wp-content\/uploads\/2023\/11\/2023-b.jpg?fit=1366%2C768&ssl=1","jetpack_sharing_enabled":true,"_links":{"self":[{"href":"https:\/\/www.egana60.cl\/index.php\/wp-json\/wp\/v2\/posts\/3039","targetHints":{"allow":["GET"]}}],"collection":[{"href":"https:\/\/www.egana60.cl\/index.php\/wp-json\/wp\/v2\/posts"}],"about":[{"href":"https:\/\/www.egana60.cl\/index.php\/wp-json\/wp\/v2\/types\/post"}],"author":[{"embeddable":true,"href":"https:\/\/www.egana60.cl\/index.php\/wp-json\/wp\/v2\/users\/1"}],"replies":[{"embeddable":true,"href":"https:\/\/www.egana60.cl\/index.php\/wp-json\/wp\/v2\/comments?post=3039"}],"version-history":[{"count":3,"href":"https:\/\/www.egana60.cl\/index.php\/wp-json\/wp\/v2\/posts\/3039\/revisions"}],"predecessor-version":[{"id":3042,"href":"https:\/\/www.egana60.cl\/index.php\/wp-json\/wp\/v2\/posts\/3039\/revisions\/3042"}],"wp:featuredmedia":[{"embeddable":true,"href":"https:\/\/www.egana60.cl\/index.php\/wp-json\/wp\/v2\/media\/1327"}],"wp:attachment":[{"href":"https:\/\/www.egana60.cl\/index.php\/wp-json\/wp\/v2\/media?parent=3039"}],"wp:term":[{"taxonomy":"category","embeddable":true,"href":"https:\/\/www.egana60.cl\/index.php\/wp-json\/wp\/v2\/categories?post=3039"},{"taxonomy":"post_tag","embeddable":true,"href":"https:\/\/www.egana60.cl\/index.php\/wp-json\/wp\/v2\/tags?post=3039"}],"curies":[{"name":"wp","href":"https:\/\/api.w.org\/{rel}","templated":true}]}}