{"id":3050,"date":"2024-11-09T22:57:17","date_gmt":"2024-11-09T22:57:17","guid":{"rendered":"https:\/\/www.egana60.cl\/?p=3050"},"modified":"2024-11-09T23:00:09","modified_gmt":"2024-11-09T23:00:09","slug":"declaracion-publica","status":"publish","type":"post","link":"https:\/\/www.egana60.cl\/index.php\/2024\/11\/09\/declaracion-publica\/","title":{"rendered":"DECLARACI\u00d3N P\u00daBLICA"},"content":{"rendered":"<p><strong>09 de noviembre de 2024<\/strong><\/p>\n<p>Como Red Nacional de Sitios de Memoria, integrada por m\u00e1s de 50 Sitios de Memoria a lo largo de todo Chile, estamos profundamente consternados ante la ins\u00f3lita decisi\u00f3n de rechazar programas del Ministerio de las Culturas, las Artes y el Patrimonio que sostienen y reflejan la identidad de nuestro pa\u00eds.<\/p>\n<p>Rechazamos p\u00fablicamente el recorte del financiamiento de cultura, que deja sin presupuesto a museos y sitios de memorias, as\u00ed como la precarizaci\u00f3n del mundo de las artes y la expresi\u00f3n art\u00edstica de la defensa de los derechos humanos. Consideramos que constituye un atentado a la cultura, a la memoria y a los Derechos Humanos.<\/p>\n<p>Manifestamos responsablemente que esto es una expresi\u00f3n de una pol\u00edtica negacionista que intenta borrar la memoria y justificar la repetici\u00f3n de las violaciones a los Derechos Humanos en Chile.<\/p>\n<p>Los sitios de memorias reafirmamos nuestro compromiso con la vida, y una cultura democr\u00e1tica y de defensa y promoci\u00f3n de los Derechos Humanos, e insistimos en el deber del Estado de respetar las normas internacionales en materia de Justicia Transicional, que comprometen la se\u00f1alizaci\u00f3n, recuperaci\u00f3n, preservaci\u00f3n y gesti\u00f3n sustentable de los sitios de memoria. Interpelamos al Estado a cumplir con el abordaje de pol\u00edticas que requieren un car\u00e1cter integral y urgente, y ponemos la alerta ante lo que puede significar un retroceso en el camino hacia una Ley Integral de Sitios de Memoria.<\/p>\n<p>Los sitios de memorias se han dado a la tarea de educar en derechos humanos y en pedagog\u00eda de la memoria, supliendo en muchos casos la ausencia del Estado en esta materia. La sostenida precarizaci\u00f3n en la que se encuentran los sitios da cuenta del escaso compromiso en torno a estos temas, tan fundamentales para la no repetici\u00f3n de los hechos, garant\u00edas que, a 51 a\u00f1os del Golpe civil y militar, lamentamos reafirmar que no est\u00e1n dadas.<\/p>\n<p>Esta es una discusi\u00f3n que no est\u00e1 terminada, y es por eso que hacemos un en\u00e9rgico llamado a quienes tienen en sus manos la decisi\u00f3n final. Hacemos un llamado al gobierno y a todos los Parlamentarios a defender y aprobar las partidas presupuestarias y a no ceder frente al chantaje antidemocr\u00e1tico y negacionista de quienes violentan una vez m\u00e1s la memoria de un pa\u00eds que no logra sanar las heridas del pasado y han sostenido la impunidad hasta el presente.<\/p>\n<p><strong>Firmantes:<\/strong><\/p>\n<ul>\n<li>Agrupaci\u00f3n Cultural y de Derechos Humanos Orlando Letelier<\/li>\n<li>Agrupaci\u00f3n DDHH Coyhaique, Ays\u00e9n<\/li>\n<li>Agrupaci\u00f3n de Beneficiarios de leyes de reparaci\u00f3n pol\u00edtica de Quilpu\u00e9<\/li>\n<li>Agrupaci\u00f3n de Ex Menores V\u00edctimas de Prisi\u00f3n Pol\u00edtica y Tortura La Serena<\/li>\n<li>Agrupaci\u00f3n de Ex Presos Pol\u00edticos de la Araucan\u00eda \u201cEnrique P\u00e9rez Rubilar\u201d, Temuco<\/li>\n<li>Agrupaci\u00f3n de Ex Presos Pol\u00edticos de Pisagua<\/li>\n<li>Agrupaci\u00f3n de Ex Presos Pol\u00edticos y Familiares Valdivia<\/li>\n<li>Agrupaci\u00f3n de Familiares de Detenidos Desaparecidos y Ejecutados Pol\u00edticos de La Araucan\u00eda, Temuco<\/li>\n<li>Agrupaci\u00f3n de Familiares de Ejecutados Pol\u00edticos y Detenidos Desaparecidos Antofagasta<\/li>\n<li>Agrupaci\u00f3n de Familiares de Ejecutados y Detenidos Desaparecidos Pol\u00edticos, AFEDDEP Calama<\/li>\n<li>Agrupaci\u00f3n de Memoria Popular El Bosque<\/li>\n<li>Agrupaci\u00f3n de Usuarios PRAIS Derechos Humanos Ancud<\/li>\n<li>Agrupaci\u00f3n Memoria Aer\u00f3dromo Tobalaba<\/li>\n<li>Agrupaci\u00f3n por la Memoria Hist\u00f3rica Providencia de Antofagasta<\/li>\n<li>Agrupaci\u00f3n Sitio de Memoria Las Coimas<\/li>\n<li>Asamblea de Derechos Humanos Colchagua<\/li>\n<li>Asociaci\u00f3n de Memoria y DD.HH. Ir\u00e1n 3037<\/li>\n<li>Asociaci\u00f3n Memorias en Resistencia, RM, Puente Alto<\/li>\n<li>Asociaci\u00f3n por la memoria y los DDHH Colonia Dignidad, RM, Santiago<\/li>\n<li>Asociaci\u00f3n por los Derechos Humanos Parral<\/li>\n<li>Casa de Miguel Red Solidaria<\/li>\n<li>Casa Memoria Valdivia<\/li>\n<li>Centro Cultural Museo y Memoria de Neltume<\/li>\n<li>Colectivo de Derechos Humanos Gonzalo Mu\u00f1oz<\/li>\n<li>Colectivo Plaza de la Constituci\u00f3n Cuartel 1<\/li>\n<li>Colectivo Sur, Memoria y Dignidad, Valdivia<\/li>\n<li>Comisi\u00f3n por los Derechos Humanos de Tocopilla<\/li>\n<li>Coordinadora EXPP Osorno<\/li>\n<li>Corporaci\u00f3n Campo de Concentraci\u00f3n Tres y Cuatro \u00c1lamos, RM, San Joaqu\u00edn<\/li>\n<li>Corporaci\u00f3n Comunidad Memoria e Integraci\u00f3n del Cerro Bar\u00f3n<\/li>\n<li>Corporaci\u00f3n de Promoci\u00f3n Difusi\u00f3n y Defensa de los Derechos humanos &#8216; Unidas &#8216; Concepci\u00f3n<\/li>\n<li>Corporaci\u00f3n de Socorros Mutuos Bautista Van Schouwen Vasey<\/li>\n<li>Corporaci\u00f3n Ega\u00f1a Sesenta Puerto Montt<\/li>\n<li>Corporaci\u00f3n Londres 38, RM, Santiago<\/li>\n<li>Corporaci\u00f3n Memoria Borgo\u00f1o, RM, Santiago<\/li>\n<li>Corporaci\u00f3n Memoria Chacabuco<\/li>\n<li>Corporaci\u00f3n Parque por la Paz Villa Grimaldi, RM, Pe\u00f1alol\u00e9n<\/li>\n<li>Corporaci\u00f3n Pilmaiqu\u00e9n Osorno<\/li>\n<li>Corporaci\u00f3n Vida y Memoria, San Miguel, RM<\/li>\n<li>Familiares Sitio de Memoria Tenencia de Antuco<\/li>\n<li>Fundaci\u00f3n Casa de Memoria y Resistencia Corpus Christi<\/li>\n<li>Fundaci\u00f3n 1367 Jos\u00e9 Domingo Ca\u00f1as<\/li>\n<li>Fundaci\u00f3n por la Memoria de San Antonio<\/li>\n<li>Fundaci\u00f3n V\u00edctor Jara<\/li>\n<li>Memorias Colectivas del B\u00edo B\u00edo<\/li>\n<li>Mesa Memoria y Derechos Humanos Tarapac\u00e1<\/li>\n<li>Mujeres de Luto Hist\u00f3ricas de Arica<\/li>\n<li>Mujeres EXPP Magallanes 73-74<\/li>\n<li>Mujeres Memoria Y Derechos Humanos Arica<\/li>\n<li>Proyecto Lebu-Colliguay<\/li>\n<li>Sobrevivientes de Tejas Verdes<\/li>\n<\/ul>\n","protected":false},"excerpt":{"rendered":"<p>09 de noviembre de 2024 Como Red Nacional de Sitios [&hellip;]<\/p>\n","protected":false},"author":1,"featured_media":3052,"comment_status":"open","ping_status":"open","sticky":false,"template":"","format":"standard","meta":{"_jetpack_memberships_contains_paid_content":false,"footnotes":""},"categories":[17,20],"tags":[],"class_list":["post-3050","post","type-post","status-publish","format-standard","has-post-thumbnail","hentry","category-comunicados","category-puerto-montt"],"yoast_head":"<!-- This site is optimized with the Yoast SEO plugin v25.3 - https:\/\/yoast.com\/wordpress\/plugins\/seo\/ -->\n<title>DECLARACI\u00d3N P\u00daBLICA - Ega\u00f1a 60<\/title>\n<meta name=\"robots\" content=\"index, follow, max-snippet:-1, max-image-preview:large, max-video-preview:-1\" \/>\n<link rel=\"canonical\" href=\"https:\/\/www.egana60.cl\/index.php\/2024\/11\/09\/declaracion-publica\/\" \/>\n<meta property=\"og:locale\" content=\"es_ES\" \/>\n<meta property=\"og:type\" content=\"article\" \/>\n<meta property=\"og:title\" content=\"DECLARACI\u00d3N P\u00daBLICA - Ega\u00f1a 60\" \/>\n<meta property=\"og:description\" content=\"09 de noviembre de 2024 Como Red Nacional de Sitios [&hellip;]\" \/>\n<meta property=\"og:url\" content=\"https:\/\/www.egana60.cl\/index.php\/2024\/11\/09\/declaracion-publica\/\" \/>\n<meta property=\"og:site_name\" content=\"Ega\u00f1a 60\" \/>\n<meta property=\"article:publisher\" content=\"https:\/\/web.facebook.com\/egana60\" \/>\n<meta property=\"article:published_time\" content=\"2024-11-09T22:57:17+00:00\" \/>\n<meta property=\"article:modified_time\" content=\"2024-11-09T23:00:09+00:00\" \/>\n<meta property=\"og:image\" content=\"https:\/\/www.egana60.cl\/wp-content\/uploads\/2024\/11\/declaracion-1.jpg\" \/>\n\t<meta property=\"og:image:width\" content=\"397\" \/>\n\t<meta property=\"og:image:height\" content=\"222\" \/>\n\t<meta property=\"og:image:type\" content=\"image\/jpeg\" \/>\n<meta name=\"author\" content=\"admin\" \/>\n<meta name=\"twitter:card\" content=\"summary_large_image\" \/>\n<meta name=\"twitter:creator\" content=\"@egana\" \/>\n<meta name=\"twitter:label1\" content=\"Escrito por\" \/>\n\t<meta name=\"twitter:data1\" content=\"admin\" \/>\n\t<meta name=\"twitter:label2\" content=\"Tiempo de lectura\" \/>\n\t<meta name=\"twitter:data2\" content=\"4 minutos\" \/>\n<script type=\"application\/ld+json\" class=\"yoast-schema-graph\">{\"@context\":\"https:\/\/schema.org\",\"@graph\":[{\"@type\":\"Article\",\"@id\":\"https:\/\/www.egana60.cl\/index.php\/2024\/11\/09\/declaracion-publica\/#article\",\"isPartOf\":{\"@id\":\"https:\/\/www.egana60.cl\/index.php\/2024\/11\/09\/declaracion-publica\/\"},\"author\":{\"name\":\"admin\",\"@id\":\"https:\/\/www.egana60.cl\/#\/schema\/person\/784715b941c14e2212873f5180a48eae\"},\"headline\":\"DECLARACI\u00d3N P\u00daBLICA\",\"datePublished\":\"2024-11-09T22:57:17+00:00\",\"dateModified\":\"2024-11-09T23:00:09+00:00\",\"mainEntityOfPage\":{\"@id\":\"https:\/\/www.egana60.cl\/index.php\/2024\/11\/09\/declaracion-publica\/\"},\"wordCount\":837,\"commentCount\":0,\"publisher\":{\"@id\":\"https:\/\/www.egana60.cl\/#organization\"},\"image\":{\"@id\":\"https:\/\/www.egana60.cl\/index.php\/2024\/11\/09\/declaracion-publica\/#primaryimage\"},\"thumbnailUrl\":\"https:\/\/i0.wp.com\/www.egana60.cl\/wp-content\/uploads\/2024\/11\/declaracion-1.jpg?fit=397%2C222&ssl=1\",\"articleSection\":[\"Comunicados\",\"Puerto Montt\"],\"inLanguage\":\"es\",\"potentialAction\":[{\"@type\":\"CommentAction\",\"name\":\"Comment\",\"target\":[\"https:\/\/www.egana60.cl\/index.php\/2024\/11\/09\/declaracion-publica\/#respond\"]}]},{\"@type\":\"WebPage\",\"@id\":\"https:\/\/www.egana60.cl\/index.php\/2024\/11\/09\/declaracion-publica\/\",\"url\":\"https:\/\/www.egana60.cl\/index.php\/2024\/11\/09\/declaracion-publica\/\",\"name\":\"DECLARACI\u00d3N P\u00daBLICA - Ega\u00f1a 60\",\"isPartOf\":{\"@id\":\"https:\/\/www.egana60.cl\/#website\"},\"primaryImageOfPage\":{\"@id\":\"https:\/\/www.egana60.cl\/index.php\/2024\/11\/09\/declaracion-publica\/#primaryimage\"},\"image\":{\"@id\":\"https:\/\/www.egana60.cl\/index.php\/2024\/11\/09\/declaracion-publica\/#primaryimage\"},\"thumbnailUrl\":\"https:\/\/i0.wp.com\/www.egana60.cl\/wp-content\/uploads\/2024\/11\/declaracion-1.jpg?fit=397%2C222&ssl=1\",\"datePublished\":\"2024-11-09T22:57:17+00:00\",\"dateModified\":\"2024-11-09T23:00:09+00:00\",\"breadcrumb\":{\"@id\":\"https:\/\/www.egana60.cl\/index.php\/2024\/11\/09\/declaracion-publica\/#breadcrumb\"},\"inLanguage\":\"es\",\"potentialAction\":[{\"@type\":\"ReadAction\",\"target\":[\"https:\/\/www.egana60.cl\/index.php\/2024\/11\/09\/declaracion-publica\/\"]}]},{\"@type\":\"ImageObject\",\"inLanguage\":\"es\",\"@id\":\"https:\/\/www.egana60.cl\/index.php\/2024\/11\/09\/declaracion-publica\/#primaryimage\",\"url\":\"https:\/\/i0.wp.com\/www.egana60.cl\/wp-content\/uploads\/2024\/11\/declaracion-1.jpg?fit=397%2C222&ssl=1\",\"contentUrl\":\"https:\/\/i0.wp.com\/www.egana60.cl\/wp-content\/uploads\/2024\/11\/declaracion-1.jpg?fit=397%2C222&ssl=1\",\"width\":397,\"height\":222},{\"@type\":\"BreadcrumbList\",\"@id\":\"https:\/\/www.egana60.cl\/index.php\/2024\/11\/09\/declaracion-publica\/#breadcrumb\",\"itemListElement\":[{\"@type\":\"ListItem\",\"position\":1,\"name\":\"Portada\",\"item\":\"https:\/\/www.egana60.cl\/\"},{\"@type\":\"ListItem\",\"position\":2,\"name\":\"DECLARACI\u00d3N P\u00daBLICA\"}]},{\"@type\":\"WebSite\",\"@id\":\"https:\/\/www.egana60.cl\/#website\",\"url\":\"https:\/\/www.egana60.cl\/\",\"name\":\"Ega\u00f1a 60\",\"description\":\"Sitios de Memoria\",\"publisher\":{\"@id\":\"https:\/\/www.egana60.cl\/#organization\"},\"potentialAction\":[{\"@type\":\"SearchAction\",\"target\":{\"@type\":\"EntryPoint\",\"urlTemplate\":\"https:\/\/www.egana60.cl\/?s={search_term_string}\"},\"query-input\":{\"@type\":\"PropertyValueSpecification\",\"valueRequired\":true,\"valueName\":\"search_term_string\"}}],\"inLanguage\":\"es\"},{\"@type\":\"Organization\",\"@id\":\"https:\/\/www.egana60.cl\/#organization\",\"name\":\"Coorporac\u00f3n Ega\u00f1a 60\",\"url\":\"https:\/\/www.egana60.cl\/\",\"logo\":{\"@type\":\"ImageObject\",\"inLanguage\":\"es\",\"@id\":\"https:\/\/www.egana60.cl\/#\/schema\/logo\/image\/\",\"url\":\"https:\/\/www.egana60.cl\/wp-content\/uploads\/2023\/12\/logo2-e1701438723519.png\",\"contentUrl\":\"https:\/\/www.egana60.cl\/wp-content\/uploads\/2023\/12\/logo2-e1701438723519.png\",\"width\":80,\"height\":80,\"caption\":\"Coorporac\u00f3n Ega\u00f1a 60\"},\"image\":{\"@id\":\"https:\/\/www.egana60.cl\/#\/schema\/logo\/image\/\"},\"sameAs\":[\"https:\/\/web.facebook.com\/egana60\"]},{\"@type\":\"Person\",\"@id\":\"https:\/\/www.egana60.cl\/#\/schema\/person\/784715b941c14e2212873f5180a48eae\",\"name\":\"admin\",\"image\":{\"@type\":\"ImageObject\",\"inLanguage\":\"es\",\"@id\":\"https:\/\/www.egana60.cl\/#\/schema\/person\/image\/\",\"url\":\"https:\/\/secure.gravatar.com\/avatar\/aac9c7787e0ed8cbfe7d7e1ca66cc8241d79adcb301a80ad91e062a2d22e69e7?s=96&d=mm&r=g\",\"contentUrl\":\"https:\/\/secure.gravatar.com\/avatar\/aac9c7787e0ed8cbfe7d7e1ca66cc8241d79adcb301a80ad91e062a2d22e69e7?s=96&d=mm&r=g\",\"caption\":\"admin\"},\"sameAs\":[\"https:\/\/egana60.cl\",\"https:\/\/x.com\/egana\"],\"url\":\"https:\/\/www.egana60.cl\/index.php\/author\/egana\/\"}]}<\/script>\n<!-- \/ Yoast SEO plugin. -->","yoast_head_json":{"title":"DECLARACI\u00d3N P\u00daBLICA - Ega\u00f1a 60","robots":{"index":"index","follow":"follow","max-snippet":"max-snippet:-1","max-image-preview":"max-image-preview:large","max-video-preview":"max-video-preview:-1"},"canonical":"https:\/\/www.egana60.cl\/index.php\/2024\/11\/09\/declaracion-publica\/","og_locale":"es_ES","og_type":"article","og_title":"DECLARACI\u00d3N P\u00daBLICA - Ega\u00f1a 60","og_description":"09 de noviembre de 2024 Como Red Nacional de Sitios [&hellip;]","og_url":"https:\/\/www.egana60.cl\/index.php\/2024\/11\/09\/declaracion-publica\/","og_site_name":"Ega\u00f1a 60","article_publisher":"https:\/\/web.facebook.com\/egana60","article_published_time":"2024-11-09T22:57:17+00:00","article_modified_time":"2024-11-09T23:00:09+00:00","og_image":[{"width":397,"height":222,"url":"https:\/\/www.egana60.cl\/wp-content\/uploads\/2024\/11\/declaracion-1.jpg","type":"image\/jpeg"}],"author":"admin","twitter_card":"summary_large_image","twitter_creator":"@egana","twitter_misc":{"Escrito por":"admin","Tiempo de lectura":"4 minutos"},"schema":{"@context":"https:\/\/schema.org","@graph":[{"@type":"Article","@id":"https:\/\/www.egana60.cl\/index.php\/2024\/11\/09\/declaracion-publica\/#article","isPartOf":{"@id":"https:\/\/www.egana60.cl\/index.php\/2024\/11\/09\/declaracion-publica\/"},"author":{"name":"admin","@id":"https:\/\/www.egana60.cl\/#\/schema\/person\/784715b941c14e2212873f5180a48eae"},"headline":"DECLARACI\u00d3N P\u00daBLICA","datePublished":"2024-11-09T22:57:17+00:00","dateModified":"2024-11-09T23:00:09+00:00","mainEntityOfPage":{"@id":"https:\/\/www.egana60.cl\/index.php\/2024\/11\/09\/declaracion-publica\/"},"wordCount":837,"commentCount":0,"publisher":{"@id":"https:\/\/www.egana60.cl\/#organization"},"image":{"@id":"https:\/\/www.egana60.cl\/index.php\/2024\/11\/09\/declaracion-publica\/#primaryimage"},"thumbnailUrl":"https:\/\/i0.wp.com\/www.egana60.cl\/wp-content\/uploads\/2024\/11\/declaracion-1.jpg?fit=397%2C222&ssl=1","articleSection":["Comunicados","Puerto Montt"],"inLanguage":"es","potentialAction":[{"@type":"CommentAction","name":"Comment","target":["https:\/\/www.egana60.cl\/index.php\/2024\/11\/09\/declaracion-publica\/#respond"]}]},{"@type":"WebPage","@id":"https:\/\/www.egana60.cl\/index.php\/2024\/11\/09\/declaracion-publica\/","url":"https:\/\/www.egana60.cl\/index.php\/2024\/11\/09\/declaracion-publica\/","name":"DECLARACI\u00d3N P\u00daBLICA - Ega\u00f1a 60","isPartOf":{"@id":"https:\/\/www.egana60.cl\/#website"},"primaryImageOfPage":{"@id":"https:\/\/www.egana60.cl\/index.php\/2024\/11\/09\/declaracion-publica\/#primaryimage"},"image":{"@id":"https:\/\/www.egana60.cl\/index.php\/2024\/11\/09\/declaracion-publica\/#primaryimage"},"thumbnailUrl":"https:\/\/i0.wp.com\/www.egana60.cl\/wp-content\/uploads\/2024\/11\/declaracion-1.jpg?fit=397%2C222&ssl=1","datePublished":"2024-11-09T22:57:17+00:00","dateModified":"2024-11-09T23:00:09+00:00","breadcrumb":{"@id":"https:\/\/www.egana60.cl\/index.php\/2024\/11\/09\/declaracion-publica\/#breadcrumb"},"inLanguage":"es","potentialAction":[{"@type":"ReadAction","target":["https:\/\/www.egana60.cl\/index.php\/2024\/11\/09\/declaracion-publica\/"]}]},{"@type":"ImageObject","inLanguage":"es","@id":"https:\/\/www.egana60.cl\/index.php\/2024\/11\/09\/declaracion-publica\/#primaryimage","url":"https:\/\/i0.wp.com\/www.egana60.cl\/wp-content\/uploads\/2024\/11\/declaracion-1.jpg?fit=397%2C222&ssl=1","contentUrl":"https:\/\/i0.wp.com\/www.egana60.cl\/wp-content\/uploads\/2024\/11\/declaracion-1.jpg?fit=397%2C222&ssl=1","width":397,"height":222},{"@type":"BreadcrumbList","@id":"https:\/\/www.egana60.cl\/index.php\/2024\/11\/09\/declaracion-publica\/#breadcrumb","itemListElement":[{"@type":"ListItem","position":1,"name":"Portada","item":"https:\/\/www.egana60.cl\/"},{"@type":"ListItem","position":2,"name":"DECLARACI\u00d3N P\u00daBLICA"}]},{"@type":"WebSite","@id":"https:\/\/www.egana60.cl\/#website","url":"https:\/\/www.egana60.cl\/","name":"Ega\u00f1a 60","description":"Sitios de Memoria","publisher":{"@id":"https:\/\/www.egana60.cl\/#organization"},"potentialAction":[{"@type":"SearchAction","target":{"@type":"EntryPoint","urlTemplate":"https:\/\/www.egana60.cl\/?s={search_term_string}"},"query-input":{"@type":"PropertyValueSpecification","valueRequired":true,"valueName":"search_term_string"}}],"inLanguage":"es"},{"@type":"Organization","@id":"https:\/\/www.egana60.cl\/#organization","name":"Coorporac\u00f3n Ega\u00f1a 60","url":"https:\/\/www.egana60.cl\/","logo":{"@type":"ImageObject","inLanguage":"es","@id":"https:\/\/www.egana60.cl\/#\/schema\/logo\/image\/","url":"https:\/\/www.egana60.cl\/wp-content\/uploads\/2023\/12\/logo2-e1701438723519.png","contentUrl":"https:\/\/www.egana60.cl\/wp-content\/uploads\/2023\/12\/logo2-e1701438723519.png","width":80,"height":80,"caption":"Coorporac\u00f3n Ega\u00f1a 60"},"image":{"@id":"https:\/\/www.egana60.cl\/#\/schema\/logo\/image\/"},"sameAs":["https:\/\/web.facebook.com\/egana60"]},{"@type":"Person","@id":"https:\/\/www.egana60.cl\/#\/schema\/person\/784715b941c14e2212873f5180a48eae","name":"admin","image":{"@type":"ImageObject","inLanguage":"es","@id":"https:\/\/www.egana60.cl\/#\/schema\/person\/image\/","url":"https:\/\/secure.gravatar.com\/avatar\/aac9c7787e0ed8cbfe7d7e1ca66cc8241d79adcb301a80ad91e062a2d22e69e7?s=96&d=mm&r=g","contentUrl":"https:\/\/secure.gravatar.com\/avatar\/aac9c7787e0ed8cbfe7d7e1ca66cc8241d79adcb301a80ad91e062a2d22e69e7?s=96&d=mm&r=g","caption":"admin"},"sameAs":["https:\/\/egana60.cl","https:\/\/x.com\/egana"],"url":"https:\/\/www.egana60.cl\/index.php\/author\/egana\/"}]}},"jetpack_featured_media_url":"https:\/\/i0.wp.com\/www.egana60.cl\/wp-content\/uploads\/2024\/11\/declaracion-1.jpg?fit=397%2C222&ssl=1","jetpack_sharing_enabled":true,"_links":{"self":[{"href":"https:\/\/www.egana60.cl\/index.php\/wp-json\/wp\/v2\/posts\/3050","targetHints":{"allow":["GET"]}}],"collection":[{"href":"https:\/\/www.egana60.cl\/index.php\/wp-json\/wp\/v2\/posts"}],"about":[{"href":"https:\/\/www.egana60.cl\/index.php\/wp-json\/wp\/v2\/types\/post"}],"author":[{"embeddable":true,"href":"https:\/\/www.egana60.cl\/index.php\/wp-json\/wp\/v2\/users\/1"}],"replies":[{"embeddable":true,"href":"https:\/\/www.egana60.cl\/index.php\/wp-json\/wp\/v2\/comments?post=3050"}],"version-history":[{"count":1,"href":"https:\/\/www.egana60.cl\/index.php\/wp-json\/wp\/v2\/posts\/3050\/revisions"}],"predecessor-version":[{"id":3051,"href":"https:\/\/www.egana60.cl\/index.php\/wp-json\/wp\/v2\/posts\/3050\/revisions\/3051"}],"wp:featuredmedia":[{"embeddable":true,"href":"https:\/\/www.egana60.cl\/index.php\/wp-json\/wp\/v2\/media\/3052"}],"wp:attachment":[{"href":"https:\/\/www.egana60.cl\/index.php\/wp-json\/wp\/v2\/media?parent=3050"}],"wp:term":[{"taxonomy":"category","embeddable":true,"href":"https:\/\/www.egana60.cl\/index.php\/wp-json\/wp\/v2\/categories?post=3050"},{"taxonomy":"post_tag","embeddable":true,"href":"https:\/\/www.egana60.cl\/index.php\/wp-json\/wp\/v2\/tags?post=3050"}],"curies":[{"name":"wp","href":"https:\/\/api.w.org\/{rel}","templated":true}]}}