{"id":3058,"date":"2024-12-06T17:57:02","date_gmt":"2024-12-06T17:57:02","guid":{"rendered":"https:\/\/www.egana60.cl\/?p=3058"},"modified":"2024-12-06T17:59:43","modified_gmt":"2024-12-06T17:59:43","slug":"feria-de-servicios-movilizados-un-espacio-para-los-derechos-humanos-en-los-lagos","status":"publish","type":"post","link":"https:\/\/www.egana60.cl\/index.php\/2024\/12\/06\/feria-de-servicios-movilizados-un-espacio-para-los-derechos-humanos-en-los-lagos\/","title":{"rendered":"Feria de Servicios Movilizados: Un Espacio para los Derechos Humanos en Los Lagos"},"content":{"rendered":"<p>El pr\u00f3ximo <strong>10 de diciembre<\/strong>, en conmemoraci\u00f3n del <strong>D\u00eda Internacional de los Derechos Humanos<\/strong>, la Regi\u00f3n de Los Lagos se vestir\u00e1 de solidaridad y acci\u00f3n en la <strong>Plaza de Armas de Puerto Montt<\/strong>. De <strong>10:00 a 13:00 hrs<\/strong>, ciudadanos y ciudadanas podr\u00e1n acceder a una amplia gama de servicios p\u00fablicos y sociales en la <strong>Feria de Servicios Movilizados<\/strong>, un evento que refleja el compromiso del Estado y las organizaciones civiles con la promoci\u00f3n y protecci\u00f3n de los derechos humanos.<\/p>\n<h4>\u00bfQu\u00e9 encontrar\u00e1s en esta feria?<\/h4>\n<p><img data-recalc-dims=\"1\" decoding=\"async\" class=\"lazyload wp-image-3061 aligncenter\" src=\"https:\/\/i0.wp.com\/www.egana60.cl\/wp-content\/uploads\/2024\/12\/WhatsApp-Image-2024-12-05-at-21.29.08.jpeg?resize=415%2C520&#038;ssl=1\" data-orig-src=\"https:\/\/www.egana60.cl\/wp-content\/uploads\/2024\/12\/WhatsApp-Image-2024-12-05-at-21.29.08.jpeg\" alt=\"\" width=\"415\" height=\"520\" srcset=\"data:image\/svg+xml,%3Csvg%20xmlns%3D%27http%3A%2F%2Fwww.w3.org%2F2000%2Fsvg%27%20width%3D%27415%27%20height%3D%27520%27%20viewBox%3D%270%200%20415%20520%27%3E%3Crect%20width%3D%27415%27%20height%3D%27520%27%20fill-opacity%3D%220%22%2F%3E%3C%2Fsvg%3E\" data-srcset=\"https:\/\/i0.wp.com\/www.egana60.cl\/wp-content\/uploads\/2024\/12\/WhatsApp-Image-2024-12-05-at-21.29.08.jpeg?resize=200%2C251&amp;ssl=1 200w, https:\/\/i0.wp.com\/www.egana60.cl\/wp-content\/uploads\/2024\/12\/WhatsApp-Image-2024-12-05-at-21.29.08.jpeg?resize=239%2C300&amp;ssl=1 239w, https:\/\/i0.wp.com\/www.egana60.cl\/wp-content\/uploads\/2024\/12\/WhatsApp-Image-2024-12-05-at-21.29.08.jpeg?resize=400%2C501&amp;ssl=1 400w, https:\/\/i0.wp.com\/www.egana60.cl\/wp-content\/uploads\/2024\/12\/WhatsApp-Image-2024-12-05-at-21.29.08.jpeg?resize=600%2C752&amp;ssl=1 600w, https:\/\/i0.wp.com\/www.egana60.cl\/wp-content\/uploads\/2024\/12\/WhatsApp-Image-2024-12-05-at-21.29.08.jpeg?resize=768%2C963&amp;ssl=1 768w, https:\/\/i0.wp.com\/www.egana60.cl\/wp-content\/uploads\/2024\/12\/WhatsApp-Image-2024-12-05-at-21.29.08.jpeg?resize=800%2C1003&amp;ssl=1 800w, https:\/\/i0.wp.com\/www.egana60.cl\/wp-content\/uploads\/2024\/12\/WhatsApp-Image-2024-12-05-at-21.29.08.jpeg?resize=817%2C1024&amp;ssl=1 817w, https:\/\/i0.wp.com\/www.egana60.cl\/wp-content\/uploads\/2024\/12\/WhatsApp-Image-2024-12-05-at-21.29.08.jpeg?w=1021&amp;ssl=1 1021w\" data-sizes=\"auto\" data-orig-sizes=\"(max-width: 415px) 100vw, 415px\" \/><\/p>\n<p>El evento congrega una diversidad de servicios fundamentales que cubren \u00e1reas cr\u00edticas para el bienestar social y la equidad. Entre los servicios confirmados destacan:<\/p>\n<ul>\n<li><strong>Salud y prevenci\u00f3n:<\/strong> Programas de control y prevenci\u00f3n de VIH\/SIDA e ITS.<\/li>\n<li><strong>Justicia y derechos civiles:<\/strong> Registro Civil, Defensor\u00eda Penal P\u00fablica, Servicio M\u00e9dico Legal, y Corporaci\u00f3n de Asistencia Judicial.<\/li>\n<li><strong>Protecci\u00f3n y cultura:<\/strong> SENAME, Seremi de Justicia, Seremi de Cultura, Seremi de la Mujer, y SENSE.<\/li>\n<li><strong>Derechos Humanos y organizaciones sociales:<\/strong> Participaci\u00f3n de instituciones como el Centro Cultural Kimun Mapu, PRAIS Ancud, y Comunidad V\u00ednculos.<\/li>\n<li><strong>Migraciones y equidad:<\/strong> Servicios especializados para apoyar a comunidades migrantes y programas orientados a la inclusi\u00f3n.<\/li>\n<\/ul>\n<h4>Por qu\u00e9 es importante participar<\/h4>\n<p>La Feria de Servicios Movilizados no solo es un evento para resolver tr\u00e1mites o acceder a beneficios. Es, ante todo, un espacio donde los derechos humanos dejan de ser abstractos para convertirse en soluciones concretas. Aqu\u00ed se construyen redes de apoyo, se empodera a las personas y se refuerzan los principios de dignidad, igualdad y justicia que deben regir nuestra sociedad.<\/p>\n<p>En el marco de este d\u00eda, recordamos que la lucha por los derechos humanos no es un tema del pasado ni una tarea de otros. Es un desaf\u00edo vigente que requiere de la participaci\u00f3n activa de todos.<\/p>\n<h4>Invitaci\u00f3n abierta<\/h4>\n<p>Si est\u00e1s en Puerto Montt o sus alrededores, ac\u00e9rcate este 10 de diciembre a la Plaza de Armas y s\u00e9 parte de este encuentro por la dignidad y la inclusi\u00f3n. Tu participaci\u00f3n es clave para seguir fortaleciendo una sociedad m\u00e1s justa y equitativa.<\/p>\n<p><strong>\u00a1Te esperamos con los brazos abiertos!<\/strong><\/p>\n<p>M\u00e1s informaci\u00f3n en: <a target=\"_new\" rel=\"noopener\">organizacionessociales.gob.cl<\/a><\/p>\n<p>&nbsp;<\/p>\n","protected":false},"excerpt":{"rendered":"<p>El pr\u00f3ximo 10 de diciembre, en conmemoraci\u00f3n del D\u00eda Internacional [&hellip;]<\/p>\n","protected":false},"author":1,"featured_media":3059,"comment_status":"open","ping_status":"open","sticky":false,"template":"","format":"standard","meta":{"_jetpack_memberships_contains_paid_content":false,"footnotes":""},"categories":[19,17,20],"tags":[],"class_list":["post-3058","post","type-post","status-publish","format-standard","has-post-thumbnail","hentry","category-actividades","category-comunicados","category-puerto-montt"],"yoast_head":"<!-- This site is optimized with the Yoast SEO plugin v25.3 - https:\/\/yoast.com\/wordpress\/plugins\/seo\/ -->\n<title>Feria de Servicios Movilizados: Un Espacio para los Derechos Humanos en Los Lagos - Ega\u00f1a 60<\/title>\n<meta name=\"robots\" content=\"index, follow, max-snippet:-1, max-image-preview:large, max-video-preview:-1\" \/>\n<link rel=\"canonical\" href=\"https:\/\/www.egana60.cl\/index.php\/2024\/12\/06\/feria-de-servicios-movilizados-un-espacio-para-los-derechos-humanos-en-los-lagos\/\" \/>\n<meta property=\"og:locale\" content=\"es_ES\" \/>\n<meta property=\"og:type\" content=\"article\" \/>\n<meta property=\"og:title\" content=\"Feria de Servicios Movilizados: Un Espacio para los Derechos Humanos en Los Lagos - Ega\u00f1a 60\" \/>\n<meta property=\"og:description\" content=\"El pr\u00f3ximo 10 de diciembre, en conmemoraci\u00f3n del D\u00eda Internacional [&hellip;]\" \/>\n<meta property=\"og:url\" content=\"https:\/\/www.egana60.cl\/index.php\/2024\/12\/06\/feria-de-servicios-movilizados-un-espacio-para-los-derechos-humanos-en-los-lagos\/\" \/>\n<meta property=\"og:site_name\" content=\"Ega\u00f1a 60\" \/>\n<meta property=\"article:publisher\" content=\"https:\/\/web.facebook.com\/egana60\" \/>\n<meta property=\"article:published_time\" content=\"2024-12-06T17:57:02+00:00\" \/>\n<meta property=\"article:modified_time\" content=\"2024-12-06T17:59:43+00:00\" \/>\n<meta property=\"og:image\" content=\"https:\/\/www.egana60.cl\/wp-content\/uploads\/2024\/12\/Portada-WEB-DOS-2024.jpg\" \/>\n\t<meta property=\"og:image:width\" content=\"1903\" \/>\n\t<meta property=\"og:image:height\" content=\"485\" \/>\n\t<meta property=\"og:image:type\" content=\"image\/jpeg\" \/>\n<meta name=\"author\" content=\"admin\" \/>\n<meta name=\"twitter:card\" content=\"summary_large_image\" \/>\n<meta name=\"twitter:creator\" content=\"@egana\" \/>\n<meta name=\"twitter:label1\" content=\"Escrito por\" \/>\n\t<meta name=\"twitter:data1\" content=\"admin\" \/>\n\t<meta name=\"twitter:label2\" content=\"Tiempo de lectura\" \/>\n\t<meta name=\"twitter:data2\" content=\"2 minutos\" \/>\n<script type=\"application\/ld+json\" class=\"yoast-schema-graph\">{\"@context\":\"https:\/\/schema.org\",\"@graph\":[{\"@type\":\"Article\",\"@id\":\"https:\/\/www.egana60.cl\/index.php\/2024\/12\/06\/feria-de-servicios-movilizados-un-espacio-para-los-derechos-humanos-en-los-lagos\/#article\",\"isPartOf\":{\"@id\":\"https:\/\/www.egana60.cl\/index.php\/2024\/12\/06\/feria-de-servicios-movilizados-un-espacio-para-los-derechos-humanos-en-los-lagos\/\"},\"author\":{\"name\":\"admin\",\"@id\":\"https:\/\/www.egana60.cl\/#\/schema\/person\/784715b941c14e2212873f5180a48eae\"},\"headline\":\"Feria de Servicios Movilizados: Un Espacio para los Derechos Humanos en Los Lagos\",\"datePublished\":\"2024-12-06T17:57:02+00:00\",\"dateModified\":\"2024-12-06T17:59:43+00:00\",\"mainEntityOfPage\":{\"@id\":\"https:\/\/www.egana60.cl\/index.php\/2024\/12\/06\/feria-de-servicios-movilizados-un-espacio-para-los-derechos-humanos-en-los-lagos\/\"},\"wordCount\":392,\"commentCount\":0,\"publisher\":{\"@id\":\"https:\/\/www.egana60.cl\/#organization\"},\"image\":{\"@id\":\"https:\/\/www.egana60.cl\/index.php\/2024\/12\/06\/feria-de-servicios-movilizados-un-espacio-para-los-derechos-humanos-en-los-lagos\/#primaryimage\"},\"thumbnailUrl\":\"https:\/\/i0.wp.com\/www.egana60.cl\/wp-content\/uploads\/2024\/12\/Portada-WEB-DOS-2024.jpg?fit=1903%2C485&ssl=1\",\"articleSection\":[\"Actividades\",\"Comunicados\",\"Puerto Montt\"],\"inLanguage\":\"es\",\"potentialAction\":[{\"@type\":\"CommentAction\",\"name\":\"Comment\",\"target\":[\"https:\/\/www.egana60.cl\/index.php\/2024\/12\/06\/feria-de-servicios-movilizados-un-espacio-para-los-derechos-humanos-en-los-lagos\/#respond\"]}]},{\"@type\":\"WebPage\",\"@id\":\"https:\/\/www.egana60.cl\/index.php\/2024\/12\/06\/feria-de-servicios-movilizados-un-espacio-para-los-derechos-humanos-en-los-lagos\/\",\"url\":\"https:\/\/www.egana60.cl\/index.php\/2024\/12\/06\/feria-de-servicios-movilizados-un-espacio-para-los-derechos-humanos-en-los-lagos\/\",\"name\":\"Feria de Servicios Movilizados: Un Espacio para los Derechos Humanos en Los Lagos - Ega\u00f1a 60\",\"isPartOf\":{\"@id\":\"https:\/\/www.egana60.cl\/#website\"},\"primaryImageOfPage\":{\"@id\":\"https:\/\/www.egana60.cl\/index.php\/2024\/12\/06\/feria-de-servicios-movilizados-un-espacio-para-los-derechos-humanos-en-los-lagos\/#primaryimage\"},\"image\":{\"@id\":\"https:\/\/www.egana60.cl\/index.php\/2024\/12\/06\/feria-de-servicios-movilizados-un-espacio-para-los-derechos-humanos-en-los-lagos\/#primaryimage\"},\"thumbnailUrl\":\"https:\/\/i0.wp.com\/www.egana60.cl\/wp-content\/uploads\/2024\/12\/Portada-WEB-DOS-2024.jpg?fit=1903%2C485&ssl=1\",\"datePublished\":\"2024-12-06T17:57:02+00:00\",\"dateModified\":\"2024-12-06T17:59:43+00:00\",\"breadcrumb\":{\"@id\":\"https:\/\/www.egana60.cl\/index.php\/2024\/12\/06\/feria-de-servicios-movilizados-un-espacio-para-los-derechos-humanos-en-los-lagos\/#breadcrumb\"},\"inLanguage\":\"es\",\"potentialAction\":[{\"@type\":\"ReadAction\",\"target\":[\"https:\/\/www.egana60.cl\/index.php\/2024\/12\/06\/feria-de-servicios-movilizados-un-espacio-para-los-derechos-humanos-en-los-lagos\/\"]}]},{\"@type\":\"ImageObject\",\"inLanguage\":\"es\",\"@id\":\"https:\/\/www.egana60.cl\/index.php\/2024\/12\/06\/feria-de-servicios-movilizados-un-espacio-para-los-derechos-humanos-en-los-lagos\/#primaryimage\",\"url\":\"https:\/\/i0.wp.com\/www.egana60.cl\/wp-content\/uploads\/2024\/12\/Portada-WEB-DOS-2024.jpg?fit=1903%2C485&ssl=1\",\"contentUrl\":\"https:\/\/i0.wp.com\/www.egana60.cl\/wp-content\/uploads\/2024\/12\/Portada-WEB-DOS-2024.jpg?fit=1903%2C485&ssl=1\",\"width\":1903,\"height\":485},{\"@type\":\"BreadcrumbList\",\"@id\":\"https:\/\/www.egana60.cl\/index.php\/2024\/12\/06\/feria-de-servicios-movilizados-un-espacio-para-los-derechos-humanos-en-los-lagos\/#breadcrumb\",\"itemListElement\":[{\"@type\":\"ListItem\",\"position\":1,\"name\":\"Portada\",\"item\":\"https:\/\/www.egana60.cl\/\"},{\"@type\":\"ListItem\",\"position\":2,\"name\":\"Feria de Servicios Movilizados: Un Espacio para los Derechos Humanos en Los Lagos\"}]},{\"@type\":\"WebSite\",\"@id\":\"https:\/\/www.egana60.cl\/#website\",\"url\":\"https:\/\/www.egana60.cl\/\",\"name\":\"Ega\u00f1a 60\",\"description\":\"Sitios de Memoria\",\"publisher\":{\"@id\":\"https:\/\/www.egana60.cl\/#organization\"},\"potentialAction\":[{\"@type\":\"SearchAction\",\"target\":{\"@type\":\"EntryPoint\",\"urlTemplate\":\"https:\/\/www.egana60.cl\/?s={search_term_string}\"},\"query-input\":{\"@type\":\"PropertyValueSpecification\",\"valueRequired\":true,\"valueName\":\"search_term_string\"}}],\"inLanguage\":\"es\"},{\"@type\":\"Organization\",\"@id\":\"https:\/\/www.egana60.cl\/#organization\",\"name\":\"Coorporac\u00f3n Ega\u00f1a 60\",\"url\":\"https:\/\/www.egana60.cl\/\",\"logo\":{\"@type\":\"ImageObject\",\"inLanguage\":\"es\",\"@id\":\"https:\/\/www.egana60.cl\/#\/schema\/logo\/image\/\",\"url\":\"https:\/\/www.egana60.cl\/wp-content\/uploads\/2023\/12\/logo2-e1701438723519.png\",\"contentUrl\":\"https:\/\/www.egana60.cl\/wp-content\/uploads\/2023\/12\/logo2-e1701438723519.png\",\"width\":80,\"height\":80,\"caption\":\"Coorporac\u00f3n Ega\u00f1a 60\"},\"image\":{\"@id\":\"https:\/\/www.egana60.cl\/#\/schema\/logo\/image\/\"},\"sameAs\":[\"https:\/\/web.facebook.com\/egana60\"]},{\"@type\":\"Person\",\"@id\":\"https:\/\/www.egana60.cl\/#\/schema\/person\/784715b941c14e2212873f5180a48eae\",\"name\":\"admin\",\"image\":{\"@type\":\"ImageObject\",\"inLanguage\":\"es\",\"@id\":\"https:\/\/www.egana60.cl\/#\/schema\/person\/image\/\",\"url\":\"https:\/\/secure.gravatar.com\/avatar\/aac9c7787e0ed8cbfe7d7e1ca66cc8241d79adcb301a80ad91e062a2d22e69e7?s=96&d=mm&r=g\",\"contentUrl\":\"https:\/\/secure.gravatar.com\/avatar\/aac9c7787e0ed8cbfe7d7e1ca66cc8241d79adcb301a80ad91e062a2d22e69e7?s=96&d=mm&r=g\",\"caption\":\"admin\"},\"sameAs\":[\"https:\/\/egana60.cl\",\"https:\/\/x.com\/egana\"],\"url\":\"https:\/\/www.egana60.cl\/index.php\/author\/egana\/\"}]}<\/script>\n<!-- \/ Yoast SEO plugin. -->","yoast_head_json":{"title":"Feria de Servicios Movilizados: Un Espacio para los Derechos Humanos en Los Lagos - Ega\u00f1a 60","robots":{"index":"index","follow":"follow","max-snippet":"max-snippet:-1","max-image-preview":"max-image-preview:large","max-video-preview":"max-video-preview:-1"},"canonical":"https:\/\/www.egana60.cl\/index.php\/2024\/12\/06\/feria-de-servicios-movilizados-un-espacio-para-los-derechos-humanos-en-los-lagos\/","og_locale":"es_ES","og_type":"article","og_title":"Feria de Servicios Movilizados: Un Espacio para los Derechos Humanos en Los Lagos - Ega\u00f1a 60","og_description":"El pr\u00f3ximo 10 de diciembre, en conmemoraci\u00f3n del D\u00eda Internacional [&hellip;]","og_url":"https:\/\/www.egana60.cl\/index.php\/2024\/12\/06\/feria-de-servicios-movilizados-un-espacio-para-los-derechos-humanos-en-los-lagos\/","og_site_name":"Ega\u00f1a 60","article_publisher":"https:\/\/web.facebook.com\/egana60","article_published_time":"2024-12-06T17:57:02+00:00","article_modified_time":"2024-12-06T17:59:43+00:00","og_image":[{"width":1903,"height":485,"url":"https:\/\/www.egana60.cl\/wp-content\/uploads\/2024\/12\/Portada-WEB-DOS-2024.jpg","type":"image\/jpeg"}],"author":"admin","twitter_card":"summary_large_image","twitter_creator":"@egana","twitter_misc":{"Escrito por":"admin","Tiempo de lectura":"2 minutos"},"schema":{"@context":"https:\/\/schema.org","@graph":[{"@type":"Article","@id":"https:\/\/www.egana60.cl\/index.php\/2024\/12\/06\/feria-de-servicios-movilizados-un-espacio-para-los-derechos-humanos-en-los-lagos\/#article","isPartOf":{"@id":"https:\/\/www.egana60.cl\/index.php\/2024\/12\/06\/feria-de-servicios-movilizados-un-espacio-para-los-derechos-humanos-en-los-lagos\/"},"author":{"name":"admin","@id":"https:\/\/www.egana60.cl\/#\/schema\/person\/784715b941c14e2212873f5180a48eae"},"headline":"Feria de Servicios Movilizados: Un Espacio para los Derechos Humanos en Los Lagos","datePublished":"2024-12-06T17:57:02+00:00","dateModified":"2024-12-06T17:59:43+00:00","mainEntityOfPage":{"@id":"https:\/\/www.egana60.cl\/index.php\/2024\/12\/06\/feria-de-servicios-movilizados-un-espacio-para-los-derechos-humanos-en-los-lagos\/"},"wordCount":392,"commentCount":0,"publisher":{"@id":"https:\/\/www.egana60.cl\/#organization"},"image":{"@id":"https:\/\/www.egana60.cl\/index.php\/2024\/12\/06\/feria-de-servicios-movilizados-un-espacio-para-los-derechos-humanos-en-los-lagos\/#primaryimage"},"thumbnailUrl":"https:\/\/i0.wp.com\/www.egana60.cl\/wp-content\/uploads\/2024\/12\/Portada-WEB-DOS-2024.jpg?fit=1903%2C485&ssl=1","articleSection":["Actividades","Comunicados","Puerto Montt"],"inLanguage":"es","potentialAction":[{"@type":"CommentAction","name":"Comment","target":["https:\/\/www.egana60.cl\/index.php\/2024\/12\/06\/feria-de-servicios-movilizados-un-espacio-para-los-derechos-humanos-en-los-lagos\/#respond"]}]},{"@type":"WebPage","@id":"https:\/\/www.egana60.cl\/index.php\/2024\/12\/06\/feria-de-servicios-movilizados-un-espacio-para-los-derechos-humanos-en-los-lagos\/","url":"https:\/\/www.egana60.cl\/index.php\/2024\/12\/06\/feria-de-servicios-movilizados-un-espacio-para-los-derechos-humanos-en-los-lagos\/","name":"Feria de Servicios Movilizados: Un Espacio para los Derechos Humanos en Los Lagos - Ega\u00f1a 60","isPartOf":{"@id":"https:\/\/www.egana60.cl\/#website"},"primaryImageOfPage":{"@id":"https:\/\/www.egana60.cl\/index.php\/2024\/12\/06\/feria-de-servicios-movilizados-un-espacio-para-los-derechos-humanos-en-los-lagos\/#primaryimage"},"image":{"@id":"https:\/\/www.egana60.cl\/index.php\/2024\/12\/06\/feria-de-servicios-movilizados-un-espacio-para-los-derechos-humanos-en-los-lagos\/#primaryimage"},"thumbnailUrl":"https:\/\/i0.wp.com\/www.egana60.cl\/wp-content\/uploads\/2024\/12\/Portada-WEB-DOS-2024.jpg?fit=1903%2C485&ssl=1","datePublished":"2024-12-06T17:57:02+00:00","dateModified":"2024-12-06T17:59:43+00:00","breadcrumb":{"@id":"https:\/\/www.egana60.cl\/index.php\/2024\/12\/06\/feria-de-servicios-movilizados-un-espacio-para-los-derechos-humanos-en-los-lagos\/#breadcrumb"},"inLanguage":"es","potentialAction":[{"@type":"ReadAction","target":["https:\/\/www.egana60.cl\/index.php\/2024\/12\/06\/feria-de-servicios-movilizados-un-espacio-para-los-derechos-humanos-en-los-lagos\/"]}]},{"@type":"ImageObject","inLanguage":"es","@id":"https:\/\/www.egana60.cl\/index.php\/2024\/12\/06\/feria-de-servicios-movilizados-un-espacio-para-los-derechos-humanos-en-los-lagos\/#primaryimage","url":"https:\/\/i0.wp.com\/www.egana60.cl\/wp-content\/uploads\/2024\/12\/Portada-WEB-DOS-2024.jpg?fit=1903%2C485&ssl=1","contentUrl":"https:\/\/i0.wp.com\/www.egana60.cl\/wp-content\/uploads\/2024\/12\/Portada-WEB-DOS-2024.jpg?fit=1903%2C485&ssl=1","width":1903,"height":485},{"@type":"BreadcrumbList","@id":"https:\/\/www.egana60.cl\/index.php\/2024\/12\/06\/feria-de-servicios-movilizados-un-espacio-para-los-derechos-humanos-en-los-lagos\/#breadcrumb","itemListElement":[{"@type":"ListItem","position":1,"name":"Portada","item":"https:\/\/www.egana60.cl\/"},{"@type":"ListItem","position":2,"name":"Feria de Servicios Movilizados: Un Espacio para los Derechos Humanos en Los Lagos"}]},{"@type":"WebSite","@id":"https:\/\/www.egana60.cl\/#website","url":"https:\/\/www.egana60.cl\/","name":"Ega\u00f1a 60","description":"Sitios de Memoria","publisher":{"@id":"https:\/\/www.egana60.cl\/#organization"},"potentialAction":[{"@type":"SearchAction","target":{"@type":"EntryPoint","urlTemplate":"https:\/\/www.egana60.cl\/?s={search_term_string}"},"query-input":{"@type":"PropertyValueSpecification","valueRequired":true,"valueName":"search_term_string"}}],"inLanguage":"es"},{"@type":"Organization","@id":"https:\/\/www.egana60.cl\/#organization","name":"Coorporac\u00f3n Ega\u00f1a 60","url":"https:\/\/www.egana60.cl\/","logo":{"@type":"ImageObject","inLanguage":"es","@id":"https:\/\/www.egana60.cl\/#\/schema\/logo\/image\/","url":"https:\/\/www.egana60.cl\/wp-content\/uploads\/2023\/12\/logo2-e1701438723519.png","contentUrl":"https:\/\/www.egana60.cl\/wp-content\/uploads\/2023\/12\/logo2-e1701438723519.png","width":80,"height":80,"caption":"Coorporac\u00f3n Ega\u00f1a 60"},"image":{"@id":"https:\/\/www.egana60.cl\/#\/schema\/logo\/image\/"},"sameAs":["https:\/\/web.facebook.com\/egana60"]},{"@type":"Person","@id":"https:\/\/www.egana60.cl\/#\/schema\/person\/784715b941c14e2212873f5180a48eae","name":"admin","image":{"@type":"ImageObject","inLanguage":"es","@id":"https:\/\/www.egana60.cl\/#\/schema\/person\/image\/","url":"https:\/\/secure.gravatar.com\/avatar\/aac9c7787e0ed8cbfe7d7e1ca66cc8241d79adcb301a80ad91e062a2d22e69e7?s=96&d=mm&r=g","contentUrl":"https:\/\/secure.gravatar.com\/avatar\/aac9c7787e0ed8cbfe7d7e1ca66cc8241d79adcb301a80ad91e062a2d22e69e7?s=96&d=mm&r=g","caption":"admin"},"sameAs":["https:\/\/egana60.cl","https:\/\/x.com\/egana"],"url":"https:\/\/www.egana60.cl\/index.php\/author\/egana\/"}]}},"jetpack_featured_media_url":"https:\/\/i0.wp.com\/www.egana60.cl\/wp-content\/uploads\/2024\/12\/Portada-WEB-DOS-2024.jpg?fit=1903%2C485&ssl=1","jetpack_sharing_enabled":true,"_links":{"self":[{"href":"https:\/\/www.egana60.cl\/index.php\/wp-json\/wp\/v2\/posts\/3058","targetHints":{"allow":["GET"]}}],"collection":[{"href":"https:\/\/www.egana60.cl\/index.php\/wp-json\/wp\/v2\/posts"}],"about":[{"href":"https:\/\/www.egana60.cl\/index.php\/wp-json\/wp\/v2\/types\/post"}],"author":[{"embeddable":true,"href":"https:\/\/www.egana60.cl\/index.php\/wp-json\/wp\/v2\/users\/1"}],"replies":[{"embeddable":true,"href":"https:\/\/www.egana60.cl\/index.php\/wp-json\/wp\/v2\/comments?post=3058"}],"version-history":[{"count":3,"href":"https:\/\/www.egana60.cl\/index.php\/wp-json\/wp\/v2\/posts\/3058\/revisions"}],"predecessor-version":[{"id":3063,"href":"https:\/\/www.egana60.cl\/index.php\/wp-json\/wp\/v2\/posts\/3058\/revisions\/3063"}],"wp:featuredmedia":[{"embeddable":true,"href":"https:\/\/www.egana60.cl\/index.php\/wp-json\/wp\/v2\/media\/3059"}],"wp:attachment":[{"href":"https:\/\/www.egana60.cl\/index.php\/wp-json\/wp\/v2\/media?parent=3058"}],"wp:term":[{"taxonomy":"category","embeddable":true,"href":"https:\/\/www.egana60.cl\/index.php\/wp-json\/wp\/v2\/categories?post=3058"},{"taxonomy":"post_tag","embeddable":true,"href":"https:\/\/www.egana60.cl\/index.php\/wp-json\/wp\/v2\/tags?post=3058"}],"curies":[{"name":"wp","href":"https:\/\/api.w.org\/{rel}","templated":true}]}}