{"id":3089,"date":"2025-04-28T16:54:03","date_gmt":"2025-04-28T16:54:03","guid":{"rendered":"https:\/\/www.egana60.cl\/?p=3089"},"modified":"2025-04-28T16:55:16","modified_gmt":"2025-04-28T16:55:16","slug":"corporacion-egana-60-inaugura-el-proximo-30-de-mayo-sus-mejoras-en-sitio-de-memoria-con-una-inversion-de-113-millones","status":"publish","type":"post","link":"https:\/\/www.egana60.cl\/index.php\/2025\/04\/28\/corporacion-egana-60-inaugura-el-proximo-30-de-mayo-sus-mejoras-en-sitio-de-memoria-con-una-inversion-de-113-millones\/","title":{"rendered":"Corporaci\u00f3n Ega\u00f1a 60 inaugura el pr\u00f3ximo 30 de mayo sus mejoras en Sitio de Memoria con una inversi\u00f3n de $113 Millones."},"content":{"rendered":"<p>La Corporaci\u00f3n Ega\u00f1a 60, responsable del Sitio de Memoria Ega\u00f1a 60, anuncia la culminaci\u00f3n del proyecto \u00abHabilitaci\u00f3n transitoria y focalizada del revestimiento y red de energ\u00eda el\u00e9ctrica, en los pisos 1, 3 y 4, el z\u00f3calo y los portones del estacionamiento\u00bb gracias a una inversi\u00f3n de $113.082.276 proveniente del Fondo del Programa \u00abSitios de Memoria\u00bb, del Ministerio de las Culturas, las Artes y el Patrimonio.<br \/>\nEste proyecto, iniciado el 20 de enero de 2025 y ejecutado en un plazo de 4 meses por las empresas Termosoluciones SPA y BGA Ingenier\u00eda SPA, busca fortalecer el Sitio de Memoria como un espacio para la promoci\u00f3n y resguardo de los derechos humanos, as\u00ed como para actividades culturales, patrimoniales y educativas que beneficien a la comunidad.<br \/>\nLa mejora en la infraestructura del Sitio de Memoria Ega\u00f1a 60 permitir\u00e1 una mejor conservaci\u00f3n de los espacios y potenciar\u00e1 las actividades que se realizan en el lugar, consolid\u00e1ndolo como un punto de encuentro y reflexi\u00f3n para la comunidad.<br \/>\nLa Corporaci\u00f3n Ega\u00f1a 60 agradece al Programa \u00abSitios de Memoria\u00bb por el apoyo financiero y a las empresas Termosoluciones SPA y BGA Ingenier\u00eda SPA por su profesionalismo en la ejecuci\u00f3n del proyecto. Se espera que esta iniciativa contribuya significativamente al fortalecimiento de la memoria hist\u00f3rica y la promoci\u00f3n de los derechos humanos en la regi\u00f3n.<br \/>\nPara m\u00e1s informaci\u00f3n sobre el Sitio de Memoria Ega\u00f1a 60, sus actividades y novedades, revisa trav\u00e9s de su p\u00e1gina web https:\/\/www.egana60.cl\/ o Instagram https:\/\/www.instagram.com\/egana_60.<\/p>\n<p>&nbsp;<\/p>\n","protected":false},"excerpt":{"rendered":"<p>La Corporaci\u00f3n Ega\u00f1a 60, responsable del Sitio de Memoria Ega\u00f1a [&hellip;]<\/p>\n","protected":false},"author":1,"featured_media":3090,"comment_status":"open","ping_status":"open","sticky":false,"template":"","format":"standard","meta":{"_jetpack_memberships_contains_paid_content":false,"footnotes":""},"categories":[17],"tags":[],"class_list":["post-3089","post","type-post","status-publish","format-standard","has-post-thumbnail","hentry","category-comunicados"],"yoast_head":"<!-- This site is optimized with the Yoast SEO plugin v25.3 - https:\/\/yoast.com\/wordpress\/plugins\/seo\/ -->\n<title>Corporaci\u00f3n Ega\u00f1a 60 inaugura el pr\u00f3ximo 30 de mayo sus mejoras en Sitio de Memoria con una inversi\u00f3n de $113 Millones. - Ega\u00f1a 60<\/title>\n<meta name=\"robots\" content=\"index, follow, max-snippet:-1, max-image-preview:large, max-video-preview:-1\" \/>\n<link rel=\"canonical\" href=\"https:\/\/www.egana60.cl\/index.php\/2025\/04\/28\/corporacion-egana-60-inaugura-el-proximo-30-de-mayo-sus-mejoras-en-sitio-de-memoria-con-una-inversion-de-113-millones\/\" \/>\n<meta property=\"og:locale\" content=\"es_ES\" \/>\n<meta property=\"og:type\" content=\"article\" \/>\n<meta property=\"og:title\" content=\"Corporaci\u00f3n Ega\u00f1a 60 inaugura el pr\u00f3ximo 30 de mayo sus mejoras en Sitio de Memoria con una inversi\u00f3n de $113 Millones. - Ega\u00f1a 60\" \/>\n<meta property=\"og:description\" content=\"La Corporaci\u00f3n Ega\u00f1a 60, responsable del Sitio de Memoria Ega\u00f1a [&hellip;]\" \/>\n<meta property=\"og:url\" content=\"https:\/\/www.egana60.cl\/index.php\/2025\/04\/28\/corporacion-egana-60-inaugura-el-proximo-30-de-mayo-sus-mejoras-en-sitio-de-memoria-con-una-inversion-de-113-millones\/\" \/>\n<meta property=\"og:site_name\" content=\"Ega\u00f1a 60\" \/>\n<meta property=\"article:publisher\" content=\"https:\/\/web.facebook.com\/egana60\" \/>\n<meta property=\"article:published_time\" content=\"2025-04-28T16:54:03+00:00\" \/>\n<meta property=\"article:modified_time\" content=\"2025-04-28T16:55:16+00:00\" \/>\n<meta property=\"og:image\" content=\"https:\/\/www.egana60.cl\/wp-content\/uploads\/2025\/04\/WhatsApp-Image-2025-04-28-at-12.53.16.jpeg\" \/>\n\t<meta property=\"og:image:width\" content=\"722\" \/>\n\t<meta property=\"og:image:height\" content=\"394\" \/>\n\t<meta property=\"og:image:type\" content=\"image\/jpeg\" \/>\n<meta name=\"author\" content=\"admin\" \/>\n<meta name=\"twitter:card\" content=\"summary_large_image\" \/>\n<meta name=\"twitter:creator\" content=\"@egana\" \/>\n<meta name=\"twitter:label1\" content=\"Escrito por\" \/>\n\t<meta name=\"twitter:data1\" content=\"admin\" \/>\n\t<meta name=\"twitter:label2\" content=\"Tiempo de lectura\" \/>\n\t<meta name=\"twitter:data2\" content=\"1 minuto\" \/>\n<script type=\"application\/ld+json\" class=\"yoast-schema-graph\">{\"@context\":\"https:\/\/schema.org\",\"@graph\":[{\"@type\":\"Article\",\"@id\":\"https:\/\/www.egana60.cl\/index.php\/2025\/04\/28\/corporacion-egana-60-inaugura-el-proximo-30-de-mayo-sus-mejoras-en-sitio-de-memoria-con-una-inversion-de-113-millones\/#article\",\"isPartOf\":{\"@id\":\"https:\/\/www.egana60.cl\/index.php\/2025\/04\/28\/corporacion-egana-60-inaugura-el-proximo-30-de-mayo-sus-mejoras-en-sitio-de-memoria-con-una-inversion-de-113-millones\/\"},\"author\":{\"name\":\"admin\",\"@id\":\"https:\/\/www.egana60.cl\/#\/schema\/person\/784715b941c14e2212873f5180a48eae\"},\"headline\":\"Corporaci\u00f3n Ega\u00f1a 60 inaugura el pr\u00f3ximo 30 de mayo sus mejoras en Sitio de Memoria con una inversi\u00f3n de $113 Millones.\",\"datePublished\":\"2025-04-28T16:54:03+00:00\",\"dateModified\":\"2025-04-28T16:55:16+00:00\",\"mainEntityOfPage\":{\"@id\":\"https:\/\/www.egana60.cl\/index.php\/2025\/04\/28\/corporacion-egana-60-inaugura-el-proximo-30-de-mayo-sus-mejoras-en-sitio-de-memoria-con-una-inversion-de-113-millones\/\"},\"wordCount\":285,\"commentCount\":0,\"publisher\":{\"@id\":\"https:\/\/www.egana60.cl\/#organization\"},\"image\":{\"@id\":\"https:\/\/www.egana60.cl\/index.php\/2025\/04\/28\/corporacion-egana-60-inaugura-el-proximo-30-de-mayo-sus-mejoras-en-sitio-de-memoria-con-una-inversion-de-113-millones\/#primaryimage\"},\"thumbnailUrl\":\"https:\/\/i0.wp.com\/www.egana60.cl\/wp-content\/uploads\/2025\/04\/WhatsApp-Image-2025-04-28-at-12.53.16.jpeg?fit=722%2C394&ssl=1\",\"articleSection\":[\"Comunicados\"],\"inLanguage\":\"es\",\"potentialAction\":[{\"@type\":\"CommentAction\",\"name\":\"Comment\",\"target\":[\"https:\/\/www.egana60.cl\/index.php\/2025\/04\/28\/corporacion-egana-60-inaugura-el-proximo-30-de-mayo-sus-mejoras-en-sitio-de-memoria-con-una-inversion-de-113-millones\/#respond\"]}]},{\"@type\":\"WebPage\",\"@id\":\"https:\/\/www.egana60.cl\/index.php\/2025\/04\/28\/corporacion-egana-60-inaugura-el-proximo-30-de-mayo-sus-mejoras-en-sitio-de-memoria-con-una-inversion-de-113-millones\/\",\"url\":\"https:\/\/www.egana60.cl\/index.php\/2025\/04\/28\/corporacion-egana-60-inaugura-el-proximo-30-de-mayo-sus-mejoras-en-sitio-de-memoria-con-una-inversion-de-113-millones\/\",\"name\":\"Corporaci\u00f3n Ega\u00f1a 60 inaugura el pr\u00f3ximo 30 de mayo sus mejoras en Sitio de Memoria con una inversi\u00f3n de $113 Millones. - Ega\u00f1a 60\",\"isPartOf\":{\"@id\":\"https:\/\/www.egana60.cl\/#website\"},\"primaryImageOfPage\":{\"@id\":\"https:\/\/www.egana60.cl\/index.php\/2025\/04\/28\/corporacion-egana-60-inaugura-el-proximo-30-de-mayo-sus-mejoras-en-sitio-de-memoria-con-una-inversion-de-113-millones\/#primaryimage\"},\"image\":{\"@id\":\"https:\/\/www.egana60.cl\/index.php\/2025\/04\/28\/corporacion-egana-60-inaugura-el-proximo-30-de-mayo-sus-mejoras-en-sitio-de-memoria-con-una-inversion-de-113-millones\/#primaryimage\"},\"thumbnailUrl\":\"https:\/\/i0.wp.com\/www.egana60.cl\/wp-content\/uploads\/2025\/04\/WhatsApp-Image-2025-04-28-at-12.53.16.jpeg?fit=722%2C394&ssl=1\",\"datePublished\":\"2025-04-28T16:54:03+00:00\",\"dateModified\":\"2025-04-28T16:55:16+00:00\",\"breadcrumb\":{\"@id\":\"https:\/\/www.egana60.cl\/index.php\/2025\/04\/28\/corporacion-egana-60-inaugura-el-proximo-30-de-mayo-sus-mejoras-en-sitio-de-memoria-con-una-inversion-de-113-millones\/#breadcrumb\"},\"inLanguage\":\"es\",\"potentialAction\":[{\"@type\":\"ReadAction\",\"target\":[\"https:\/\/www.egana60.cl\/index.php\/2025\/04\/28\/corporacion-egana-60-inaugura-el-proximo-30-de-mayo-sus-mejoras-en-sitio-de-memoria-con-una-inversion-de-113-millones\/\"]}]},{\"@type\":\"ImageObject\",\"inLanguage\":\"es\",\"@id\":\"https:\/\/www.egana60.cl\/index.php\/2025\/04\/28\/corporacion-egana-60-inaugura-el-proximo-30-de-mayo-sus-mejoras-en-sitio-de-memoria-con-una-inversion-de-113-millones\/#primaryimage\",\"url\":\"https:\/\/i0.wp.com\/www.egana60.cl\/wp-content\/uploads\/2025\/04\/WhatsApp-Image-2025-04-28-at-12.53.16.jpeg?fit=722%2C394&ssl=1\",\"contentUrl\":\"https:\/\/i0.wp.com\/www.egana60.cl\/wp-content\/uploads\/2025\/04\/WhatsApp-Image-2025-04-28-at-12.53.16.jpeg?fit=722%2C394&ssl=1\",\"width\":722,\"height\":394},{\"@type\":\"BreadcrumbList\",\"@id\":\"https:\/\/www.egana60.cl\/index.php\/2025\/04\/28\/corporacion-egana-60-inaugura-el-proximo-30-de-mayo-sus-mejoras-en-sitio-de-memoria-con-una-inversion-de-113-millones\/#breadcrumb\",\"itemListElement\":[{\"@type\":\"ListItem\",\"position\":1,\"name\":\"Portada\",\"item\":\"https:\/\/www.egana60.cl\/\"},{\"@type\":\"ListItem\",\"position\":2,\"name\":\"Corporaci\u00f3n Ega\u00f1a 60 inaugura el pr\u00f3ximo 30 de mayo sus mejoras en Sitio de Memoria con una inversi\u00f3n de $113 Millones.\"}]},{\"@type\":\"WebSite\",\"@id\":\"https:\/\/www.egana60.cl\/#website\",\"url\":\"https:\/\/www.egana60.cl\/\",\"name\":\"Ega\u00f1a 60\",\"description\":\"Sitios de Memoria\",\"publisher\":{\"@id\":\"https:\/\/www.egana60.cl\/#organization\"},\"potentialAction\":[{\"@type\":\"SearchAction\",\"target\":{\"@type\":\"EntryPoint\",\"urlTemplate\":\"https:\/\/www.egana60.cl\/?s={search_term_string}\"},\"query-input\":{\"@type\":\"PropertyValueSpecification\",\"valueRequired\":true,\"valueName\":\"search_term_string\"}}],\"inLanguage\":\"es\"},{\"@type\":\"Organization\",\"@id\":\"https:\/\/www.egana60.cl\/#organization\",\"name\":\"Coorporac\u00f3n Ega\u00f1a 60\",\"url\":\"https:\/\/www.egana60.cl\/\",\"logo\":{\"@type\":\"ImageObject\",\"inLanguage\":\"es\",\"@id\":\"https:\/\/www.egana60.cl\/#\/schema\/logo\/image\/\",\"url\":\"https:\/\/www.egana60.cl\/wp-content\/uploads\/2023\/12\/logo2-e1701438723519.png\",\"contentUrl\":\"https:\/\/www.egana60.cl\/wp-content\/uploads\/2023\/12\/logo2-e1701438723519.png\",\"width\":80,\"height\":80,\"caption\":\"Coorporac\u00f3n Ega\u00f1a 60\"},\"image\":{\"@id\":\"https:\/\/www.egana60.cl\/#\/schema\/logo\/image\/\"},\"sameAs\":[\"https:\/\/web.facebook.com\/egana60\"]},{\"@type\":\"Person\",\"@id\":\"https:\/\/www.egana60.cl\/#\/schema\/person\/784715b941c14e2212873f5180a48eae\",\"name\":\"admin\",\"image\":{\"@type\":\"ImageObject\",\"inLanguage\":\"es\",\"@id\":\"https:\/\/www.egana60.cl\/#\/schema\/person\/image\/\",\"url\":\"https:\/\/secure.gravatar.com\/avatar\/aac9c7787e0ed8cbfe7d7e1ca66cc8241d79adcb301a80ad91e062a2d22e69e7?s=96&d=mm&r=g\",\"contentUrl\":\"https:\/\/secure.gravatar.com\/avatar\/aac9c7787e0ed8cbfe7d7e1ca66cc8241d79adcb301a80ad91e062a2d22e69e7?s=96&d=mm&r=g\",\"caption\":\"admin\"},\"sameAs\":[\"https:\/\/egana60.cl\",\"https:\/\/x.com\/egana\"],\"url\":\"https:\/\/www.egana60.cl\/index.php\/author\/egana\/\"}]}<\/script>\n<!-- \/ Yoast SEO plugin. -->","yoast_head_json":{"title":"Corporaci\u00f3n Ega\u00f1a 60 inaugura el pr\u00f3ximo 30 de mayo sus mejoras en Sitio de Memoria con una inversi\u00f3n de $113 Millones. - Ega\u00f1a 60","robots":{"index":"index","follow":"follow","max-snippet":"max-snippet:-1","max-image-preview":"max-image-preview:large","max-video-preview":"max-video-preview:-1"},"canonical":"https:\/\/www.egana60.cl\/index.php\/2025\/04\/28\/corporacion-egana-60-inaugura-el-proximo-30-de-mayo-sus-mejoras-en-sitio-de-memoria-con-una-inversion-de-113-millones\/","og_locale":"es_ES","og_type":"article","og_title":"Corporaci\u00f3n Ega\u00f1a 60 inaugura el pr\u00f3ximo 30 de mayo sus mejoras en Sitio de Memoria con una inversi\u00f3n de $113 Millones. - Ega\u00f1a 60","og_description":"La Corporaci\u00f3n Ega\u00f1a 60, responsable del Sitio de Memoria Ega\u00f1a [&hellip;]","og_url":"https:\/\/www.egana60.cl\/index.php\/2025\/04\/28\/corporacion-egana-60-inaugura-el-proximo-30-de-mayo-sus-mejoras-en-sitio-de-memoria-con-una-inversion-de-113-millones\/","og_site_name":"Ega\u00f1a 60","article_publisher":"https:\/\/web.facebook.com\/egana60","article_published_time":"2025-04-28T16:54:03+00:00","article_modified_time":"2025-04-28T16:55:16+00:00","og_image":[{"width":722,"height":394,"url":"https:\/\/www.egana60.cl\/wp-content\/uploads\/2025\/04\/WhatsApp-Image-2025-04-28-at-12.53.16.jpeg","type":"image\/jpeg"}],"author":"admin","twitter_card":"summary_large_image","twitter_creator":"@egana","twitter_misc":{"Escrito por":"admin","Tiempo de lectura":"1 minuto"},"schema":{"@context":"https:\/\/schema.org","@graph":[{"@type":"Article","@id":"https:\/\/www.egana60.cl\/index.php\/2025\/04\/28\/corporacion-egana-60-inaugura-el-proximo-30-de-mayo-sus-mejoras-en-sitio-de-memoria-con-una-inversion-de-113-millones\/#article","isPartOf":{"@id":"https:\/\/www.egana60.cl\/index.php\/2025\/04\/28\/corporacion-egana-60-inaugura-el-proximo-30-de-mayo-sus-mejoras-en-sitio-de-memoria-con-una-inversion-de-113-millones\/"},"author":{"name":"admin","@id":"https:\/\/www.egana60.cl\/#\/schema\/person\/784715b941c14e2212873f5180a48eae"},"headline":"Corporaci\u00f3n Ega\u00f1a 60 inaugura el pr\u00f3ximo 30 de mayo sus mejoras en Sitio de Memoria con una inversi\u00f3n de $113 Millones.","datePublished":"2025-04-28T16:54:03+00:00","dateModified":"2025-04-28T16:55:16+00:00","mainEntityOfPage":{"@id":"https:\/\/www.egana60.cl\/index.php\/2025\/04\/28\/corporacion-egana-60-inaugura-el-proximo-30-de-mayo-sus-mejoras-en-sitio-de-memoria-con-una-inversion-de-113-millones\/"},"wordCount":285,"commentCount":0,"publisher":{"@id":"https:\/\/www.egana60.cl\/#organization"},"image":{"@id":"https:\/\/www.egana60.cl\/index.php\/2025\/04\/28\/corporacion-egana-60-inaugura-el-proximo-30-de-mayo-sus-mejoras-en-sitio-de-memoria-con-una-inversion-de-113-millones\/#primaryimage"},"thumbnailUrl":"https:\/\/i0.wp.com\/www.egana60.cl\/wp-content\/uploads\/2025\/04\/WhatsApp-Image-2025-04-28-at-12.53.16.jpeg?fit=722%2C394&ssl=1","articleSection":["Comunicados"],"inLanguage":"es","potentialAction":[{"@type":"CommentAction","name":"Comment","target":["https:\/\/www.egana60.cl\/index.php\/2025\/04\/28\/corporacion-egana-60-inaugura-el-proximo-30-de-mayo-sus-mejoras-en-sitio-de-memoria-con-una-inversion-de-113-millones\/#respond"]}]},{"@type":"WebPage","@id":"https:\/\/www.egana60.cl\/index.php\/2025\/04\/28\/corporacion-egana-60-inaugura-el-proximo-30-de-mayo-sus-mejoras-en-sitio-de-memoria-con-una-inversion-de-113-millones\/","url":"https:\/\/www.egana60.cl\/index.php\/2025\/04\/28\/corporacion-egana-60-inaugura-el-proximo-30-de-mayo-sus-mejoras-en-sitio-de-memoria-con-una-inversion-de-113-millones\/","name":"Corporaci\u00f3n Ega\u00f1a 60 inaugura el pr\u00f3ximo 30 de mayo sus mejoras en Sitio de Memoria con una inversi\u00f3n de $113 Millones. - Ega\u00f1a 60","isPartOf":{"@id":"https:\/\/www.egana60.cl\/#website"},"primaryImageOfPage":{"@id":"https:\/\/www.egana60.cl\/index.php\/2025\/04\/28\/corporacion-egana-60-inaugura-el-proximo-30-de-mayo-sus-mejoras-en-sitio-de-memoria-con-una-inversion-de-113-millones\/#primaryimage"},"image":{"@id":"https:\/\/www.egana60.cl\/index.php\/2025\/04\/28\/corporacion-egana-60-inaugura-el-proximo-30-de-mayo-sus-mejoras-en-sitio-de-memoria-con-una-inversion-de-113-millones\/#primaryimage"},"thumbnailUrl":"https:\/\/i0.wp.com\/www.egana60.cl\/wp-content\/uploads\/2025\/04\/WhatsApp-Image-2025-04-28-at-12.53.16.jpeg?fit=722%2C394&ssl=1","datePublished":"2025-04-28T16:54:03+00:00","dateModified":"2025-04-28T16:55:16+00:00","breadcrumb":{"@id":"https:\/\/www.egana60.cl\/index.php\/2025\/04\/28\/corporacion-egana-60-inaugura-el-proximo-30-de-mayo-sus-mejoras-en-sitio-de-memoria-con-una-inversion-de-113-millones\/#breadcrumb"},"inLanguage":"es","potentialAction":[{"@type":"ReadAction","target":["https:\/\/www.egana60.cl\/index.php\/2025\/04\/28\/corporacion-egana-60-inaugura-el-proximo-30-de-mayo-sus-mejoras-en-sitio-de-memoria-con-una-inversion-de-113-millones\/"]}]},{"@type":"ImageObject","inLanguage":"es","@id":"https:\/\/www.egana60.cl\/index.php\/2025\/04\/28\/corporacion-egana-60-inaugura-el-proximo-30-de-mayo-sus-mejoras-en-sitio-de-memoria-con-una-inversion-de-113-millones\/#primaryimage","url":"https:\/\/i0.wp.com\/www.egana60.cl\/wp-content\/uploads\/2025\/04\/WhatsApp-Image-2025-04-28-at-12.53.16.jpeg?fit=722%2C394&ssl=1","contentUrl":"https:\/\/i0.wp.com\/www.egana60.cl\/wp-content\/uploads\/2025\/04\/WhatsApp-Image-2025-04-28-at-12.53.16.jpeg?fit=722%2C394&ssl=1","width":722,"height":394},{"@type":"BreadcrumbList","@id":"https:\/\/www.egana60.cl\/index.php\/2025\/04\/28\/corporacion-egana-60-inaugura-el-proximo-30-de-mayo-sus-mejoras-en-sitio-de-memoria-con-una-inversion-de-113-millones\/#breadcrumb","itemListElement":[{"@type":"ListItem","position":1,"name":"Portada","item":"https:\/\/www.egana60.cl\/"},{"@type":"ListItem","position":2,"name":"Corporaci\u00f3n Ega\u00f1a 60 inaugura el pr\u00f3ximo 30 de mayo sus mejoras en Sitio de Memoria con una inversi\u00f3n de $113 Millones."}]},{"@type":"WebSite","@id":"https:\/\/www.egana60.cl\/#website","url":"https:\/\/www.egana60.cl\/","name":"Ega\u00f1a 60","description":"Sitios de Memoria","publisher":{"@id":"https:\/\/www.egana60.cl\/#organization"},"potentialAction":[{"@type":"SearchAction","target":{"@type":"EntryPoint","urlTemplate":"https:\/\/www.egana60.cl\/?s={search_term_string}"},"query-input":{"@type":"PropertyValueSpecification","valueRequired":true,"valueName":"search_term_string"}}],"inLanguage":"es"},{"@type":"Organization","@id":"https:\/\/www.egana60.cl\/#organization","name":"Coorporac\u00f3n Ega\u00f1a 60","url":"https:\/\/www.egana60.cl\/","logo":{"@type":"ImageObject","inLanguage":"es","@id":"https:\/\/www.egana60.cl\/#\/schema\/logo\/image\/","url":"https:\/\/www.egana60.cl\/wp-content\/uploads\/2023\/12\/logo2-e1701438723519.png","contentUrl":"https:\/\/www.egana60.cl\/wp-content\/uploads\/2023\/12\/logo2-e1701438723519.png","width":80,"height":80,"caption":"Coorporac\u00f3n Ega\u00f1a 60"},"image":{"@id":"https:\/\/www.egana60.cl\/#\/schema\/logo\/image\/"},"sameAs":["https:\/\/web.facebook.com\/egana60"]},{"@type":"Person","@id":"https:\/\/www.egana60.cl\/#\/schema\/person\/784715b941c14e2212873f5180a48eae","name":"admin","image":{"@type":"ImageObject","inLanguage":"es","@id":"https:\/\/www.egana60.cl\/#\/schema\/person\/image\/","url":"https:\/\/secure.gravatar.com\/avatar\/aac9c7787e0ed8cbfe7d7e1ca66cc8241d79adcb301a80ad91e062a2d22e69e7?s=96&d=mm&r=g","contentUrl":"https:\/\/secure.gravatar.com\/avatar\/aac9c7787e0ed8cbfe7d7e1ca66cc8241d79adcb301a80ad91e062a2d22e69e7?s=96&d=mm&r=g","caption":"admin"},"sameAs":["https:\/\/egana60.cl","https:\/\/x.com\/egana"],"url":"https:\/\/www.egana60.cl\/index.php\/author\/egana\/"}]}},"jetpack_featured_media_url":"https:\/\/i0.wp.com\/www.egana60.cl\/wp-content\/uploads\/2025\/04\/WhatsApp-Image-2025-04-28-at-12.53.16.jpeg?fit=722%2C394&ssl=1","jetpack_sharing_enabled":true,"_links":{"self":[{"href":"https:\/\/www.egana60.cl\/index.php\/wp-json\/wp\/v2\/posts\/3089","targetHints":{"allow":["GET"]}}],"collection":[{"href":"https:\/\/www.egana60.cl\/index.php\/wp-json\/wp\/v2\/posts"}],"about":[{"href":"https:\/\/www.egana60.cl\/index.php\/wp-json\/wp\/v2\/types\/post"}],"author":[{"embeddable":true,"href":"https:\/\/www.egana60.cl\/index.php\/wp-json\/wp\/v2\/users\/1"}],"replies":[{"embeddable":true,"href":"https:\/\/www.egana60.cl\/index.php\/wp-json\/wp\/v2\/comments?post=3089"}],"version-history":[{"count":3,"href":"https:\/\/www.egana60.cl\/index.php\/wp-json\/wp\/v2\/posts\/3089\/revisions"}],"predecessor-version":[{"id":3094,"href":"https:\/\/www.egana60.cl\/index.php\/wp-json\/wp\/v2\/posts\/3089\/revisions\/3094"}],"wp:featuredmedia":[{"embeddable":true,"href":"https:\/\/www.egana60.cl\/index.php\/wp-json\/wp\/v2\/media\/3090"}],"wp:attachment":[{"href":"https:\/\/www.egana60.cl\/index.php\/wp-json\/wp\/v2\/media?parent=3089"}],"wp:term":[{"taxonomy":"category","embeddable":true,"href":"https:\/\/www.egana60.cl\/index.php\/wp-json\/wp\/v2\/categories?post=3089"},{"taxonomy":"post_tag","embeddable":true,"href":"https:\/\/www.egana60.cl\/index.php\/wp-json\/wp\/v2\/tags?post=3089"}],"curies":[{"name":"wp","href":"https:\/\/api.w.org\/{rel}","templated":true}]}}