{"id":3119,"date":"2025-06-09T18:30:19","date_gmt":"2025-06-09T18:30:19","guid":{"rendered":"https:\/\/www.egana60.cl\/?p=3119"},"modified":"2025-06-09T18:30:19","modified_gmt":"2025-06-09T18:30:19","slug":"egana-60-inaugura-mejoras-y-salon-cultural","status":"publish","type":"post","link":"https:\/\/www.egana60.cl\/index.php\/2025\/06\/09\/egana-60-inaugura-mejoras-y-salon-cultural\/","title":{"rendered":"Ega\u00f1a 60 inaugura mejoras y sal\u00f3n cultural tras inversi\u00f3n"},"content":{"rendered":"<p><i><span style=\"font-weight: 400;\">La ceremonia culmin\u00f3 las obras de rehabilitaci\u00f3n financiadas por el Ministerio de las Culturas, las Artes y el Patrimonio a trav\u00e9s del Servicio Nacional del Patrimonio Cultural (Serpat).<\/span><\/i><\/p>\n<p><span style=\"font-weight: 400;\">La Corporaci\u00f3n Ega\u00f1a 60 inaugur\u00f3 el Sal\u00f3n Multiuso Ren\u00e9 Droppelmann A\u00f1azco gracias al financiamiento del Programa Sitios de Memoria. La <a href=\"https:\/\/www.egana60.cl\/index.php\/2025\/04\/28\/corporacion-egana-60-inaugura-el-proximo-30-de-mayo-sus-mejoras-en-sitio-de-memoria-con-una-inversion-de-113-millones\/\" target=\"_blank\" rel=\"noopener\">inversi\u00f3n<\/a> de $113 millones de pesos permiti\u00f3 mejorar la infraestructura del inmueble, mediante la instalaci\u00f3n de portones en el estacionamiento y la habilitaci\u00f3n de revestimientos y redes el\u00e9ctricas en el z\u00f3calo y los pisos 1, 3, y 4. Estas mejoras permitir\u00e1n ampliar el uso del espacio y reforzar su car\u00e1cter como sitio de memoria y espacio de encuentro.\u00a0<\/span><\/p>\n<p>A la ceremonia asisti\u00f3 el Coordinador Nacional del Programa Sitios de Memoria, Rodrigo Aravena; el Seremi de Justicia y Derechos Humanos, Crist\u00f3bal Fuenzalida; la Seremi de Cultura, las Artes y el Patrimonio, Ana Santos; la Seremi de Seguridad P\u00fablica, Patricia Rada y la Directora Regional del Serpat, Evelyn Almonacid. El acto abierto a la comunidad tambi\u00e9n cont\u00f3 con la presencia del Premio Nacional de Derechos Humanos 2024, Claudio Gonz\u00e1lez.<\/p>\n<div id=\"attachment_3120\" style=\"width: 1034px\" class=\"wp-caption alignnone\"><img data-recalc-dims=\"1\" decoding=\"async\" aria-describedby=\"caption-attachment-3120\" class=\"lazyload size-large wp-image-3120\" src=\"https:\/\/i0.wp.com\/www.egana60.cl\/wp-content\/uploads\/2025\/06\/Autoridades-Inauguracion-Salon.jpeg?resize=1024%2C682&#038;ssl=1\" data-orig-src=\"https:\/\/www.egana60.cl\/wp-content\/uploads\/2025\/06\/Autoridades-Inauguracion-Salon-1024x682.jpeg\" alt=\"Autoridades y Carlos Soto de Ega\u00f1a 60 en la inauguraci\u00f3n del Sal\u00f3n. Detr\u00e1s de ellos hay arpilleras.\" width=\"1024\" height=\"682\" srcset=\"data:image\/svg+xml,%3Csvg%20xmlns%3D%27http%3A%2F%2Fwww.w3.org%2F2000%2Fsvg%27%20width%3D%271024%27%20height%3D%27682%27%20viewBox%3D%270%200%201024%20682%27%3E%3Crect%20width%3D%271024%27%20height%3D%27682%27%20fill-opacity%3D%220%22%2F%3E%3C%2Fsvg%3E\" data-srcset=\"https:\/\/i0.wp.com\/www.egana60.cl\/wp-content\/uploads\/2025\/06\/Autoridades-Inauguracion-Salon.jpeg?resize=200%2C133&amp;ssl=1 200w, https:\/\/i0.wp.com\/www.egana60.cl\/wp-content\/uploads\/2025\/06\/Autoridades-Inauguracion-Salon.jpeg?resize=300%2C200&amp;ssl=1 300w, https:\/\/i0.wp.com\/www.egana60.cl\/wp-content\/uploads\/2025\/06\/Autoridades-Inauguracion-Salon.jpeg?resize=400%2C266&amp;ssl=1 400w, https:\/\/i0.wp.com\/www.egana60.cl\/wp-content\/uploads\/2025\/06\/Autoridades-Inauguracion-Salon.jpeg?resize=600%2C399&amp;ssl=1 600w, https:\/\/i0.wp.com\/www.egana60.cl\/wp-content\/uploads\/2025\/06\/Autoridades-Inauguracion-Salon.jpeg?resize=768%2C511&amp;ssl=1 768w, https:\/\/i0.wp.com\/www.egana60.cl\/wp-content\/uploads\/2025\/06\/Autoridades-Inauguracion-Salon.jpeg?resize=800%2C533&amp;ssl=1 800w, https:\/\/i0.wp.com\/www.egana60.cl\/wp-content\/uploads\/2025\/06\/Autoridades-Inauguracion-Salon.jpeg?resize=1024%2C682&amp;ssl=1 1024w, https:\/\/i0.wp.com\/www.egana60.cl\/wp-content\/uploads\/2025\/06\/Autoridades-Inauguracion-Salon.jpeg?resize=1200%2C799&amp;ssl=1 1200w, https:\/\/i0.wp.com\/www.egana60.cl\/wp-content\/uploads\/2025\/06\/Autoridades-Inauguracion-Salon.jpeg?w=1280&amp;ssl=1 1280w\" data-sizes=\"auto\" data-orig-sizes=\"(max-width: 1024px) 100vw, 1024px\" \/><p id=\"caption-attachment-3120\" class=\"wp-caption-text\">De izquierda a derecha: Seremi de Justicia Crist\u00f3bal Fuenzalida, Carlos Soto, Seremi de Seguridad P\u00fablica Patricia Rada, Seremi de Cultura Ana Santos y directora del Serpat, Evelyn Almonacid.<\/p><\/div>\n<p><span style=\"font-weight: 400;\">El presidente de la Corporaci\u00f3n Ega\u00f1a 60, Alfredo Cardemil Ram\u00edrez, se\u00f1al\u00f3 que \u201cestamos presentes para dignificar este edificio que estaba convertido en una verdadera ruina. <strong>Seguiremos luchando para lograr su remodelaci\u00f3n definitiva<\/strong> y que se convierta en un lugar de estudio, memoria y defensa de los derechos humanos\u201d.<\/span><\/p>\n<p><span style=\"font-weight: 400;\">Por su parte, el Coordinador Nacional del Programa Sitios de Memoria, Rodrigo Aravena, felicit\u00f3 el trabajo de la Corporaci\u00f3n Ega\u00f1a 60. \u201cUn lugar que represent\u00f3 temor y negatividad se est\u00e1 revitalizando. Esta apertura y convocatoria dan garant\u00edas de que el sitio es sostenible. Desde el programa creemos que la capacidad de gesti\u00f3n que tienen los sitios es un patrimonio en s\u00ed mismo. Esperamos fortalecerla para seguir llevando el trabajo de memoria a m\u00e1s lugares\u201d afirm\u00f3.<\/span><\/p>\n<div id=\"attachment_3121\" style=\"width: 1034px\" class=\"wp-caption alignnone\"><img data-recalc-dims=\"1\" decoding=\"async\" aria-describedby=\"caption-attachment-3121\" class=\"lazyload wp-image-3121 size-large\" src=\"https:\/\/i0.wp.com\/www.egana60.cl\/wp-content\/uploads\/2025\/06\/IMG_9045.jpg?resize=1024%2C768&#038;ssl=1\" data-orig-src=\"https:\/\/www.egana60.cl\/wp-content\/uploads\/2025\/06\/IMG_9045-1024x768.jpg\" alt=\"Rodrigo Aravena en la inauguraci\u00f3n del sal\u00f3n Ren\u00e9 Droppelmann\" width=\"1024\" height=\"768\" srcset=\"data:image\/svg+xml,%3Csvg%20xmlns%3D%27http%3A%2F%2Fwww.w3.org%2F2000%2Fsvg%27%20width%3D%271024%27%20height%3D%27768%27%20viewBox%3D%270%200%201024%20768%27%3E%3Crect%20width%3D%271024%27%20height%3D%27768%27%20fill-opacity%3D%220%22%2F%3E%3C%2Fsvg%3E\" data-srcset=\"https:\/\/i0.wp.com\/www.egana60.cl\/wp-content\/uploads\/2025\/06\/IMG_9045.jpg?resize=200%2C150&amp;ssl=1 200w, https:\/\/i0.wp.com\/www.egana60.cl\/wp-content\/uploads\/2025\/06\/IMG_9045.jpg?resize=300%2C225&amp;ssl=1 300w, https:\/\/i0.wp.com\/www.egana60.cl\/wp-content\/uploads\/2025\/06\/IMG_9045.jpg?resize=400%2C300&amp;ssl=1 400w, https:\/\/i0.wp.com\/www.egana60.cl\/wp-content\/uploads\/2025\/06\/IMG_9045.jpg?resize=600%2C450&amp;ssl=1 600w, https:\/\/i0.wp.com\/www.egana60.cl\/wp-content\/uploads\/2025\/06\/IMG_9045.jpg?resize=768%2C576&amp;ssl=1 768w, https:\/\/i0.wp.com\/www.egana60.cl\/wp-content\/uploads\/2025\/06\/IMG_9045.jpg?resize=800%2C600&amp;ssl=1 800w, https:\/\/i0.wp.com\/www.egana60.cl\/wp-content\/uploads\/2025\/06\/IMG_9045.jpg?resize=1024%2C768&amp;ssl=1 1024w, https:\/\/i0.wp.com\/www.egana60.cl\/wp-content\/uploads\/2025\/06\/IMG_9045.jpg?resize=1200%2C900&amp;ssl=1 1200w, https:\/\/i0.wp.com\/www.egana60.cl\/wp-content\/uploads\/2025\/06\/IMG_9045.jpg?resize=1536%2C1152&amp;ssl=1 1536w, https:\/\/i0.wp.com\/www.egana60.cl\/wp-content\/uploads\/2025\/06\/IMG_9045.jpg?w=1684&amp;ssl=1 1684w\" data-sizes=\"auto\" data-orig-sizes=\"(max-width: 1024px) 100vw, 1024px\" \/><p id=\"caption-attachment-3121\" class=\"wp-caption-text\">El Coordinador Nacional del Programa Sitios de Memoria, Rodrigo Aravena, en la inauguraci\u00f3n del Sal\u00f3n en Ega\u00f1a 60.<\/p><\/div>\n<p>El sal\u00f3n lleva el nombre de Ren\u00e9 Droppelmann A\u00f1azco, quien falleci\u00f3 el marzo pasado en pleno ejercicio de su cargo como presidente de la Corporaci\u00f3n Ega\u00f1a 60. Desde el espacio remodelado se busca que el sitio de memoria ampl\u00ede sus actividades y se introduzca en la escena cultural local con una perspectiva de derechos humanos, colaborando con organizaciones sociales y colectivos art\u00edsticos.<\/p>\n<p><span style=\"font-weight: 400;\">Cabe destacar que el acto inaugural ya destac\u00f3 por la <strong>presentaci\u00f3n de artistas<\/strong> como la agrupaci\u00f3n Bordadoras de Sue\u00f1os, el poeta Mario C\u00e1rdenas, el d\u00fao de danza contempor\u00e1nea Ex Nihilo y la periodista y escritora Marlis Langenbach.<\/span><\/p>\n<blockquote class=\"instagram-media\" data-instgrm-permalink=\"https:\/\/www.instagram.com\/reel\/DKnUpSupevP\/?utm_source=ig_embed&amp;utm_campaign=loading\" data-instgrm-version=\"14\" style=\" background:#FFF; border:0; border-radius:3px; box-shadow:0 0 1px 0 rgba(0,0,0,0.5),0 1px 10px 0 rgba(0,0,0,0.15); margin: 1px; max-width:540px; min-width:326px; padding:0; width:99.375%; width:-webkit-calc(100% - 2px); width:calc(100% - 2px);\">\n<div style=\"padding:16px;\"> <a href=\"https:\/\/www.instagram.com\/reel\/DKnUpSupevP\/?utm_source=ig_embed&amp;utm_campaign=loading\" style=\" background:#FFFFFF; line-height:0; padding:0 0; text-align:center; text-decoration:none; width:100%;\" target=\"_blank\"> <\/p>\n<div style=\" display: flex; flex-direction: row; align-items: center;\">\n<div style=\"background-color: #F4F4F4; border-radius: 50%; flex-grow: 0; height: 40px; margin-right: 14px; width: 40px;\"><\/div>\n<div style=\"display: flex; flex-direction: column; flex-grow: 1; justify-content: center;\">\n<div style=\" background-color: #F4F4F4; border-radius: 4px; flex-grow: 0; height: 14px; margin-bottom: 6px; width: 100px;\"><\/div>\n<div style=\" background-color: #F4F4F4; border-radius: 4px; flex-grow: 0; height: 14px; width: 60px;\"><\/div>\n<\/div>\n<\/div>\n<div style=\"padding: 19% 0;\"><\/div>\n<div style=\"display:block; height:50px; margin:0 auto 12px; width:50px;\"><svg width=\"50px\" height=\"50px\" viewBox=\"0 0 60 60\" version=\"1.1\" xmlns=\"https:\/\/www.w3.org\/2000\/svg\" xmlns:xlink=\"https:\/\/www.w3.org\/1999\/xlink\"><g stroke=\"none\" stroke-width=\"1\" fill=\"none\" fill-rule=\"evenodd\"><g transform=\"translate(-511.000000, -20.000000)\" fill=\"#000000\"><g><path d=\"M556.869,30.41 C554.814,30.41 553.148,32.076 553.148,34.131 C553.148,36.186 554.814,37.852 556.869,37.852 C558.924,37.852 560.59,36.186 560.59,34.131 C560.59,32.076 558.924,30.41 556.869,30.41 M541,60.657 C535.114,60.657 530.342,55.887 530.342,50 C530.342,44.114 535.114,39.342 541,39.342 C546.887,39.342 551.658,44.114 551.658,50 C551.658,55.887 546.887,60.657 541,60.657 M541,33.886 C532.1,33.886 524.886,41.1 524.886,50 C524.886,58.899 532.1,66.113 541,66.113 C549.9,66.113 557.115,58.899 557.115,50 C557.115,41.1 549.9,33.886 541,33.886 M565.378,62.101 C565.244,65.022 564.756,66.606 564.346,67.663 C563.803,69.06 563.154,70.057 562.106,71.106 C561.058,72.155 560.06,72.803 558.662,73.347 C557.607,73.757 556.021,74.244 553.102,74.378 C549.944,74.521 548.997,74.552 541,74.552 C533.003,74.552 532.056,74.521 528.898,74.378 C525.979,74.244 524.393,73.757 523.338,73.347 C521.94,72.803 520.942,72.155 519.894,71.106 C518.846,70.057 518.197,69.06 517.654,67.663 C517.244,66.606 516.755,65.022 516.623,62.101 C516.479,58.943 516.448,57.996 516.448,50 C516.448,42.003 516.479,41.056 516.623,37.899 C516.755,34.978 517.244,33.391 517.654,32.338 C518.197,30.938 518.846,29.942 519.894,28.894 C520.942,27.846 521.94,27.196 523.338,26.654 C524.393,26.244 525.979,25.756 528.898,25.623 C532.057,25.479 533.004,25.448 541,25.448 C548.997,25.448 549.943,25.479 553.102,25.623 C556.021,25.756 557.607,26.244 558.662,26.654 C560.06,27.196 561.058,27.846 562.106,28.894 C563.154,29.942 563.803,30.938 564.346,32.338 C564.756,33.391 565.244,34.978 565.378,37.899 C565.522,41.056 565.552,42.003 565.552,50 C565.552,57.996 565.522,58.943 565.378,62.101 M570.82,37.631 C570.674,34.438 570.167,32.258 569.425,30.349 C568.659,28.377 567.633,26.702 565.965,25.035 C564.297,23.368 562.623,22.342 560.652,21.575 C558.743,20.834 556.562,20.326 553.369,20.18 C550.169,20.033 549.148,20 541,20 C532.853,20 531.831,20.033 528.631,20.18 C525.438,20.326 523.257,20.834 521.349,21.575 C519.376,22.342 517.703,23.368 516.035,25.035 C514.368,26.702 513.342,28.377 512.574,30.349 C511.834,32.258 511.326,34.438 511.181,37.631 C511.035,40.831 511,41.851 511,50 C511,58.147 511.035,59.17 511.181,62.369 C511.326,65.562 511.834,67.743 512.574,69.651 C513.342,71.625 514.368,73.296 516.035,74.965 C517.703,76.634 519.376,77.658 521.349,78.425 C523.257,79.167 525.438,79.673 528.631,79.82 C531.831,79.965 532.853,80.001 541,80.001 C549.148,80.001 550.169,79.965 553.369,79.82 C556.562,79.673 558.743,79.167 560.652,78.425 C562.623,77.658 564.297,76.634 565.965,74.965 C567.633,73.296 568.659,71.625 569.425,69.651 C570.167,67.743 570.674,65.562 570.82,62.369 C570.966,59.17 571,58.147 571,50 C571,41.851 570.966,40.831 570.82,37.631\"><\/path><\/g><\/g><\/g><\/svg><\/div>\n<div style=\"padding-top: 8px;\">\n<div style=\" color:#3897f0; font-family:Arial,sans-serif; font-size:14px; font-style:normal; font-weight:550; line-height:18px;\">Ver esta publicaci\u00f3n en Instagram<\/div>\n<\/div>\n<div style=\"padding: 12.5% 0;\"><\/div>\n<div style=\"display: flex; flex-direction: row; margin-bottom: 14px; align-items: center;\">\n<div>\n<div style=\"background-color: #F4F4F4; border-radius: 50%; height: 12.5px; width: 12.5px; transform: translateX(0px) translateY(7px);\"><\/div>\n<div style=\"background-color: #F4F4F4; height: 12.5px; transform: rotate(-45deg) translateX(3px) translateY(1px); width: 12.5px; flex-grow: 0; margin-right: 14px; margin-left: 2px;\"><\/div>\n<div style=\"background-color: #F4F4F4; border-radius: 50%; height: 12.5px; width: 12.5px; transform: translateX(9px) translateY(-18px);\"><\/div>\n<\/div>\n<div style=\"margin-left: 8px;\">\n<div style=\" background-color: #F4F4F4; border-radius: 50%; flex-grow: 0; height: 20px; width: 20px;\"><\/div>\n<div style=\" width: 0; height: 0; border-top: 2px solid transparent; border-left: 6px solid #f4f4f4; border-bottom: 2px solid transparent; transform: translateX(16px) translateY(-4px) rotate(30deg)\"><\/div>\n<\/div>\n<div style=\"margin-left: auto;\">\n<div style=\" width: 0px; border-top: 8px solid #F4F4F4; border-right: 8px solid transparent; transform: translateY(16px);\"><\/div>\n<div style=\" background-color: #F4F4F4; flex-grow: 0; height: 12px; width: 16px; transform: translateY(-4px);\"><\/div>\n<div style=\" width: 0; height: 0; border-top: 8px solid #F4F4F4; border-left: 8px solid transparent; transform: translateY(-4px) translateX(8px);\"><\/div>\n<\/div>\n<\/div>\n<div style=\"display: flex; flex-direction: column; flex-grow: 1; justify-content: center; margin-bottom: 24px;\">\n<div style=\" background-color: #F4F4F4; border-radius: 4px; flex-grow: 0; height: 14px; margin-bottom: 6px; width: 224px;\"><\/div>\n<div style=\" background-color: #F4F4F4; border-radius: 4px; flex-grow: 0; height: 14px; width: 144px;\"><\/div>\n<\/div>\n<p><\/a><\/p>\n<p style=\" color:#c9c8cd; font-family:Arial,sans-serif; font-size:14px; line-height:17px; margin-bottom:0; margin-top:8px; overflow:hidden; padding:8px 0 7px; text-align:center; text-overflow:ellipsis; white-space:nowrap;\"><a href=\"https:\/\/www.instagram.com\/reel\/DKnUpSupevP\/?utm_source=ig_embed&amp;utm_campaign=loading\" style=\" color:#c9c8cd; font-family:Arial,sans-serif; font-size:14px; font-style:normal; font-weight:normal; line-height:17px; text-decoration:none;\" target=\"_blank\">Una publicaci\u00f3n compartida de Corporaci\u00f3n Ega\u00f1a 60 (@egana_60)<\/a><\/p>\n<\/div>\n<\/blockquote>\n<p><script async src=\"\/\/www.instagram.com\/embed.js\"><\/script><\/p>\n","protected":false},"excerpt":{"rendered":"<p>La ceremonia culmin\u00f3 las obras de rehabilitaci\u00f3n financiadas por el [&hellip;]<\/p>\n","protected":false},"author":1,"featured_media":3122,"comment_status":"open","ping_status":"open","sticky":false,"template":"","format":"standard","meta":{"_jetpack_memberships_contains_paid_content":false,"footnotes":""},"categories":[19],"tags":[],"class_list":["post-3119","post","type-post","status-publish","format-standard","has-post-thumbnail","hentry","category-actividades"],"yoast_head":"<!-- This site is optimized with the Yoast SEO plugin v25.3 - https:\/\/yoast.com\/wordpress\/plugins\/seo\/ -->\n<title>Ega\u00f1a 60 inaugura sal\u00f3n y mejoras tras inversi\u00f3n del Serpat<\/title>\n<meta name=\"description\" content=\"El sitio de memoria Ega\u00f1a 60 inaugur\u00f3 el Sal\u00f3n Multiuso Ren\u00e9 Droppelmann A\u00f1azco, un espacio cultural a disposici\u00f3n de la comunidad.\" \/>\n<meta name=\"robots\" content=\"index, follow, max-snippet:-1, max-image-preview:large, max-video-preview:-1\" \/>\n<link rel=\"canonical\" href=\"https:\/\/www.egana60.cl\/index.php\/2025\/06\/09\/egana-60-inaugura-mejoras-y-salon-cultural\/\" \/>\n<meta property=\"og:locale\" content=\"es_ES\" \/>\n<meta property=\"og:type\" content=\"article\" \/>\n<meta property=\"og:title\" content=\"Ega\u00f1a 60 inaugura sal\u00f3n y mejoras tras inversi\u00f3n del Serpat\" \/>\n<meta property=\"og:description\" content=\"El sitio de memoria Ega\u00f1a 60 inaugur\u00f3 el Sal\u00f3n Multiuso Ren\u00e9 Droppelmann A\u00f1azco, un espacio cultural a disposici\u00f3n de la comunidad.\" \/>\n<meta property=\"og:url\" content=\"https:\/\/www.egana60.cl\/index.php\/2025\/06\/09\/egana-60-inaugura-mejoras-y-salon-cultural\/\" \/>\n<meta property=\"og:site_name\" content=\"Ega\u00f1a 60\" \/>\n<meta property=\"article:publisher\" content=\"https:\/\/web.facebook.com\/egana60\" \/>\n<meta property=\"article:published_time\" content=\"2025-06-09T18:30:19+00:00\" \/>\n<meta property=\"og:image\" content=\"https:\/\/www.egana60.cl\/wp-content\/uploads\/2025\/06\/Inauguracion-Salon-3.jpeg\" \/>\n\t<meta property=\"og:image:width\" content=\"1280\" \/>\n\t<meta property=\"og:image:height\" content=\"852\" \/>\n\t<meta property=\"og:image:type\" content=\"image\/jpeg\" \/>\n<meta name=\"author\" content=\"admin\" \/>\n<meta name=\"twitter:card\" content=\"summary_large_image\" \/>\n<meta name=\"twitter:creator\" content=\"@egana\" \/>\n<meta name=\"twitter:label1\" content=\"Escrito por\" \/>\n\t<meta name=\"twitter:data1\" content=\"admin\" \/>\n\t<meta name=\"twitter:label2\" content=\"Tiempo de lectura\" \/>\n\t<meta name=\"twitter:data2\" content=\"3 minutos\" \/>\n<script type=\"application\/ld+json\" class=\"yoast-schema-graph\">{\"@context\":\"https:\/\/schema.org\",\"@graph\":[{\"@type\":\"Article\",\"@id\":\"https:\/\/www.egana60.cl\/index.php\/2025\/06\/09\/egana-60-inaugura-mejoras-y-salon-cultural\/#article\",\"isPartOf\":{\"@id\":\"https:\/\/www.egana60.cl\/index.php\/2025\/06\/09\/egana-60-inaugura-mejoras-y-salon-cultural\/\"},\"author\":{\"name\":\"admin\",\"@id\":\"https:\/\/www.egana60.cl\/#\/schema\/person\/784715b941c14e2212873f5180a48eae\"},\"headline\":\"Ega\u00f1a 60 inaugura mejoras y sal\u00f3n cultural tras inversi\u00f3n\",\"datePublished\":\"2025-06-09T18:30:19+00:00\",\"mainEntityOfPage\":{\"@id\":\"https:\/\/www.egana60.cl\/index.php\/2025\/06\/09\/egana-60-inaugura-mejoras-y-salon-cultural\/\"},\"wordCount\":518,\"commentCount\":0,\"publisher\":{\"@id\":\"https:\/\/www.egana60.cl\/#organization\"},\"image\":{\"@id\":\"https:\/\/www.egana60.cl\/index.php\/2025\/06\/09\/egana-60-inaugura-mejoras-y-salon-cultural\/#primaryimage\"},\"thumbnailUrl\":\"https:\/\/i0.wp.com\/www.egana60.cl\/wp-content\/uploads\/2025\/06\/Inauguracion-Salon-3.jpeg?fit=1280%2C852&ssl=1\",\"articleSection\":[\"Actividades\"],\"inLanguage\":\"es\",\"potentialAction\":[{\"@type\":\"CommentAction\",\"name\":\"Comment\",\"target\":[\"https:\/\/www.egana60.cl\/index.php\/2025\/06\/09\/egana-60-inaugura-mejoras-y-salon-cultural\/#respond\"]}]},{\"@type\":\"WebPage\",\"@id\":\"https:\/\/www.egana60.cl\/index.php\/2025\/06\/09\/egana-60-inaugura-mejoras-y-salon-cultural\/\",\"url\":\"https:\/\/www.egana60.cl\/index.php\/2025\/06\/09\/egana-60-inaugura-mejoras-y-salon-cultural\/\",\"name\":\"Ega\u00f1a 60 inaugura sal\u00f3n y mejoras tras inversi\u00f3n del Serpat\",\"isPartOf\":{\"@id\":\"https:\/\/www.egana60.cl\/#website\"},\"primaryImageOfPage\":{\"@id\":\"https:\/\/www.egana60.cl\/index.php\/2025\/06\/09\/egana-60-inaugura-mejoras-y-salon-cultural\/#primaryimage\"},\"image\":{\"@id\":\"https:\/\/www.egana60.cl\/index.php\/2025\/06\/09\/egana-60-inaugura-mejoras-y-salon-cultural\/#primaryimage\"},\"thumbnailUrl\":\"https:\/\/i0.wp.com\/www.egana60.cl\/wp-content\/uploads\/2025\/06\/Inauguracion-Salon-3.jpeg?fit=1280%2C852&ssl=1\",\"datePublished\":\"2025-06-09T18:30:19+00:00\",\"description\":\"El sitio de memoria Ega\u00f1a 60 inaugur\u00f3 el Sal\u00f3n Multiuso Ren\u00e9 Droppelmann A\u00f1azco, un espacio cultural a disposici\u00f3n de la comunidad.\",\"breadcrumb\":{\"@id\":\"https:\/\/www.egana60.cl\/index.php\/2025\/06\/09\/egana-60-inaugura-mejoras-y-salon-cultural\/#breadcrumb\"},\"inLanguage\":\"es\",\"potentialAction\":[{\"@type\":\"ReadAction\",\"target\":[\"https:\/\/www.egana60.cl\/index.php\/2025\/06\/09\/egana-60-inaugura-mejoras-y-salon-cultural\/\"]}]},{\"@type\":\"ImageObject\",\"inLanguage\":\"es\",\"@id\":\"https:\/\/www.egana60.cl\/index.php\/2025\/06\/09\/egana-60-inaugura-mejoras-y-salon-cultural\/#primaryimage\",\"url\":\"https:\/\/i0.wp.com\/www.egana60.cl\/wp-content\/uploads\/2025\/06\/Inauguracion-Salon-3.jpeg?fit=1280%2C852&ssl=1\",\"contentUrl\":\"https:\/\/i0.wp.com\/www.egana60.cl\/wp-content\/uploads\/2025\/06\/Inauguracion-Salon-3.jpeg?fit=1280%2C852&ssl=1\",\"width\":1280,\"height\":852},{\"@type\":\"BreadcrumbList\",\"@id\":\"https:\/\/www.egana60.cl\/index.php\/2025\/06\/09\/egana-60-inaugura-mejoras-y-salon-cultural\/#breadcrumb\",\"itemListElement\":[{\"@type\":\"ListItem\",\"position\":1,\"name\":\"Portada\",\"item\":\"https:\/\/www.egana60.cl\/\"},{\"@type\":\"ListItem\",\"position\":2,\"name\":\"Ega\u00f1a 60 inaugura mejoras y sal\u00f3n cultural tras inversi\u00f3n\"}]},{\"@type\":\"WebSite\",\"@id\":\"https:\/\/www.egana60.cl\/#website\",\"url\":\"https:\/\/www.egana60.cl\/\",\"name\":\"Ega\u00f1a 60\",\"description\":\"Sitios de Memoria\",\"publisher\":{\"@id\":\"https:\/\/www.egana60.cl\/#organization\"},\"potentialAction\":[{\"@type\":\"SearchAction\",\"target\":{\"@type\":\"EntryPoint\",\"urlTemplate\":\"https:\/\/www.egana60.cl\/?s={search_term_string}\"},\"query-input\":{\"@type\":\"PropertyValueSpecification\",\"valueRequired\":true,\"valueName\":\"search_term_string\"}}],\"inLanguage\":\"es\"},{\"@type\":\"Organization\",\"@id\":\"https:\/\/www.egana60.cl\/#organization\",\"name\":\"Coorporac\u00f3n Ega\u00f1a 60\",\"url\":\"https:\/\/www.egana60.cl\/\",\"logo\":{\"@type\":\"ImageObject\",\"inLanguage\":\"es\",\"@id\":\"https:\/\/www.egana60.cl\/#\/schema\/logo\/image\/\",\"url\":\"https:\/\/www.egana60.cl\/wp-content\/uploads\/2023\/12\/logo2-e1701438723519.png\",\"contentUrl\":\"https:\/\/www.egana60.cl\/wp-content\/uploads\/2023\/12\/logo2-e1701438723519.png\",\"width\":80,\"height\":80,\"caption\":\"Coorporac\u00f3n Ega\u00f1a 60\"},\"image\":{\"@id\":\"https:\/\/www.egana60.cl\/#\/schema\/logo\/image\/\"},\"sameAs\":[\"https:\/\/web.facebook.com\/egana60\"]},{\"@type\":\"Person\",\"@id\":\"https:\/\/www.egana60.cl\/#\/schema\/person\/784715b941c14e2212873f5180a48eae\",\"name\":\"admin\",\"image\":{\"@type\":\"ImageObject\",\"inLanguage\":\"es\",\"@id\":\"https:\/\/www.egana60.cl\/#\/schema\/person\/image\/\",\"url\":\"https:\/\/secure.gravatar.com\/avatar\/aac9c7787e0ed8cbfe7d7e1ca66cc8241d79adcb301a80ad91e062a2d22e69e7?s=96&d=mm&r=g\",\"contentUrl\":\"https:\/\/secure.gravatar.com\/avatar\/aac9c7787e0ed8cbfe7d7e1ca66cc8241d79adcb301a80ad91e062a2d22e69e7?s=96&d=mm&r=g\",\"caption\":\"admin\"},\"sameAs\":[\"https:\/\/egana60.cl\",\"https:\/\/x.com\/egana\"],\"url\":\"https:\/\/www.egana60.cl\/index.php\/author\/egana\/\"}]}<\/script>\n<!-- \/ Yoast SEO plugin. -->","yoast_head_json":{"title":"Ega\u00f1a 60 inaugura sal\u00f3n y mejoras tras inversi\u00f3n del Serpat","description":"El sitio de memoria Ega\u00f1a 60 inaugur\u00f3 el Sal\u00f3n Multiuso Ren\u00e9 Droppelmann A\u00f1azco, un espacio cultural a disposici\u00f3n de la comunidad.","robots":{"index":"index","follow":"follow","max-snippet":"max-snippet:-1","max-image-preview":"max-image-preview:large","max-video-preview":"max-video-preview:-1"},"canonical":"https:\/\/www.egana60.cl\/index.php\/2025\/06\/09\/egana-60-inaugura-mejoras-y-salon-cultural\/","og_locale":"es_ES","og_type":"article","og_title":"Ega\u00f1a 60 inaugura sal\u00f3n y mejoras tras inversi\u00f3n del Serpat","og_description":"El sitio de memoria Ega\u00f1a 60 inaugur\u00f3 el Sal\u00f3n Multiuso Ren\u00e9 Droppelmann A\u00f1azco, un espacio cultural a disposici\u00f3n de la comunidad.","og_url":"https:\/\/www.egana60.cl\/index.php\/2025\/06\/09\/egana-60-inaugura-mejoras-y-salon-cultural\/","og_site_name":"Ega\u00f1a 60","article_publisher":"https:\/\/web.facebook.com\/egana60","article_published_time":"2025-06-09T18:30:19+00:00","og_image":[{"width":1280,"height":852,"url":"https:\/\/www.egana60.cl\/wp-content\/uploads\/2025\/06\/Inauguracion-Salon-3.jpeg","type":"image\/jpeg"}],"author":"admin","twitter_card":"summary_large_image","twitter_creator":"@egana","twitter_misc":{"Escrito por":"admin","Tiempo de lectura":"3 minutos"},"schema":{"@context":"https:\/\/schema.org","@graph":[{"@type":"Article","@id":"https:\/\/www.egana60.cl\/index.php\/2025\/06\/09\/egana-60-inaugura-mejoras-y-salon-cultural\/#article","isPartOf":{"@id":"https:\/\/www.egana60.cl\/index.php\/2025\/06\/09\/egana-60-inaugura-mejoras-y-salon-cultural\/"},"author":{"name":"admin","@id":"https:\/\/www.egana60.cl\/#\/schema\/person\/784715b941c14e2212873f5180a48eae"},"headline":"Ega\u00f1a 60 inaugura mejoras y sal\u00f3n cultural tras inversi\u00f3n","datePublished":"2025-06-09T18:30:19+00:00","mainEntityOfPage":{"@id":"https:\/\/www.egana60.cl\/index.php\/2025\/06\/09\/egana-60-inaugura-mejoras-y-salon-cultural\/"},"wordCount":518,"commentCount":0,"publisher":{"@id":"https:\/\/www.egana60.cl\/#organization"},"image":{"@id":"https:\/\/www.egana60.cl\/index.php\/2025\/06\/09\/egana-60-inaugura-mejoras-y-salon-cultural\/#primaryimage"},"thumbnailUrl":"https:\/\/i0.wp.com\/www.egana60.cl\/wp-content\/uploads\/2025\/06\/Inauguracion-Salon-3.jpeg?fit=1280%2C852&ssl=1","articleSection":["Actividades"],"inLanguage":"es","potentialAction":[{"@type":"CommentAction","name":"Comment","target":["https:\/\/www.egana60.cl\/index.php\/2025\/06\/09\/egana-60-inaugura-mejoras-y-salon-cultural\/#respond"]}]},{"@type":"WebPage","@id":"https:\/\/www.egana60.cl\/index.php\/2025\/06\/09\/egana-60-inaugura-mejoras-y-salon-cultural\/","url":"https:\/\/www.egana60.cl\/index.php\/2025\/06\/09\/egana-60-inaugura-mejoras-y-salon-cultural\/","name":"Ega\u00f1a 60 inaugura sal\u00f3n y mejoras tras inversi\u00f3n del Serpat","isPartOf":{"@id":"https:\/\/www.egana60.cl\/#website"},"primaryImageOfPage":{"@id":"https:\/\/www.egana60.cl\/index.php\/2025\/06\/09\/egana-60-inaugura-mejoras-y-salon-cultural\/#primaryimage"},"image":{"@id":"https:\/\/www.egana60.cl\/index.php\/2025\/06\/09\/egana-60-inaugura-mejoras-y-salon-cultural\/#primaryimage"},"thumbnailUrl":"https:\/\/i0.wp.com\/www.egana60.cl\/wp-content\/uploads\/2025\/06\/Inauguracion-Salon-3.jpeg?fit=1280%2C852&ssl=1","datePublished":"2025-06-09T18:30:19+00:00","description":"El sitio de memoria Ega\u00f1a 60 inaugur\u00f3 el Sal\u00f3n Multiuso Ren\u00e9 Droppelmann A\u00f1azco, un espacio cultural a disposici\u00f3n de la comunidad.","breadcrumb":{"@id":"https:\/\/www.egana60.cl\/index.php\/2025\/06\/09\/egana-60-inaugura-mejoras-y-salon-cultural\/#breadcrumb"},"inLanguage":"es","potentialAction":[{"@type":"ReadAction","target":["https:\/\/www.egana60.cl\/index.php\/2025\/06\/09\/egana-60-inaugura-mejoras-y-salon-cultural\/"]}]},{"@type":"ImageObject","inLanguage":"es","@id":"https:\/\/www.egana60.cl\/index.php\/2025\/06\/09\/egana-60-inaugura-mejoras-y-salon-cultural\/#primaryimage","url":"https:\/\/i0.wp.com\/www.egana60.cl\/wp-content\/uploads\/2025\/06\/Inauguracion-Salon-3.jpeg?fit=1280%2C852&ssl=1","contentUrl":"https:\/\/i0.wp.com\/www.egana60.cl\/wp-content\/uploads\/2025\/06\/Inauguracion-Salon-3.jpeg?fit=1280%2C852&ssl=1","width":1280,"height":852},{"@type":"BreadcrumbList","@id":"https:\/\/www.egana60.cl\/index.php\/2025\/06\/09\/egana-60-inaugura-mejoras-y-salon-cultural\/#breadcrumb","itemListElement":[{"@type":"ListItem","position":1,"name":"Portada","item":"https:\/\/www.egana60.cl\/"},{"@type":"ListItem","position":2,"name":"Ega\u00f1a 60 inaugura mejoras y sal\u00f3n cultural tras inversi\u00f3n"}]},{"@type":"WebSite","@id":"https:\/\/www.egana60.cl\/#website","url":"https:\/\/www.egana60.cl\/","name":"Ega\u00f1a 60","description":"Sitios de Memoria","publisher":{"@id":"https:\/\/www.egana60.cl\/#organization"},"potentialAction":[{"@type":"SearchAction","target":{"@type":"EntryPoint","urlTemplate":"https:\/\/www.egana60.cl\/?s={search_term_string}"},"query-input":{"@type":"PropertyValueSpecification","valueRequired":true,"valueName":"search_term_string"}}],"inLanguage":"es"},{"@type":"Organization","@id":"https:\/\/www.egana60.cl\/#organization","name":"Coorporac\u00f3n Ega\u00f1a 60","url":"https:\/\/www.egana60.cl\/","logo":{"@type":"ImageObject","inLanguage":"es","@id":"https:\/\/www.egana60.cl\/#\/schema\/logo\/image\/","url":"https:\/\/www.egana60.cl\/wp-content\/uploads\/2023\/12\/logo2-e1701438723519.png","contentUrl":"https:\/\/www.egana60.cl\/wp-content\/uploads\/2023\/12\/logo2-e1701438723519.png","width":80,"height":80,"caption":"Coorporac\u00f3n Ega\u00f1a 60"},"image":{"@id":"https:\/\/www.egana60.cl\/#\/schema\/logo\/image\/"},"sameAs":["https:\/\/web.facebook.com\/egana60"]},{"@type":"Person","@id":"https:\/\/www.egana60.cl\/#\/schema\/person\/784715b941c14e2212873f5180a48eae","name":"admin","image":{"@type":"ImageObject","inLanguage":"es","@id":"https:\/\/www.egana60.cl\/#\/schema\/person\/image\/","url":"https:\/\/secure.gravatar.com\/avatar\/aac9c7787e0ed8cbfe7d7e1ca66cc8241d79adcb301a80ad91e062a2d22e69e7?s=96&d=mm&r=g","contentUrl":"https:\/\/secure.gravatar.com\/avatar\/aac9c7787e0ed8cbfe7d7e1ca66cc8241d79adcb301a80ad91e062a2d22e69e7?s=96&d=mm&r=g","caption":"admin"},"sameAs":["https:\/\/egana60.cl","https:\/\/x.com\/egana"],"url":"https:\/\/www.egana60.cl\/index.php\/author\/egana\/"}]}},"jetpack_featured_media_url":"https:\/\/i0.wp.com\/www.egana60.cl\/wp-content\/uploads\/2025\/06\/Inauguracion-Salon-3.jpeg?fit=1280%2C852&ssl=1","jetpack_sharing_enabled":true,"_links":{"self":[{"href":"https:\/\/www.egana60.cl\/index.php\/wp-json\/wp\/v2\/posts\/3119","targetHints":{"allow":["GET"]}}],"collection":[{"href":"https:\/\/www.egana60.cl\/index.php\/wp-json\/wp\/v2\/posts"}],"about":[{"href":"https:\/\/www.egana60.cl\/index.php\/wp-json\/wp\/v2\/types\/post"}],"author":[{"embeddable":true,"href":"https:\/\/www.egana60.cl\/index.php\/wp-json\/wp\/v2\/users\/1"}],"replies":[{"embeddable":true,"href":"https:\/\/www.egana60.cl\/index.php\/wp-json\/wp\/v2\/comments?post=3119"}],"version-history":[{"count":8,"href":"https:\/\/www.egana60.cl\/index.php\/wp-json\/wp\/v2\/posts\/3119\/revisions"}],"predecessor-version":[{"id":3131,"href":"https:\/\/www.egana60.cl\/index.php\/wp-json\/wp\/v2\/posts\/3119\/revisions\/3131"}],"wp:featuredmedia":[{"embeddable":true,"href":"https:\/\/www.egana60.cl\/index.php\/wp-json\/wp\/v2\/media\/3122"}],"wp:attachment":[{"href":"https:\/\/www.egana60.cl\/index.php\/wp-json\/wp\/v2\/media?parent=3119"}],"wp:term":[{"taxonomy":"category","embeddable":true,"href":"https:\/\/www.egana60.cl\/index.php\/wp-json\/wp\/v2\/categories?post=3119"},{"taxonomy":"post_tag","embeddable":true,"href":"https:\/\/www.egana60.cl\/index.php\/wp-json\/wp\/v2\/tags?post=3119"}],"curies":[{"name":"wp","href":"https:\/\/api.w.org\/{rel}","templated":true}]}}