{"id":3154,"date":"2025-07-22T18:10:53","date_gmt":"2025-07-22T18:10:53","guid":{"rendered":"https:\/\/www.egana60.cl\/?p=3154"},"modified":"2025-07-22T18:10:53","modified_gmt":"2025-07-22T18:10:53","slug":"se-cita-a-reunion-de-la-corporacion-egana-60","status":"publish","type":"post","link":"https:\/\/www.egana60.cl\/index.php\/2025\/07\/22\/se-cita-a-reunion-de-la-corporacion-egana-60\/","title":{"rendered":"Se cita a reuni\u00f3n de la Corporaci\u00f3n Ega\u00f1a 60"},"content":{"rendered":"<div dir=\"ltr\">Estimados Compa\u00f1eros:<\/div>\n<div dir=\"ltr\">\n<div dir=\"ltr\">Por acuerdo del directorio cito a reuni\u00f3n asamblea de la Corporaci\u00f3n \u00abEga\u00f1a 60\u00bb para el pr\u00f3ximo viernes 8 de agosto del presente a\u00f1o en el tercer piso del edificio Sitio de Memoria a las 15.30 horas.<\/div>\n<div dir=\"ltr\">La tabla contempla Lectura de Actas anteriores y Reformas de Estatutos.<\/p>\n<div style=\"text-align: left;\"><\/div>\n<div style=\"text-align: left;\">Fraternalmente.<\/div>\n<div style=\"text-align: left;\">Elio Barr\u00eda Garro.<\/div>\n<div style=\"text-align: left;\">Secretario.<\/div>\n<\/div>\n<\/div>\n","protected":false},"excerpt":{"rendered":"<p>Estimados Compa\u00f1eros: Por acuerdo del directorio cito a reuni\u00f3n asamblea [&hellip;]<\/p>\n","protected":false},"author":1,"featured_media":2206,"comment_status":"open","ping_status":"open","sticky":false,"template":"","format":"standard","meta":{"_jetpack_memberships_contains_paid_content":false,"footnotes":""},"categories":[17],"tags":[],"class_list":["post-3154","post","type-post","status-publish","format-standard","has-post-thumbnail","hentry","category-comunicados"],"yoast_head":"<!-- This site is optimized with the Yoast SEO plugin v25.3 - https:\/\/yoast.com\/wordpress\/plugins\/seo\/ -->\n<title>Se cita a reuni\u00f3n de la Corporaci\u00f3n Ega\u00f1a 60 - Ega\u00f1a 60<\/title>\n<meta name=\"description\" content=\"La Corporaci\u00f3n Ega\u00f1a 60 llama a reuni\u00f3n para el viernes 08 de agosto para leer actas y reformar estatutos.\" \/>\n<meta name=\"robots\" content=\"index, follow, max-snippet:-1, max-image-preview:large, max-video-preview:-1\" \/>\n<link rel=\"canonical\" href=\"https:\/\/www.egana60.cl\/index.php\/2025\/07\/22\/se-cita-a-reunion-de-la-corporacion-egana-60\/\" \/>\n<meta property=\"og:locale\" content=\"es_ES\" \/>\n<meta property=\"og:type\" content=\"article\" \/>\n<meta property=\"og:title\" content=\"Se cita a reuni\u00f3n de la Corporaci\u00f3n Ega\u00f1a 60 - Ega\u00f1a 60\" \/>\n<meta property=\"og:description\" content=\"La Corporaci\u00f3n Ega\u00f1a 60 llama a reuni\u00f3n para el viernes 08 de agosto para leer actas y reformar estatutos.\" \/>\n<meta property=\"og:url\" content=\"https:\/\/www.egana60.cl\/index.php\/2025\/07\/22\/se-cita-a-reunion-de-la-corporacion-egana-60\/\" \/>\n<meta property=\"og:site_name\" content=\"Ega\u00f1a 60\" \/>\n<meta property=\"article:publisher\" content=\"https:\/\/web.facebook.com\/egana60\" \/>\n<meta property=\"article:published_time\" content=\"2025-07-22T18:10:53+00:00\" \/>\n<meta property=\"og:image\" content=\"https:\/\/www.egana60.cl\/wp-content\/uploads\/2024\/08\/IMG_1046-scaled.jpg\" \/>\n\t<meta property=\"og:image:width\" content=\"2560\" \/>\n\t<meta property=\"og:image:height\" content=\"1707\" \/>\n\t<meta property=\"og:image:type\" content=\"image\/jpeg\" \/>\n<meta name=\"author\" content=\"admin\" \/>\n<meta name=\"twitter:card\" content=\"summary_large_image\" \/>\n<meta name=\"twitter:creator\" content=\"@egana\" \/>\n<meta name=\"twitter:label1\" content=\"Escrito por\" \/>\n\t<meta name=\"twitter:data1\" content=\"admin\" \/>\n\t<meta name=\"twitter:label2\" content=\"Tiempo de lectura\" \/>\n\t<meta name=\"twitter:data2\" content=\"1 minuto\" \/>\n<script type=\"application\/ld+json\" class=\"yoast-schema-graph\">{\"@context\":\"https:\/\/schema.org\",\"@graph\":[{\"@type\":\"Article\",\"@id\":\"https:\/\/www.egana60.cl\/index.php\/2025\/07\/22\/se-cita-a-reunion-de-la-corporacion-egana-60\/#article\",\"isPartOf\":{\"@id\":\"https:\/\/www.egana60.cl\/index.php\/2025\/07\/22\/se-cita-a-reunion-de-la-corporacion-egana-60\/\"},\"author\":{\"name\":\"admin\",\"@id\":\"https:\/\/www.egana60.cl\/#\/schema\/person\/784715b941c14e2212873f5180a48eae\"},\"headline\":\"Se cita a reuni\u00f3n de la Corporaci\u00f3n Ega\u00f1a 60\",\"datePublished\":\"2025-07-22T18:10:53+00:00\",\"mainEntityOfPage\":{\"@id\":\"https:\/\/www.egana60.cl\/index.php\/2025\/07\/22\/se-cita-a-reunion-de-la-corporacion-egana-60\/\"},\"wordCount\":69,\"commentCount\":0,\"publisher\":{\"@id\":\"https:\/\/www.egana60.cl\/#organization\"},\"image\":{\"@id\":\"https:\/\/www.egana60.cl\/index.php\/2025\/07\/22\/se-cita-a-reunion-de-la-corporacion-egana-60\/#primaryimage\"},\"thumbnailUrl\":\"https:\/\/i0.wp.com\/www.egana60.cl\/wp-content\/uploads\/2024\/08\/IMG_1046-scaled.jpg?fit=2560%2C1707&ssl=1\",\"articleSection\":[\"Comunicados\"],\"inLanguage\":\"es\",\"potentialAction\":[{\"@type\":\"CommentAction\",\"name\":\"Comment\",\"target\":[\"https:\/\/www.egana60.cl\/index.php\/2025\/07\/22\/se-cita-a-reunion-de-la-corporacion-egana-60\/#respond\"]}]},{\"@type\":\"WebPage\",\"@id\":\"https:\/\/www.egana60.cl\/index.php\/2025\/07\/22\/se-cita-a-reunion-de-la-corporacion-egana-60\/\",\"url\":\"https:\/\/www.egana60.cl\/index.php\/2025\/07\/22\/se-cita-a-reunion-de-la-corporacion-egana-60\/\",\"name\":\"Se cita a reuni\u00f3n de la Corporaci\u00f3n Ega\u00f1a 60 - Ega\u00f1a 60\",\"isPartOf\":{\"@id\":\"https:\/\/www.egana60.cl\/#website\"},\"primaryImageOfPage\":{\"@id\":\"https:\/\/www.egana60.cl\/index.php\/2025\/07\/22\/se-cita-a-reunion-de-la-corporacion-egana-60\/#primaryimage\"},\"image\":{\"@id\":\"https:\/\/www.egana60.cl\/index.php\/2025\/07\/22\/se-cita-a-reunion-de-la-corporacion-egana-60\/#primaryimage\"},\"thumbnailUrl\":\"https:\/\/i0.wp.com\/www.egana60.cl\/wp-content\/uploads\/2024\/08\/IMG_1046-scaled.jpg?fit=2560%2C1707&ssl=1\",\"datePublished\":\"2025-07-22T18:10:53+00:00\",\"description\":\"La Corporaci\u00f3n Ega\u00f1a 60 llama a reuni\u00f3n para el viernes 08 de agosto para leer actas y reformar estatutos.\",\"breadcrumb\":{\"@id\":\"https:\/\/www.egana60.cl\/index.php\/2025\/07\/22\/se-cita-a-reunion-de-la-corporacion-egana-60\/#breadcrumb\"},\"inLanguage\":\"es\",\"potentialAction\":[{\"@type\":\"ReadAction\",\"target\":[\"https:\/\/www.egana60.cl\/index.php\/2025\/07\/22\/se-cita-a-reunion-de-la-corporacion-egana-60\/\"]}]},{\"@type\":\"ImageObject\",\"inLanguage\":\"es\",\"@id\":\"https:\/\/www.egana60.cl\/index.php\/2025\/07\/22\/se-cita-a-reunion-de-la-corporacion-egana-60\/#primaryimage\",\"url\":\"https:\/\/i0.wp.com\/www.egana60.cl\/wp-content\/uploads\/2024\/08\/IMG_1046-scaled.jpg?fit=2560%2C1707&ssl=1\",\"contentUrl\":\"https:\/\/i0.wp.com\/www.egana60.cl\/wp-content\/uploads\/2024\/08\/IMG_1046-scaled.jpg?fit=2560%2C1707&ssl=1\",\"width\":2560,\"height\":1707},{\"@type\":\"BreadcrumbList\",\"@id\":\"https:\/\/www.egana60.cl\/index.php\/2025\/07\/22\/se-cita-a-reunion-de-la-corporacion-egana-60\/#breadcrumb\",\"itemListElement\":[{\"@type\":\"ListItem\",\"position\":1,\"name\":\"Portada\",\"item\":\"https:\/\/www.egana60.cl\/\"},{\"@type\":\"ListItem\",\"position\":2,\"name\":\"Se cita a reuni\u00f3n de la Corporaci\u00f3n Ega\u00f1a 60\"}]},{\"@type\":\"WebSite\",\"@id\":\"https:\/\/www.egana60.cl\/#website\",\"url\":\"https:\/\/www.egana60.cl\/\",\"name\":\"Ega\u00f1a 60\",\"description\":\"Sitios de Memoria\",\"publisher\":{\"@id\":\"https:\/\/www.egana60.cl\/#organization\"},\"potentialAction\":[{\"@type\":\"SearchAction\",\"target\":{\"@type\":\"EntryPoint\",\"urlTemplate\":\"https:\/\/www.egana60.cl\/?s={search_term_string}\"},\"query-input\":{\"@type\":\"PropertyValueSpecification\",\"valueRequired\":true,\"valueName\":\"search_term_string\"}}],\"inLanguage\":\"es\"},{\"@type\":\"Organization\",\"@id\":\"https:\/\/www.egana60.cl\/#organization\",\"name\":\"Coorporac\u00f3n Ega\u00f1a 60\",\"url\":\"https:\/\/www.egana60.cl\/\",\"logo\":{\"@type\":\"ImageObject\",\"inLanguage\":\"es\",\"@id\":\"https:\/\/www.egana60.cl\/#\/schema\/logo\/image\/\",\"url\":\"https:\/\/www.egana60.cl\/wp-content\/uploads\/2023\/12\/logo2-e1701438723519.png\",\"contentUrl\":\"https:\/\/www.egana60.cl\/wp-content\/uploads\/2023\/12\/logo2-e1701438723519.png\",\"width\":80,\"height\":80,\"caption\":\"Coorporac\u00f3n Ega\u00f1a 60\"},\"image\":{\"@id\":\"https:\/\/www.egana60.cl\/#\/schema\/logo\/image\/\"},\"sameAs\":[\"https:\/\/web.facebook.com\/egana60\"]},{\"@type\":\"Person\",\"@id\":\"https:\/\/www.egana60.cl\/#\/schema\/person\/784715b941c14e2212873f5180a48eae\",\"name\":\"admin\",\"image\":{\"@type\":\"ImageObject\",\"inLanguage\":\"es\",\"@id\":\"https:\/\/www.egana60.cl\/#\/schema\/person\/image\/\",\"url\":\"https:\/\/secure.gravatar.com\/avatar\/aac9c7787e0ed8cbfe7d7e1ca66cc8241d79adcb301a80ad91e062a2d22e69e7?s=96&d=mm&r=g\",\"contentUrl\":\"https:\/\/secure.gravatar.com\/avatar\/aac9c7787e0ed8cbfe7d7e1ca66cc8241d79adcb301a80ad91e062a2d22e69e7?s=96&d=mm&r=g\",\"caption\":\"admin\"},\"sameAs\":[\"https:\/\/egana60.cl\",\"https:\/\/x.com\/egana\"],\"url\":\"https:\/\/www.egana60.cl\/index.php\/author\/egana\/\"}]}<\/script>\n<!-- \/ Yoast SEO plugin. -->","yoast_head_json":{"title":"Se cita a reuni\u00f3n de la Corporaci\u00f3n Ega\u00f1a 60 - Ega\u00f1a 60","description":"La Corporaci\u00f3n Ega\u00f1a 60 llama a reuni\u00f3n para el viernes 08 de agosto para leer actas y reformar estatutos.","robots":{"index":"index","follow":"follow","max-snippet":"max-snippet:-1","max-image-preview":"max-image-preview:large","max-video-preview":"max-video-preview:-1"},"canonical":"https:\/\/www.egana60.cl\/index.php\/2025\/07\/22\/se-cita-a-reunion-de-la-corporacion-egana-60\/","og_locale":"es_ES","og_type":"article","og_title":"Se cita a reuni\u00f3n de la Corporaci\u00f3n Ega\u00f1a 60 - Ega\u00f1a 60","og_description":"La Corporaci\u00f3n Ega\u00f1a 60 llama a reuni\u00f3n para el viernes 08 de agosto para leer actas y reformar estatutos.","og_url":"https:\/\/www.egana60.cl\/index.php\/2025\/07\/22\/se-cita-a-reunion-de-la-corporacion-egana-60\/","og_site_name":"Ega\u00f1a 60","article_publisher":"https:\/\/web.facebook.com\/egana60","article_published_time":"2025-07-22T18:10:53+00:00","og_image":[{"width":2560,"height":1707,"url":"https:\/\/www.egana60.cl\/wp-content\/uploads\/2024\/08\/IMG_1046-scaled.jpg","type":"image\/jpeg"}],"author":"admin","twitter_card":"summary_large_image","twitter_creator":"@egana","twitter_misc":{"Escrito por":"admin","Tiempo de lectura":"1 minuto"},"schema":{"@context":"https:\/\/schema.org","@graph":[{"@type":"Article","@id":"https:\/\/www.egana60.cl\/index.php\/2025\/07\/22\/se-cita-a-reunion-de-la-corporacion-egana-60\/#article","isPartOf":{"@id":"https:\/\/www.egana60.cl\/index.php\/2025\/07\/22\/se-cita-a-reunion-de-la-corporacion-egana-60\/"},"author":{"name":"admin","@id":"https:\/\/www.egana60.cl\/#\/schema\/person\/784715b941c14e2212873f5180a48eae"},"headline":"Se cita a reuni\u00f3n de la Corporaci\u00f3n Ega\u00f1a 60","datePublished":"2025-07-22T18:10:53+00:00","mainEntityOfPage":{"@id":"https:\/\/www.egana60.cl\/index.php\/2025\/07\/22\/se-cita-a-reunion-de-la-corporacion-egana-60\/"},"wordCount":69,"commentCount":0,"publisher":{"@id":"https:\/\/www.egana60.cl\/#organization"},"image":{"@id":"https:\/\/www.egana60.cl\/index.php\/2025\/07\/22\/se-cita-a-reunion-de-la-corporacion-egana-60\/#primaryimage"},"thumbnailUrl":"https:\/\/i0.wp.com\/www.egana60.cl\/wp-content\/uploads\/2024\/08\/IMG_1046-scaled.jpg?fit=2560%2C1707&ssl=1","articleSection":["Comunicados"],"inLanguage":"es","potentialAction":[{"@type":"CommentAction","name":"Comment","target":["https:\/\/www.egana60.cl\/index.php\/2025\/07\/22\/se-cita-a-reunion-de-la-corporacion-egana-60\/#respond"]}]},{"@type":"WebPage","@id":"https:\/\/www.egana60.cl\/index.php\/2025\/07\/22\/se-cita-a-reunion-de-la-corporacion-egana-60\/","url":"https:\/\/www.egana60.cl\/index.php\/2025\/07\/22\/se-cita-a-reunion-de-la-corporacion-egana-60\/","name":"Se cita a reuni\u00f3n de la Corporaci\u00f3n Ega\u00f1a 60 - Ega\u00f1a 60","isPartOf":{"@id":"https:\/\/www.egana60.cl\/#website"},"primaryImageOfPage":{"@id":"https:\/\/www.egana60.cl\/index.php\/2025\/07\/22\/se-cita-a-reunion-de-la-corporacion-egana-60\/#primaryimage"},"image":{"@id":"https:\/\/www.egana60.cl\/index.php\/2025\/07\/22\/se-cita-a-reunion-de-la-corporacion-egana-60\/#primaryimage"},"thumbnailUrl":"https:\/\/i0.wp.com\/www.egana60.cl\/wp-content\/uploads\/2024\/08\/IMG_1046-scaled.jpg?fit=2560%2C1707&ssl=1","datePublished":"2025-07-22T18:10:53+00:00","description":"La Corporaci\u00f3n Ega\u00f1a 60 llama a reuni\u00f3n para el viernes 08 de agosto para leer actas y reformar estatutos.","breadcrumb":{"@id":"https:\/\/www.egana60.cl\/index.php\/2025\/07\/22\/se-cita-a-reunion-de-la-corporacion-egana-60\/#breadcrumb"},"inLanguage":"es","potentialAction":[{"@type":"ReadAction","target":["https:\/\/www.egana60.cl\/index.php\/2025\/07\/22\/se-cita-a-reunion-de-la-corporacion-egana-60\/"]}]},{"@type":"ImageObject","inLanguage":"es","@id":"https:\/\/www.egana60.cl\/index.php\/2025\/07\/22\/se-cita-a-reunion-de-la-corporacion-egana-60\/#primaryimage","url":"https:\/\/i0.wp.com\/www.egana60.cl\/wp-content\/uploads\/2024\/08\/IMG_1046-scaled.jpg?fit=2560%2C1707&ssl=1","contentUrl":"https:\/\/i0.wp.com\/www.egana60.cl\/wp-content\/uploads\/2024\/08\/IMG_1046-scaled.jpg?fit=2560%2C1707&ssl=1","width":2560,"height":1707},{"@type":"BreadcrumbList","@id":"https:\/\/www.egana60.cl\/index.php\/2025\/07\/22\/se-cita-a-reunion-de-la-corporacion-egana-60\/#breadcrumb","itemListElement":[{"@type":"ListItem","position":1,"name":"Portada","item":"https:\/\/www.egana60.cl\/"},{"@type":"ListItem","position":2,"name":"Se cita a reuni\u00f3n de la Corporaci\u00f3n Ega\u00f1a 60"}]},{"@type":"WebSite","@id":"https:\/\/www.egana60.cl\/#website","url":"https:\/\/www.egana60.cl\/","name":"Ega\u00f1a 60","description":"Sitios de Memoria","publisher":{"@id":"https:\/\/www.egana60.cl\/#organization"},"potentialAction":[{"@type":"SearchAction","target":{"@type":"EntryPoint","urlTemplate":"https:\/\/www.egana60.cl\/?s={search_term_string}"},"query-input":{"@type":"PropertyValueSpecification","valueRequired":true,"valueName":"search_term_string"}}],"inLanguage":"es"},{"@type":"Organization","@id":"https:\/\/www.egana60.cl\/#organization","name":"Coorporac\u00f3n Ega\u00f1a 60","url":"https:\/\/www.egana60.cl\/","logo":{"@type":"ImageObject","inLanguage":"es","@id":"https:\/\/www.egana60.cl\/#\/schema\/logo\/image\/","url":"https:\/\/www.egana60.cl\/wp-content\/uploads\/2023\/12\/logo2-e1701438723519.png","contentUrl":"https:\/\/www.egana60.cl\/wp-content\/uploads\/2023\/12\/logo2-e1701438723519.png","width":80,"height":80,"caption":"Coorporac\u00f3n Ega\u00f1a 60"},"image":{"@id":"https:\/\/www.egana60.cl\/#\/schema\/logo\/image\/"},"sameAs":["https:\/\/web.facebook.com\/egana60"]},{"@type":"Person","@id":"https:\/\/www.egana60.cl\/#\/schema\/person\/784715b941c14e2212873f5180a48eae","name":"admin","image":{"@type":"ImageObject","inLanguage":"es","@id":"https:\/\/www.egana60.cl\/#\/schema\/person\/image\/","url":"https:\/\/secure.gravatar.com\/avatar\/aac9c7787e0ed8cbfe7d7e1ca66cc8241d79adcb301a80ad91e062a2d22e69e7?s=96&d=mm&r=g","contentUrl":"https:\/\/secure.gravatar.com\/avatar\/aac9c7787e0ed8cbfe7d7e1ca66cc8241d79adcb301a80ad91e062a2d22e69e7?s=96&d=mm&r=g","caption":"admin"},"sameAs":["https:\/\/egana60.cl","https:\/\/x.com\/egana"],"url":"https:\/\/www.egana60.cl\/index.php\/author\/egana\/"}]}},"jetpack_featured_media_url":"https:\/\/i0.wp.com\/www.egana60.cl\/wp-content\/uploads\/2024\/08\/IMG_1046-scaled.jpg?fit=2560%2C1707&ssl=1","jetpack_sharing_enabled":true,"_links":{"self":[{"href":"https:\/\/www.egana60.cl\/index.php\/wp-json\/wp\/v2\/posts\/3154","targetHints":{"allow":["GET"]}}],"collection":[{"href":"https:\/\/www.egana60.cl\/index.php\/wp-json\/wp\/v2\/posts"}],"about":[{"href":"https:\/\/www.egana60.cl\/index.php\/wp-json\/wp\/v2\/types\/post"}],"author":[{"embeddable":true,"href":"https:\/\/www.egana60.cl\/index.php\/wp-json\/wp\/v2\/users\/1"}],"replies":[{"embeddable":true,"href":"https:\/\/www.egana60.cl\/index.php\/wp-json\/wp\/v2\/comments?post=3154"}],"version-history":[{"count":1,"href":"https:\/\/www.egana60.cl\/index.php\/wp-json\/wp\/v2\/posts\/3154\/revisions"}],"predecessor-version":[{"id":3155,"href":"https:\/\/www.egana60.cl\/index.php\/wp-json\/wp\/v2\/posts\/3154\/revisions\/3155"}],"wp:featuredmedia":[{"embeddable":true,"href":"https:\/\/www.egana60.cl\/index.php\/wp-json\/wp\/v2\/media\/2206"}],"wp:attachment":[{"href":"https:\/\/www.egana60.cl\/index.php\/wp-json\/wp\/v2\/media?parent=3154"}],"wp:term":[{"taxonomy":"category","embeddable":true,"href":"https:\/\/www.egana60.cl\/index.php\/wp-json\/wp\/v2\/categories?post=3154"},{"taxonomy":"post_tag","embeddable":true,"href":"https:\/\/www.egana60.cl\/index.php\/wp-json\/wp\/v2\/tags?post=3154"}],"curies":[{"name":"wp","href":"https:\/\/api.w.org\/{rel}","templated":true}]}}