{"id":3174,"date":"2025-10-09T20:26:09","date_gmt":"2025-10-09T20:26:09","guid":{"rendered":"https:\/\/www.egana60.cl\/?p=3174"},"modified":"2025-10-09T20:26:09","modified_gmt":"2025-10-09T20:26:09","slug":"en-egana-60-se-conmemoraron-los-52-anos-del-golpe-de-estado","status":"publish","type":"post","link":"https:\/\/www.egana60.cl\/index.php\/2025\/10\/09\/en-egana-60-se-conmemoraron-los-52-anos-del-golpe-de-estado\/","title":{"rendered":"En Ega\u00f1a 60 se conmemoraron los 52 a\u00f1os del golpe de Estado"},"content":{"rendered":"<p><em>M\u00e1s de 300 personas asistieron a nuestro Sitio de Memoria. Las actividades del 11 de septiembre incluyeron recorridos guiados, un acto cultural y una velat\u00f3n.<\/em><\/p>\n<p>El Sitio de Memoria Ega\u00f1a 60 recibi\u00f3 numerosas visitas en el marco de la conmemoraci\u00f3n de los 52 a\u00f1os del golpe de Estado. El cronograma comenz\u00f3 con la romer\u00eda al Cementerio Municipal y continu\u00f3 con visitas guiadas por el ex Centro de Detenci\u00f3n y Tortura.<\/p>\n<p>&nbsp;<\/p>\n<blockquote class=\"instagram-media\" style=\"background: #FFF; border: 0; border-radius: 3px; box-shadow: 0 0 1px 0 rgba(0,0,0,0.5),0 1px 10px 0 rgba(0,0,0,0.15); margin: 1px; max-width: 540px; min-width: 326px; padding: 0; width: calc(100% - 2px);\" data-instgrm-captioned=\"\" data-instgrm-permalink=\"https:\/\/www.instagram.com\/p\/DOPXBajCRuS\/?utm_source=ig_embed&amp;utm_campaign=loading\" data-instgrm-version=\"14\">\n<div style=\"padding: 16px;\">\n<p>&nbsp;<\/p>\n<div style=\"display: flex; flex-direction: row; align-items: center;\">\n<div style=\"background-color: #f4f4f4; border-radius: 50%; flex-grow: 0; height: 40px; margin-right: 14px; width: 40px;\"><\/div>\n<div style=\"display: flex; flex-direction: column; flex-grow: 1; justify-content: center;\">\n<div style=\"background-color: #f4f4f4; border-radius: 4px; flex-grow: 0; height: 14px; margin-bottom: 6px; width: 100px;\"><\/div>\n<div style=\"background-color: #f4f4f4; border-radius: 4px; flex-grow: 0; height: 14px; width: 60px;\"><\/div>\n<\/div>\n<\/div>\n<div style=\"padding: 19% 0;\"><\/div>\n<div style=\"display: block; height: 50px; margin: 0 auto 12px; width: 50px;\"><\/div>\n<div style=\"padding-top: 8px;\">\n<div style=\"color: #3897f0; font-family: Arial,sans-serif; font-size: 14px; font-style: normal; font-weight: 550; line-height: 18px;\">Ver esta publicaci\u00f3n en Instagram<\/div>\n<\/div>\n<div style=\"padding: 12.5% 0;\"><\/div>\n<div style=\"display: flex; flex-direction: row; margin-bottom: 14px; align-items: center;\">\n<div>\n<div style=\"background-color: #f4f4f4; border-radius: 50%; height: 12.5px; width: 12.5px; transform: translateX(0px) translateY(7px);\"><\/div>\n<div style=\"background-color: #f4f4f4; height: 12.5px; transform: rotate(-45deg) translateX(3px) translateY(1px); width: 12.5px; flex-grow: 0; margin-right: 14px; margin-left: 2px;\"><\/div>\n<div style=\"background-color: #f4f4f4; border-radius: 50%; height: 12.5px; width: 12.5px; transform: translateX(9px) translateY(-18px);\"><\/div>\n<\/div>\n<div style=\"margin-left: 8px;\">\n<div style=\"background-color: #f4f4f4; border-radius: 50%; flex-grow: 0; height: 20px; width: 20px;\"><\/div>\n<div style=\"width: 0; height: 0; border-top: 2px solid transparent; border-left: 6px solid #f4f4f4; border-bottom: 2px solid transparent; transform: translateX(16px) translateY(-4px) rotate(30deg);\"><\/div>\n<\/div>\n<div style=\"margin-left: auto;\">\n<div style=\"width: 0px; border-top: 8px solid #F4F4F4; border-right: 8px solid transparent; transform: translateY(16px);\"><\/div>\n<div style=\"background-color: #f4f4f4; flex-grow: 0; height: 12px; width: 16px; transform: translateY(-4px);\"><\/div>\n<div style=\"width: 0; height: 0; border-top: 8px solid #F4F4F4; border-left: 8px solid transparent; transform: translateY(-4px) translateX(8px);\"><\/div>\n<\/div>\n<\/div>\n<div style=\"display: flex; flex-direction: column; flex-grow: 1; justify-content: center; margin-bottom: 24px;\">\n<div style=\"background-color: #f4f4f4; border-radius: 4px; flex-grow: 0; height: 14px; margin-bottom: 6px; width: 224px;\"><\/div>\n<div style=\"background-color: #f4f4f4; border-radius: 4px; flex-grow: 0; height: 14px; width: 144px;\"><\/div>\n<\/div>\n<p>&nbsp;<\/p>\n<p style=\"color: #c9c8cd; font-family: Arial,sans-serif; font-size: 14px; line-height: 17px; margin-bottom: 0; margin-top: 8px; overflow: hidden; padding: 8px 0 7px; text-align: center; text-overflow: ellipsis; white-space: nowrap;\"><a style=\"color: #c9c8cd; font-family: Arial,sans-serif; font-size: 14px; font-style: normal; font-weight: normal; line-height: 17px; text-decoration: none;\" href=\"https:\/\/www.instagram.com\/p\/DOPXBajCRuS\/?utm_source=ig_embed&amp;utm_campaign=loading\" target=\"_blank\" rel=\"noopener\">Una publicaci\u00f3n compartida de Corporaci\u00f3n Ega\u00f1a 60 (@egana_60)<\/a><\/p>\n<\/div>\n<\/blockquote>\n<p><script async src=\"\/\/www.instagram.com\/embed.js\"><\/script><\/p>\n<p>En la tarde se dio inicio al acto cultural en el Sal\u00f3n Ren\u00e9 Droppelmann. La jornada cont\u00f3 con palabras de autoridades regionales y el ex prisionero pol\u00edtico Luis Silva, la m\u00fasica del D\u00fao Rojas C\u00e1rcamo y el visionado del documental \u00abHuellas desde los Muros\u00bb, pronto a estrenarse. Adem\u00e1s, se realiz\u00f3 un homenaje al dirigente de la Central Unitaria de Trabajadores Provincial en 1973, C\u00e9sar Mario Paranc\u00e1n.<\/p>\n<p><img data-recalc-dims=\"1\" decoding=\"async\" class=\"lazyload alignnone size-fusion-400 wp-image-3176 aligncenter\" src=\"https:\/\/i0.wp.com\/www.egana60.cl\/wp-content\/uploads\/2025\/10\/IMG_0079.jpg?resize=400%2C267&#038;ssl=1\" data-orig-src=\"https:\/\/www.egana60.cl\/wp-content\/uploads\/2025\/10\/IMG_0079-400x267.jpg\" alt=\"\" width=\"400\" height=\"267\" data-wp-editing=\"1\" srcset=\"data:image\/svg+xml,%3Csvg%20xmlns%3D%27http%3A%2F%2Fwww.w3.org%2F2000%2Fsvg%27%20width%3D%27400%27%20height%3D%27267%27%20viewBox%3D%270%200%20400%20267%27%3E%3Crect%20width%3D%27400%27%20height%3D%27267%27%20fill-opacity%3D%220%22%2F%3E%3C%2Fsvg%3E\" data-srcset=\"https:\/\/i0.wp.com\/www.egana60.cl\/wp-content\/uploads\/2025\/10\/IMG_0079-scaled.jpg?resize=200%2C133&amp;ssl=1 200w, https:\/\/i0.wp.com\/www.egana60.cl\/wp-content\/uploads\/2025\/10\/IMG_0079-scaled.jpg?resize=300%2C200&amp;ssl=1 300w, https:\/\/i0.wp.com\/www.egana60.cl\/wp-content\/uploads\/2025\/10\/IMG_0079-scaled.jpg?resize=400%2C267&amp;ssl=1 400w, https:\/\/i0.wp.com\/www.egana60.cl\/wp-content\/uploads\/2025\/10\/IMG_0079-scaled.jpg?resize=600%2C400&amp;ssl=1 600w, https:\/\/i0.wp.com\/www.egana60.cl\/wp-content\/uploads\/2025\/10\/IMG_0079-scaled.jpg?resize=768%2C512&amp;ssl=1 768w, https:\/\/i0.wp.com\/www.egana60.cl\/wp-content\/uploads\/2025\/10\/IMG_0079-scaled.jpg?resize=800%2C533&amp;ssl=1 800w, https:\/\/i0.wp.com\/www.egana60.cl\/wp-content\/uploads\/2025\/10\/IMG_0079-scaled.jpg?resize=1024%2C683&amp;ssl=1 1024w, https:\/\/i0.wp.com\/www.egana60.cl\/wp-content\/uploads\/2025\/10\/IMG_0079-scaled.jpg?resize=1200%2C800&amp;ssl=1 1200w, https:\/\/i0.wp.com\/www.egana60.cl\/wp-content\/uploads\/2025\/10\/IMG_0079-scaled.jpg?resize=1536%2C1024&amp;ssl=1 1536w, https:\/\/i0.wp.com\/www.egana60.cl\/wp-content\/uploads\/2025\/10\/IMG_0079-scaled.jpg?w=2400&amp;ssl=1 2400w\" data-sizes=\"auto\" data-orig-sizes=\"(max-width: 400px) 100vw, 400px\" \/> <img data-recalc-dims=\"1\" decoding=\"async\" class=\"lazyload alignnone size-fusion-400 wp-image-3177 aligncenter\" src=\"https:\/\/i0.wp.com\/www.egana60.cl\/wp-content\/uploads\/2025\/10\/IMG_0080.jpg?resize=400%2C267&#038;ssl=1\" data-orig-src=\"https:\/\/www.egana60.cl\/wp-content\/uploads\/2025\/10\/IMG_0080-400x267.jpg\" alt=\"\" width=\"400\" height=\"267\" srcset=\"data:image\/svg+xml,%3Csvg%20xmlns%3D%27http%3A%2F%2Fwww.w3.org%2F2000%2Fsvg%27%20width%3D%27400%27%20height%3D%27267%27%20viewBox%3D%270%200%20400%20267%27%3E%3Crect%20width%3D%27400%27%20height%3D%27267%27%20fill-opacity%3D%220%22%2F%3E%3C%2Fsvg%3E\" data-srcset=\"https:\/\/i0.wp.com\/www.egana60.cl\/wp-content\/uploads\/2025\/10\/IMG_0080-scaled.jpg?resize=200%2C133&amp;ssl=1 200w, https:\/\/i0.wp.com\/www.egana60.cl\/wp-content\/uploads\/2025\/10\/IMG_0080-scaled.jpg?resize=300%2C200&amp;ssl=1 300w, https:\/\/i0.wp.com\/www.egana60.cl\/wp-content\/uploads\/2025\/10\/IMG_0080-scaled.jpg?resize=400%2C267&amp;ssl=1 400w, https:\/\/i0.wp.com\/www.egana60.cl\/wp-content\/uploads\/2025\/10\/IMG_0080-scaled.jpg?resize=600%2C400&amp;ssl=1 600w, https:\/\/i0.wp.com\/www.egana60.cl\/wp-content\/uploads\/2025\/10\/IMG_0080-scaled.jpg?resize=768%2C512&amp;ssl=1 768w, https:\/\/i0.wp.com\/www.egana60.cl\/wp-content\/uploads\/2025\/10\/IMG_0080-scaled.jpg?resize=800%2C533&amp;ssl=1 800w, https:\/\/i0.wp.com\/www.egana60.cl\/wp-content\/uploads\/2025\/10\/IMG_0080-scaled.jpg?resize=1024%2C683&amp;ssl=1 1024w, https:\/\/i0.wp.com\/www.egana60.cl\/wp-content\/uploads\/2025\/10\/IMG_0080-scaled.jpg?resize=1200%2C800&amp;ssl=1 1200w, https:\/\/i0.wp.com\/www.egana60.cl\/wp-content\/uploads\/2025\/10\/IMG_0080-scaled.jpg?resize=1536%2C1024&amp;ssl=1 1536w, https:\/\/i0.wp.com\/www.egana60.cl\/wp-content\/uploads\/2025\/10\/IMG_0080-scaled.jpg?w=2400&amp;ssl=1 2400w\" data-sizes=\"auto\" data-orig-sizes=\"(max-width: 400px) 100vw, 400px\" \/><\/p>\n<p style=\"padding-left: 40px; text-align: center;\"><em>El Sr. C\u00e9sar Mario Paranc\u00e1n recibiendo el reconocimiento de la Corporaci\u00f3n Ega\u00f1a 60.<\/em><\/p>\n<p>&nbsp;<\/p>\n<p><img data-recalc-dims=\"1\" decoding=\"async\" class=\"lazyload size-fusion-400 wp-image-3180 aligncenter\" src=\"https:\/\/i0.wp.com\/www.egana60.cl\/wp-content\/uploads\/2025\/10\/IMG_0071.jpg?resize=400%2C267&#038;ssl=1\" data-orig-src=\"https:\/\/www.egana60.cl\/wp-content\/uploads\/2025\/10\/IMG_0071-400x267.jpg\" alt=\"\" width=\"400\" height=\"267\" data-wp-editing=\"1\" srcset=\"data:image\/svg+xml,%3Csvg%20xmlns%3D%27http%3A%2F%2Fwww.w3.org%2F2000%2Fsvg%27%20width%3D%27400%27%20height%3D%27267%27%20viewBox%3D%270%200%20400%20267%27%3E%3Crect%20width%3D%27400%27%20height%3D%27267%27%20fill-opacity%3D%220%22%2F%3E%3C%2Fsvg%3E\" data-srcset=\"https:\/\/i0.wp.com\/www.egana60.cl\/wp-content\/uploads\/2025\/10\/IMG_0071-scaled.jpg?resize=200%2C133&amp;ssl=1 200w, https:\/\/i0.wp.com\/www.egana60.cl\/wp-content\/uploads\/2025\/10\/IMG_0071-scaled.jpg?resize=300%2C200&amp;ssl=1 300w, https:\/\/i0.wp.com\/www.egana60.cl\/wp-content\/uploads\/2025\/10\/IMG_0071-scaled.jpg?resize=400%2C267&amp;ssl=1 400w, https:\/\/i0.wp.com\/www.egana60.cl\/wp-content\/uploads\/2025\/10\/IMG_0071-scaled.jpg?resize=600%2C400&amp;ssl=1 600w, https:\/\/i0.wp.com\/www.egana60.cl\/wp-content\/uploads\/2025\/10\/IMG_0071-scaled.jpg?resize=768%2C512&amp;ssl=1 768w, https:\/\/i0.wp.com\/www.egana60.cl\/wp-content\/uploads\/2025\/10\/IMG_0071-scaled.jpg?resize=800%2C533&amp;ssl=1 800w, https:\/\/i0.wp.com\/www.egana60.cl\/wp-content\/uploads\/2025\/10\/IMG_0071-scaled.jpg?resize=1024%2C683&amp;ssl=1 1024w, https:\/\/i0.wp.com\/www.egana60.cl\/wp-content\/uploads\/2025\/10\/IMG_0071-scaled.jpg?resize=1200%2C800&amp;ssl=1 1200w, https:\/\/i0.wp.com\/www.egana60.cl\/wp-content\/uploads\/2025\/10\/IMG_0071-scaled.jpg?resize=1536%2C1024&amp;ssl=1 1536w, https:\/\/i0.wp.com\/www.egana60.cl\/wp-content\/uploads\/2025\/10\/IMG_0071-scaled.jpg?w=2400&amp;ssl=1 2400w\" data-sizes=\"auto\" data-orig-sizes=\"(max-width: 400px) 100vw, 400px\" \/><\/p>\n<p style=\"text-align: center;\"><em>Autoridades regionales asistieron a la conmemoraci\u00f3n. Entre ellas, la Delegada Presidencial Regional; Seremis del Trabajo, Seguridad P\u00fablica, Bienes Nacionales, Justicia y Derechos Humanos,\u00a0 Mujer y Equidad de G\u00e9nero, Culturas, Artes y el Patrimonio, Deporte. Tambi\u00e9n las directoras de Arquitectura (MOP) y el Patrimonio.<\/em><\/p>\n<p>La conmemoraci\u00f3n finaliz\u00f3 con una velat\u00f3n en el frontis del edificio, en memoria de todas las v\u00edctimas del terrorismo de Estado.<\/p>\n<p>&nbsp;<\/p>\n<blockquote class=\"instagram-media\" style=\"background: #FFF; border: 0; border-radius: 3px; box-shadow: 0 0 1px 0 rgba(0,0,0,0.5),0 1px 10px 0 rgba(0,0,0,0.15); margin: 1px; max-width: 540px; min-width: 326px; padding: 0; width: calc(100% - 2px);\" data-instgrm-captioned=\"\" data-instgrm-permalink=\"https:\/\/www.instagram.com\/p\/DOe-2-NDKg_\/?utm_source=ig_embed&amp;utm_campaign=loading\" data-instgrm-version=\"14\">\n<div style=\"padding: 16px;\">\n<p>&nbsp;<\/p>\n<div style=\"display: flex; flex-direction: row; align-items: center;\">\n<div style=\"background-color: #f4f4f4; border-radius: 50%; flex-grow: 0; height: 40px; margin-right: 14px; width: 40px;\"><\/div>\n<div style=\"display: flex; flex-direction: column; flex-grow: 1; justify-content: center;\">\n<div style=\"background-color: #f4f4f4; border-radius: 4px; flex-grow: 0; height: 14px; margin-bottom: 6px; width: 100px;\"><\/div>\n<div style=\"background-color: #f4f4f4; border-radius: 4px; flex-grow: 0; height: 14px; width: 60px;\"><\/div>\n<\/div>\n<\/div>\n<div style=\"padding: 19% 0px; text-align: center;\"><\/div>\n<div style=\"display: block; height: 50px; margin: 0 auto 12px; width: 50px;\"><\/div>\n<div style=\"padding-top: 8px;\">\n<div style=\"color: #3897f0; font-family: Arial,sans-serif; font-size: 14px; font-style: normal; font-weight: 550; line-height: 18px;\">Ver esta publicaci\u00f3n en Instagram<\/div>\n<\/div>\n<div style=\"padding: 12.5% 0;\"><\/div>\n<div style=\"display: flex; flex-direction: row; margin-bottom: 14px; align-items: center;\">\n<div>\n<div style=\"background-color: #f4f4f4; border-radius: 50%; height: 12.5px; width: 12.5px; transform: translateX(0px) translateY(7px);\"><\/div>\n<div style=\"background-color: #f4f4f4; height: 12.5px; transform: rotate(-45deg) translateX(3px) translateY(1px); width: 12.5px; flex-grow: 0; margin-right: 14px; margin-left: 2px;\"><\/div>\n<div style=\"background-color: #f4f4f4; border-radius: 50%; height: 12.5px; width: 12.5px; transform: translateX(9px) translateY(-18px);\"><\/div>\n<\/div>\n<div style=\"margin-left: 8px;\">\n<div style=\"background-color: #f4f4f4; border-radius: 50%; flex-grow: 0; height: 20px; width: 20px;\"><\/div>\n<div style=\"width: 0; height: 0; border-top: 2px solid transparent; border-left: 6px solid #f4f4f4; border-bottom: 2px solid transparent; transform: translateX(16px) translateY(-4px) rotate(30deg);\"><\/div>\n<\/div>\n<div style=\"margin-left: auto;\">\n<div style=\"width: 0px; border-top: 8px solid #F4F4F4; border-right: 8px solid transparent; transform: translateY(16px);\"><\/div>\n<div style=\"background-color: #f4f4f4; flex-grow: 0; height: 12px; width: 16px; transform: translateY(-4px);\"><\/div>\n<div style=\"width: 0; height: 0; border-top: 8px solid #F4F4F4; border-left: 8px solid transparent; transform: translateY(-4px) translateX(8px);\"><\/div>\n<\/div>\n<\/div>\n<div style=\"display: flex; flex-direction: column; flex-grow: 1; justify-content: center; margin-bottom: 24px;\">\n<div style=\"background-color: #f4f4f4; border-radius: 4px; flex-grow: 0; height: 14px; margin-bottom: 6px; width: 224px;\"><\/div>\n<div style=\"background-color: #f4f4f4; border-radius: 4px; flex-grow: 0; height: 14px; width: 144px;\"><\/div>\n<\/div>\n<p>&nbsp;<\/p>\n<p style=\"color: #c9c8cd; font-family: Arial,sans-serif; font-size: 14px; line-height: 17px; margin-bottom: 0; margin-top: 8px; overflow: hidden; padding: 8px 0 7px; text-align: center; text-overflow: ellipsis; white-space: nowrap;\"><a style=\"color: #c9c8cd; font-family: Arial,sans-serif; font-size: 14px; font-style: normal; font-weight: normal; line-height: 17px; text-decoration: none;\" href=\"https:\/\/www.instagram.com\/p\/DOe-2-NDKg_\/?utm_source=ig_embed&amp;utm_campaign=loading\" target=\"_blank\" rel=\"noopener\">Una publicaci\u00f3n compartida de Corporaci\u00f3n Ega\u00f1a 60 (@egana_60)<\/a><\/p>\n<\/div>\n<\/blockquote>\n<p><script async src=\"\/\/www.instagram.com\/embed.js\"><\/script><\/p>\n<p>&nbsp;<\/p>\n<p>&nbsp;<\/p>\n","protected":false},"excerpt":{"rendered":"<p>M\u00e1s de 300 personas asistieron a nuestro Sitio de Memoria. [&hellip;]<\/p>\n","protected":false},"author":1,"featured_media":3179,"comment_status":"open","ping_status":"open","sticky":false,"template":"","format":"standard","meta":{"_jetpack_memberships_contains_paid_content":false,"footnotes":""},"categories":[19],"tags":[],"class_list":["post-3174","post","type-post","status-publish","format-standard","has-post-thumbnail","hentry","category-actividades"],"yoast_head":"<!-- This site is optimized with the Yoast SEO plugin v25.3 - https:\/\/yoast.com\/wordpress\/plugins\/seo\/ -->\n<title>En Ega\u00f1a 60 se conmemoraron los 52 a\u00f1os del golpe de Estado<\/title>\n<meta name=\"description\" content=\"Puerto Montt conmemor\u00f3 la fecha en el Sitio de Memoria Ega\u00f1a 60, tambi\u00e9n conocido como el ex Edificio de la PDI.\" \/>\n<meta name=\"robots\" content=\"index, follow, max-snippet:-1, max-image-preview:large, max-video-preview:-1\" \/>\n<link rel=\"canonical\" href=\"https:\/\/www.egana60.cl\/index.php\/2025\/10\/09\/en-egana-60-se-conmemoraron-los-52-anos-del-golpe-de-estado\/\" \/>\n<meta property=\"og:locale\" content=\"es_ES\" \/>\n<meta property=\"og:type\" content=\"article\" \/>\n<meta property=\"og:title\" content=\"En Ega\u00f1a 60 se conmemoraron los 52 a\u00f1os del golpe de Estado\" \/>\n<meta property=\"og:description\" content=\"Puerto Montt conmemor\u00f3 la fecha en el Sitio de Memoria Ega\u00f1a 60, tambi\u00e9n conocido como el ex Edificio de la PDI.\" \/>\n<meta property=\"og:url\" content=\"https:\/\/www.egana60.cl\/index.php\/2025\/10\/09\/en-egana-60-se-conmemoraron-los-52-anos-del-golpe-de-estado\/\" \/>\n<meta property=\"og:site_name\" content=\"Ega\u00f1a 60\" \/>\n<meta property=\"article:publisher\" content=\"https:\/\/web.facebook.com\/egana60\" \/>\n<meta property=\"article:published_time\" content=\"2025-10-09T20:26:09+00:00\" \/>\n<meta property=\"og:image\" content=\"https:\/\/www.egana60.cl\/wp-content\/uploads\/2025\/10\/IMG_0052-scaled.jpg\" \/>\n\t<meta property=\"og:image:width\" content=\"2560\" \/>\n\t<meta property=\"og:image:height\" content=\"1707\" \/>\n\t<meta property=\"og:image:type\" content=\"image\/jpeg\" \/>\n<meta name=\"author\" content=\"admin\" \/>\n<meta name=\"twitter:card\" content=\"summary_large_image\" \/>\n<meta name=\"twitter:creator\" content=\"@egana\" \/>\n<meta name=\"twitter:label1\" content=\"Escrito por\" \/>\n\t<meta name=\"twitter:data1\" content=\"admin\" \/>\n\t<meta name=\"twitter:label2\" content=\"Tiempo de lectura\" \/>\n\t<meta name=\"twitter:data2\" content=\"2 minutos\" \/>\n<script type=\"application\/ld+json\" class=\"yoast-schema-graph\">{\"@context\":\"https:\/\/schema.org\",\"@graph\":[{\"@type\":\"Article\",\"@id\":\"https:\/\/www.egana60.cl\/index.php\/2025\/10\/09\/en-egana-60-se-conmemoraron-los-52-anos-del-golpe-de-estado\/#article\",\"isPartOf\":{\"@id\":\"https:\/\/www.egana60.cl\/index.php\/2025\/10\/09\/en-egana-60-se-conmemoraron-los-52-anos-del-golpe-de-estado\/\"},\"author\":{\"name\":\"admin\",\"@id\":\"https:\/\/www.egana60.cl\/#\/schema\/person\/784715b941c14e2212873f5180a48eae\"},\"headline\":\"En Ega\u00f1a 60 se conmemoraron los 52 a\u00f1os del golpe de Estado\",\"datePublished\":\"2025-10-09T20:26:09+00:00\",\"mainEntityOfPage\":{\"@id\":\"https:\/\/www.egana60.cl\/index.php\/2025\/10\/09\/en-egana-60-se-conmemoraron-los-52-anos-del-golpe-de-estado\/\"},\"wordCount\":286,\"commentCount\":0,\"publisher\":{\"@id\":\"https:\/\/www.egana60.cl\/#organization\"},\"image\":{\"@id\":\"https:\/\/www.egana60.cl\/index.php\/2025\/10\/09\/en-egana-60-se-conmemoraron-los-52-anos-del-golpe-de-estado\/#primaryimage\"},\"thumbnailUrl\":\"https:\/\/i0.wp.com\/www.egana60.cl\/wp-content\/uploads\/2025\/10\/IMG_0052-scaled.jpg?fit=2560%2C1707&ssl=1\",\"articleSection\":[\"Actividades\"],\"inLanguage\":\"es\",\"potentialAction\":[{\"@type\":\"CommentAction\",\"name\":\"Comment\",\"target\":[\"https:\/\/www.egana60.cl\/index.php\/2025\/10\/09\/en-egana-60-se-conmemoraron-los-52-anos-del-golpe-de-estado\/#respond\"]}]},{\"@type\":\"WebPage\",\"@id\":\"https:\/\/www.egana60.cl\/index.php\/2025\/10\/09\/en-egana-60-se-conmemoraron-los-52-anos-del-golpe-de-estado\/\",\"url\":\"https:\/\/www.egana60.cl\/index.php\/2025\/10\/09\/en-egana-60-se-conmemoraron-los-52-anos-del-golpe-de-estado\/\",\"name\":\"En Ega\u00f1a 60 se conmemoraron los 52 a\u00f1os del golpe de Estado\",\"isPartOf\":{\"@id\":\"https:\/\/www.egana60.cl\/#website\"},\"primaryImageOfPage\":{\"@id\":\"https:\/\/www.egana60.cl\/index.php\/2025\/10\/09\/en-egana-60-se-conmemoraron-los-52-anos-del-golpe-de-estado\/#primaryimage\"},\"image\":{\"@id\":\"https:\/\/www.egana60.cl\/index.php\/2025\/10\/09\/en-egana-60-se-conmemoraron-los-52-anos-del-golpe-de-estado\/#primaryimage\"},\"thumbnailUrl\":\"https:\/\/i0.wp.com\/www.egana60.cl\/wp-content\/uploads\/2025\/10\/IMG_0052-scaled.jpg?fit=2560%2C1707&ssl=1\",\"datePublished\":\"2025-10-09T20:26:09+00:00\",\"description\":\"Puerto Montt conmemor\u00f3 la fecha en el Sitio de Memoria Ega\u00f1a 60, tambi\u00e9n conocido como el ex Edificio de la PDI.\",\"breadcrumb\":{\"@id\":\"https:\/\/www.egana60.cl\/index.php\/2025\/10\/09\/en-egana-60-se-conmemoraron-los-52-anos-del-golpe-de-estado\/#breadcrumb\"},\"inLanguage\":\"es\",\"potentialAction\":[{\"@type\":\"ReadAction\",\"target\":[\"https:\/\/www.egana60.cl\/index.php\/2025\/10\/09\/en-egana-60-se-conmemoraron-los-52-anos-del-golpe-de-estado\/\"]}]},{\"@type\":\"ImageObject\",\"inLanguage\":\"es\",\"@id\":\"https:\/\/www.egana60.cl\/index.php\/2025\/10\/09\/en-egana-60-se-conmemoraron-los-52-anos-del-golpe-de-estado\/#primaryimage\",\"url\":\"https:\/\/i0.wp.com\/www.egana60.cl\/wp-content\/uploads\/2025\/10\/IMG_0052-scaled.jpg?fit=2560%2C1707&ssl=1\",\"contentUrl\":\"https:\/\/i0.wp.com\/www.egana60.cl\/wp-content\/uploads\/2025\/10\/IMG_0052-scaled.jpg?fit=2560%2C1707&ssl=1\",\"width\":2560,\"height\":1707},{\"@type\":\"BreadcrumbList\",\"@id\":\"https:\/\/www.egana60.cl\/index.php\/2025\/10\/09\/en-egana-60-se-conmemoraron-los-52-anos-del-golpe-de-estado\/#breadcrumb\",\"itemListElement\":[{\"@type\":\"ListItem\",\"position\":1,\"name\":\"Portada\",\"item\":\"https:\/\/www.egana60.cl\/\"},{\"@type\":\"ListItem\",\"position\":2,\"name\":\"En Ega\u00f1a 60 se conmemoraron los 52 a\u00f1os del golpe de Estado\"}]},{\"@type\":\"WebSite\",\"@id\":\"https:\/\/www.egana60.cl\/#website\",\"url\":\"https:\/\/www.egana60.cl\/\",\"name\":\"Ega\u00f1a 60\",\"description\":\"Sitios de Memoria\",\"publisher\":{\"@id\":\"https:\/\/www.egana60.cl\/#organization\"},\"potentialAction\":[{\"@type\":\"SearchAction\",\"target\":{\"@type\":\"EntryPoint\",\"urlTemplate\":\"https:\/\/www.egana60.cl\/?s={search_term_string}\"},\"query-input\":{\"@type\":\"PropertyValueSpecification\",\"valueRequired\":true,\"valueName\":\"search_term_string\"}}],\"inLanguage\":\"es\"},{\"@type\":\"Organization\",\"@id\":\"https:\/\/www.egana60.cl\/#organization\",\"name\":\"Coorporac\u00f3n Ega\u00f1a 60\",\"url\":\"https:\/\/www.egana60.cl\/\",\"logo\":{\"@type\":\"ImageObject\",\"inLanguage\":\"es\",\"@id\":\"https:\/\/www.egana60.cl\/#\/schema\/logo\/image\/\",\"url\":\"https:\/\/www.egana60.cl\/wp-content\/uploads\/2023\/12\/logo2-e1701438723519.png\",\"contentUrl\":\"https:\/\/www.egana60.cl\/wp-content\/uploads\/2023\/12\/logo2-e1701438723519.png\",\"width\":80,\"height\":80,\"caption\":\"Coorporac\u00f3n Ega\u00f1a 60\"},\"image\":{\"@id\":\"https:\/\/www.egana60.cl\/#\/schema\/logo\/image\/\"},\"sameAs\":[\"https:\/\/web.facebook.com\/egana60\"]},{\"@type\":\"Person\",\"@id\":\"https:\/\/www.egana60.cl\/#\/schema\/person\/784715b941c14e2212873f5180a48eae\",\"name\":\"admin\",\"image\":{\"@type\":\"ImageObject\",\"inLanguage\":\"es\",\"@id\":\"https:\/\/www.egana60.cl\/#\/schema\/person\/image\/\",\"url\":\"https:\/\/secure.gravatar.com\/avatar\/aac9c7787e0ed8cbfe7d7e1ca66cc8241d79adcb301a80ad91e062a2d22e69e7?s=96&d=mm&r=g\",\"contentUrl\":\"https:\/\/secure.gravatar.com\/avatar\/aac9c7787e0ed8cbfe7d7e1ca66cc8241d79adcb301a80ad91e062a2d22e69e7?s=96&d=mm&r=g\",\"caption\":\"admin\"},\"sameAs\":[\"https:\/\/egana60.cl\",\"https:\/\/x.com\/egana\"],\"url\":\"https:\/\/www.egana60.cl\/index.php\/author\/egana\/\"}]}<\/script>\n<!-- \/ Yoast SEO plugin. -->","yoast_head_json":{"title":"En Ega\u00f1a 60 se conmemoraron los 52 a\u00f1os del golpe de Estado","description":"Puerto Montt conmemor\u00f3 la fecha en el Sitio de Memoria Ega\u00f1a 60, tambi\u00e9n conocido como el ex Edificio de la PDI.","robots":{"index":"index","follow":"follow","max-snippet":"max-snippet:-1","max-image-preview":"max-image-preview:large","max-video-preview":"max-video-preview:-1"},"canonical":"https:\/\/www.egana60.cl\/index.php\/2025\/10\/09\/en-egana-60-se-conmemoraron-los-52-anos-del-golpe-de-estado\/","og_locale":"es_ES","og_type":"article","og_title":"En Ega\u00f1a 60 se conmemoraron los 52 a\u00f1os del golpe de Estado","og_description":"Puerto Montt conmemor\u00f3 la fecha en el Sitio de Memoria Ega\u00f1a 60, tambi\u00e9n conocido como el ex Edificio de la PDI.","og_url":"https:\/\/www.egana60.cl\/index.php\/2025\/10\/09\/en-egana-60-se-conmemoraron-los-52-anos-del-golpe-de-estado\/","og_site_name":"Ega\u00f1a 60","article_publisher":"https:\/\/web.facebook.com\/egana60","article_published_time":"2025-10-09T20:26:09+00:00","og_image":[{"width":2560,"height":1707,"url":"https:\/\/www.egana60.cl\/wp-content\/uploads\/2025\/10\/IMG_0052-scaled.jpg","type":"image\/jpeg"}],"author":"admin","twitter_card":"summary_large_image","twitter_creator":"@egana","twitter_misc":{"Escrito por":"admin","Tiempo de lectura":"2 minutos"},"schema":{"@context":"https:\/\/schema.org","@graph":[{"@type":"Article","@id":"https:\/\/www.egana60.cl\/index.php\/2025\/10\/09\/en-egana-60-se-conmemoraron-los-52-anos-del-golpe-de-estado\/#article","isPartOf":{"@id":"https:\/\/www.egana60.cl\/index.php\/2025\/10\/09\/en-egana-60-se-conmemoraron-los-52-anos-del-golpe-de-estado\/"},"author":{"name":"admin","@id":"https:\/\/www.egana60.cl\/#\/schema\/person\/784715b941c14e2212873f5180a48eae"},"headline":"En Ega\u00f1a 60 se conmemoraron los 52 a\u00f1os del golpe de Estado","datePublished":"2025-10-09T20:26:09+00:00","mainEntityOfPage":{"@id":"https:\/\/www.egana60.cl\/index.php\/2025\/10\/09\/en-egana-60-se-conmemoraron-los-52-anos-del-golpe-de-estado\/"},"wordCount":286,"commentCount":0,"publisher":{"@id":"https:\/\/www.egana60.cl\/#organization"},"image":{"@id":"https:\/\/www.egana60.cl\/index.php\/2025\/10\/09\/en-egana-60-se-conmemoraron-los-52-anos-del-golpe-de-estado\/#primaryimage"},"thumbnailUrl":"https:\/\/i0.wp.com\/www.egana60.cl\/wp-content\/uploads\/2025\/10\/IMG_0052-scaled.jpg?fit=2560%2C1707&ssl=1","articleSection":["Actividades"],"inLanguage":"es","potentialAction":[{"@type":"CommentAction","name":"Comment","target":["https:\/\/www.egana60.cl\/index.php\/2025\/10\/09\/en-egana-60-se-conmemoraron-los-52-anos-del-golpe-de-estado\/#respond"]}]},{"@type":"WebPage","@id":"https:\/\/www.egana60.cl\/index.php\/2025\/10\/09\/en-egana-60-se-conmemoraron-los-52-anos-del-golpe-de-estado\/","url":"https:\/\/www.egana60.cl\/index.php\/2025\/10\/09\/en-egana-60-se-conmemoraron-los-52-anos-del-golpe-de-estado\/","name":"En Ega\u00f1a 60 se conmemoraron los 52 a\u00f1os del golpe de Estado","isPartOf":{"@id":"https:\/\/www.egana60.cl\/#website"},"primaryImageOfPage":{"@id":"https:\/\/www.egana60.cl\/index.php\/2025\/10\/09\/en-egana-60-se-conmemoraron-los-52-anos-del-golpe-de-estado\/#primaryimage"},"image":{"@id":"https:\/\/www.egana60.cl\/index.php\/2025\/10\/09\/en-egana-60-se-conmemoraron-los-52-anos-del-golpe-de-estado\/#primaryimage"},"thumbnailUrl":"https:\/\/i0.wp.com\/www.egana60.cl\/wp-content\/uploads\/2025\/10\/IMG_0052-scaled.jpg?fit=2560%2C1707&ssl=1","datePublished":"2025-10-09T20:26:09+00:00","description":"Puerto Montt conmemor\u00f3 la fecha en el Sitio de Memoria Ega\u00f1a 60, tambi\u00e9n conocido como el ex Edificio de la PDI.","breadcrumb":{"@id":"https:\/\/www.egana60.cl\/index.php\/2025\/10\/09\/en-egana-60-se-conmemoraron-los-52-anos-del-golpe-de-estado\/#breadcrumb"},"inLanguage":"es","potentialAction":[{"@type":"ReadAction","target":["https:\/\/www.egana60.cl\/index.php\/2025\/10\/09\/en-egana-60-se-conmemoraron-los-52-anos-del-golpe-de-estado\/"]}]},{"@type":"ImageObject","inLanguage":"es","@id":"https:\/\/www.egana60.cl\/index.php\/2025\/10\/09\/en-egana-60-se-conmemoraron-los-52-anos-del-golpe-de-estado\/#primaryimage","url":"https:\/\/i0.wp.com\/www.egana60.cl\/wp-content\/uploads\/2025\/10\/IMG_0052-scaled.jpg?fit=2560%2C1707&ssl=1","contentUrl":"https:\/\/i0.wp.com\/www.egana60.cl\/wp-content\/uploads\/2025\/10\/IMG_0052-scaled.jpg?fit=2560%2C1707&ssl=1","width":2560,"height":1707},{"@type":"BreadcrumbList","@id":"https:\/\/www.egana60.cl\/index.php\/2025\/10\/09\/en-egana-60-se-conmemoraron-los-52-anos-del-golpe-de-estado\/#breadcrumb","itemListElement":[{"@type":"ListItem","position":1,"name":"Portada","item":"https:\/\/www.egana60.cl\/"},{"@type":"ListItem","position":2,"name":"En Ega\u00f1a 60 se conmemoraron los 52 a\u00f1os del golpe de Estado"}]},{"@type":"WebSite","@id":"https:\/\/www.egana60.cl\/#website","url":"https:\/\/www.egana60.cl\/","name":"Ega\u00f1a 60","description":"Sitios de Memoria","publisher":{"@id":"https:\/\/www.egana60.cl\/#organization"},"potentialAction":[{"@type":"SearchAction","target":{"@type":"EntryPoint","urlTemplate":"https:\/\/www.egana60.cl\/?s={search_term_string}"},"query-input":{"@type":"PropertyValueSpecification","valueRequired":true,"valueName":"search_term_string"}}],"inLanguage":"es"},{"@type":"Organization","@id":"https:\/\/www.egana60.cl\/#organization","name":"Coorporac\u00f3n Ega\u00f1a 60","url":"https:\/\/www.egana60.cl\/","logo":{"@type":"ImageObject","inLanguage":"es","@id":"https:\/\/www.egana60.cl\/#\/schema\/logo\/image\/","url":"https:\/\/www.egana60.cl\/wp-content\/uploads\/2023\/12\/logo2-e1701438723519.png","contentUrl":"https:\/\/www.egana60.cl\/wp-content\/uploads\/2023\/12\/logo2-e1701438723519.png","width":80,"height":80,"caption":"Coorporac\u00f3n Ega\u00f1a 60"},"image":{"@id":"https:\/\/www.egana60.cl\/#\/schema\/logo\/image\/"},"sameAs":["https:\/\/web.facebook.com\/egana60"]},{"@type":"Person","@id":"https:\/\/www.egana60.cl\/#\/schema\/person\/784715b941c14e2212873f5180a48eae","name":"admin","image":{"@type":"ImageObject","inLanguage":"es","@id":"https:\/\/www.egana60.cl\/#\/schema\/person\/image\/","url":"https:\/\/secure.gravatar.com\/avatar\/aac9c7787e0ed8cbfe7d7e1ca66cc8241d79adcb301a80ad91e062a2d22e69e7?s=96&d=mm&r=g","contentUrl":"https:\/\/secure.gravatar.com\/avatar\/aac9c7787e0ed8cbfe7d7e1ca66cc8241d79adcb301a80ad91e062a2d22e69e7?s=96&d=mm&r=g","caption":"admin"},"sameAs":["https:\/\/egana60.cl","https:\/\/x.com\/egana"],"url":"https:\/\/www.egana60.cl\/index.php\/author\/egana\/"}]}},"jetpack_featured_media_url":"https:\/\/i0.wp.com\/www.egana60.cl\/wp-content\/uploads\/2025\/10\/IMG_0052-scaled.jpg?fit=2560%2C1707&ssl=1","jetpack_sharing_enabled":true,"_links":{"self":[{"href":"https:\/\/www.egana60.cl\/index.php\/wp-json\/wp\/v2\/posts\/3174","targetHints":{"allow":["GET"]}}],"collection":[{"href":"https:\/\/www.egana60.cl\/index.php\/wp-json\/wp\/v2\/posts"}],"about":[{"href":"https:\/\/www.egana60.cl\/index.php\/wp-json\/wp\/v2\/types\/post"}],"author":[{"embeddable":true,"href":"https:\/\/www.egana60.cl\/index.php\/wp-json\/wp\/v2\/users\/1"}],"replies":[{"embeddable":true,"href":"https:\/\/www.egana60.cl\/index.php\/wp-json\/wp\/v2\/comments?post=3174"}],"version-history":[{"count":4,"href":"https:\/\/www.egana60.cl\/index.php\/wp-json\/wp\/v2\/posts\/3174\/revisions"}],"predecessor-version":[{"id":3182,"href":"https:\/\/www.egana60.cl\/index.php\/wp-json\/wp\/v2\/posts\/3174\/revisions\/3182"}],"wp:featuredmedia":[{"embeddable":true,"href":"https:\/\/www.egana60.cl\/index.php\/wp-json\/wp\/v2\/media\/3179"}],"wp:attachment":[{"href":"https:\/\/www.egana60.cl\/index.php\/wp-json\/wp\/v2\/media?parent=3174"}],"wp:term":[{"taxonomy":"category","embeddable":true,"href":"https:\/\/www.egana60.cl\/index.php\/wp-json\/wp\/v2\/categories?post=3174"},{"taxonomy":"post_tag","embeddable":true,"href":"https:\/\/www.egana60.cl\/index.php\/wp-json\/wp\/v2\/tags?post=3174"}],"curies":[{"name":"wp","href":"https:\/\/api.w.org\/{rel}","templated":true}]}}