{"id":3194,"date":"2025-12-02T01:57:13","date_gmt":"2025-12-02T01:57:13","guid":{"rendered":"https:\/\/www.egana60.cl\/?p=3194"},"modified":"2025-12-02T01:57:13","modified_gmt":"2025-12-02T01:57:13","slug":"citacion","status":"publish","type":"post","link":"https:\/\/www.egana60.cl\/index.php\/2025\/12\/02\/citacion\/","title":{"rendered":"Citaci\u00f3n"},"content":{"rendered":"<div dir=\"ltr\">\n<div dir=\"ltr\">Estimados socios:<\/div>\n<div dir=\"ltr\">\n<p>Por acuerdo de la directiva cito a asamblea general de socios para el pr\u00f3ximo viernes 12 de diciembre del presente a\u00f1o a las 15.30 horas en el edificio de \u00abEga\u00f1a 60\u00bb en el cuarto piso en la sala \u00abRen\u00e9 Droppelmann A.\u00bb<\/p>\n<div><\/div>\n<div>La Tabla a tratar es la que detallo a continuaci\u00f3n:<\/div>\n<ol>\n<li>Lectura de Actas.<\/li>\n<li>Cuenta actividades A\u00f1o 2025.<\/li>\n<li>Varios.<\/li>\n<\/ol>\n<div>Esperamos contar con la asistencia de todos.<\/div>\n<div>Fraternalmente.<\/div>\n<div><\/div>\n<div>Elio Barr\u00eda G.<\/div>\n<div>Secretario.<\/div>\n<\/div>\n<\/div>\n","protected":false},"excerpt":{"rendered":"<p>Estimados socios: Por acuerdo de la directiva cito a asamblea [&hellip;]<\/p>\n","protected":false},"author":1,"featured_media":3147,"comment_status":"open","ping_status":"open","sticky":false,"template":"","format":"standard","meta":{"_jetpack_memberships_contains_paid_content":false,"footnotes":""},"categories":[17],"tags":[],"class_list":["post-3194","post","type-post","status-publish","format-standard","has-post-thumbnail","hentry","category-comunicados"],"yoast_head":"<!-- This site is optimized with the Yoast SEO plugin v25.3 - https:\/\/yoast.com\/wordpress\/plugins\/seo\/ -->\n<title>Citaci\u00f3n - Ega\u00f1a 60<\/title>\n<meta name=\"description\" content=\"Citaci\u00f3n a asamblea a los socios de la Corporaci\u00f3n Ega\u00f1a 60. Se realizar\u00e1 en el Sal\u00f3n Ren\u00e9 Droppelmann A\u00f1azco.\" \/>\n<meta name=\"robots\" content=\"index, follow, max-snippet:-1, max-image-preview:large, max-video-preview:-1\" \/>\n<link rel=\"canonical\" href=\"https:\/\/www.egana60.cl\/index.php\/2025\/12\/02\/citacion\/\" \/>\n<meta property=\"og:locale\" content=\"es_ES\" \/>\n<meta property=\"og:type\" content=\"article\" \/>\n<meta property=\"og:title\" content=\"Citaci\u00f3n - Ega\u00f1a 60\" \/>\n<meta property=\"og:description\" content=\"Citaci\u00f3n a asamblea a los socios de la Corporaci\u00f3n Ega\u00f1a 60. Se realizar\u00e1 en el Sal\u00f3n Ren\u00e9 Droppelmann A\u00f1azco.\" \/>\n<meta property=\"og:url\" content=\"https:\/\/www.egana60.cl\/index.php\/2025\/12\/02\/citacion\/\" \/>\n<meta property=\"og:site_name\" content=\"Ega\u00f1a 60\" \/>\n<meta property=\"article:publisher\" content=\"https:\/\/web.facebook.com\/egana60\" \/>\n<meta property=\"article:published_time\" content=\"2025-12-02T01:57:13+00:00\" \/>\n<meta property=\"og:image\" content=\"https:\/\/www.egana60.cl\/wp-content\/uploads\/2025\/07\/Egana-60-lienzo-Sitio-de-memoria-repudia-dichos-de-Johannes-Kaiser.jpg\" \/>\n\t<meta property=\"og:image:width\" content=\"1600\" \/>\n\t<meta property=\"og:image:height\" content=\"1067\" \/>\n\t<meta property=\"og:image:type\" content=\"image\/jpeg\" \/>\n<meta name=\"author\" content=\"admin\" \/>\n<meta name=\"twitter:card\" content=\"summary_large_image\" \/>\n<meta name=\"twitter:creator\" content=\"@egana\" \/>\n<meta name=\"twitter:label1\" content=\"Escrito por\" \/>\n\t<meta name=\"twitter:data1\" content=\"admin\" \/>\n\t<meta name=\"twitter:label2\" content=\"Tiempo de lectura\" \/>\n\t<meta name=\"twitter:data2\" content=\"1 minuto\" \/>\n<script type=\"application\/ld+json\" class=\"yoast-schema-graph\">{\"@context\":\"https:\/\/schema.org\",\"@graph\":[{\"@type\":\"Article\",\"@id\":\"https:\/\/www.egana60.cl\/index.php\/2025\/12\/02\/citacion\/#article\",\"isPartOf\":{\"@id\":\"https:\/\/www.egana60.cl\/index.php\/2025\/12\/02\/citacion\/\"},\"author\":{\"name\":\"admin\",\"@id\":\"https:\/\/www.egana60.cl\/#\/schema\/person\/784715b941c14e2212873f5180a48eae\"},\"headline\":\"Citaci\u00f3n\",\"datePublished\":\"2025-12-02T01:57:13+00:00\",\"mainEntityOfPage\":{\"@id\":\"https:\/\/www.egana60.cl\/index.php\/2025\/12\/02\/citacion\/\"},\"wordCount\":77,\"commentCount\":0,\"publisher\":{\"@id\":\"https:\/\/www.egana60.cl\/#organization\"},\"image\":{\"@id\":\"https:\/\/www.egana60.cl\/index.php\/2025\/12\/02\/citacion\/#primaryimage\"},\"thumbnailUrl\":\"https:\/\/i0.wp.com\/www.egana60.cl\/wp-content\/uploads\/2025\/07\/Egana-60-lienzo-Sitio-de-memoria-repudia-dichos-de-Johannes-Kaiser.jpg?fit=1600%2C1067&ssl=1\",\"articleSection\":[\"Comunicados\"],\"inLanguage\":\"es\",\"potentialAction\":[{\"@type\":\"CommentAction\",\"name\":\"Comment\",\"target\":[\"https:\/\/www.egana60.cl\/index.php\/2025\/12\/02\/citacion\/#respond\"]}]},{\"@type\":\"WebPage\",\"@id\":\"https:\/\/www.egana60.cl\/index.php\/2025\/12\/02\/citacion\/\",\"url\":\"https:\/\/www.egana60.cl\/index.php\/2025\/12\/02\/citacion\/\",\"name\":\"Citaci\u00f3n - Ega\u00f1a 60\",\"isPartOf\":{\"@id\":\"https:\/\/www.egana60.cl\/#website\"},\"primaryImageOfPage\":{\"@id\":\"https:\/\/www.egana60.cl\/index.php\/2025\/12\/02\/citacion\/#primaryimage\"},\"image\":{\"@id\":\"https:\/\/www.egana60.cl\/index.php\/2025\/12\/02\/citacion\/#primaryimage\"},\"thumbnailUrl\":\"https:\/\/i0.wp.com\/www.egana60.cl\/wp-content\/uploads\/2025\/07\/Egana-60-lienzo-Sitio-de-memoria-repudia-dichos-de-Johannes-Kaiser.jpg?fit=1600%2C1067&ssl=1\",\"datePublished\":\"2025-12-02T01:57:13+00:00\",\"description\":\"Citaci\u00f3n a asamblea a los socios de la Corporaci\u00f3n Ega\u00f1a 60. Se realizar\u00e1 en el Sal\u00f3n Ren\u00e9 Droppelmann A\u00f1azco.\",\"breadcrumb\":{\"@id\":\"https:\/\/www.egana60.cl\/index.php\/2025\/12\/02\/citacion\/#breadcrumb\"},\"inLanguage\":\"es\",\"potentialAction\":[{\"@type\":\"ReadAction\",\"target\":[\"https:\/\/www.egana60.cl\/index.php\/2025\/12\/02\/citacion\/\"]}]},{\"@type\":\"ImageObject\",\"inLanguage\":\"es\",\"@id\":\"https:\/\/www.egana60.cl\/index.php\/2025\/12\/02\/citacion\/#primaryimage\",\"url\":\"https:\/\/i0.wp.com\/www.egana60.cl\/wp-content\/uploads\/2025\/07\/Egana-60-lienzo-Sitio-de-memoria-repudia-dichos-de-Johannes-Kaiser.jpg?fit=1600%2C1067&ssl=1\",\"contentUrl\":\"https:\/\/i0.wp.com\/www.egana60.cl\/wp-content\/uploads\/2025\/07\/Egana-60-lienzo-Sitio-de-memoria-repudia-dichos-de-Johannes-Kaiser.jpg?fit=1600%2C1067&ssl=1\",\"width\":1600,\"height\":1067,\"caption\":\"Lienzo del Instituto Nacional de Derechos Humanos en el frontis de Ega\u00f1a 60. El lienzo dice que \\\"aqu\u00ed se construye una historia sin olvidar el pasado\\\"\"},{\"@type\":\"BreadcrumbList\",\"@id\":\"https:\/\/www.egana60.cl\/index.php\/2025\/12\/02\/citacion\/#breadcrumb\",\"itemListElement\":[{\"@type\":\"ListItem\",\"position\":1,\"name\":\"Portada\",\"item\":\"https:\/\/www.egana60.cl\/\"},{\"@type\":\"ListItem\",\"position\":2,\"name\":\"Citaci\u00f3n\"}]},{\"@type\":\"WebSite\",\"@id\":\"https:\/\/www.egana60.cl\/#website\",\"url\":\"https:\/\/www.egana60.cl\/\",\"name\":\"Ega\u00f1a 60\",\"description\":\"Sitios de Memoria\",\"publisher\":{\"@id\":\"https:\/\/www.egana60.cl\/#organization\"},\"potentialAction\":[{\"@type\":\"SearchAction\",\"target\":{\"@type\":\"EntryPoint\",\"urlTemplate\":\"https:\/\/www.egana60.cl\/?s={search_term_string}\"},\"query-input\":{\"@type\":\"PropertyValueSpecification\",\"valueRequired\":true,\"valueName\":\"search_term_string\"}}],\"inLanguage\":\"es\"},{\"@type\":\"Organization\",\"@id\":\"https:\/\/www.egana60.cl\/#organization\",\"name\":\"Coorporac\u00f3n Ega\u00f1a 60\",\"url\":\"https:\/\/www.egana60.cl\/\",\"logo\":{\"@type\":\"ImageObject\",\"inLanguage\":\"es\",\"@id\":\"https:\/\/www.egana60.cl\/#\/schema\/logo\/image\/\",\"url\":\"https:\/\/www.egana60.cl\/wp-content\/uploads\/2023\/12\/logo2-e1701438723519.png\",\"contentUrl\":\"https:\/\/www.egana60.cl\/wp-content\/uploads\/2023\/12\/logo2-e1701438723519.png\",\"width\":80,\"height\":80,\"caption\":\"Coorporac\u00f3n Ega\u00f1a 60\"},\"image\":{\"@id\":\"https:\/\/www.egana60.cl\/#\/schema\/logo\/image\/\"},\"sameAs\":[\"https:\/\/web.facebook.com\/egana60\"]},{\"@type\":\"Person\",\"@id\":\"https:\/\/www.egana60.cl\/#\/schema\/person\/784715b941c14e2212873f5180a48eae\",\"name\":\"admin\",\"image\":{\"@type\":\"ImageObject\",\"inLanguage\":\"es\",\"@id\":\"https:\/\/www.egana60.cl\/#\/schema\/person\/image\/\",\"url\":\"https:\/\/secure.gravatar.com\/avatar\/aac9c7787e0ed8cbfe7d7e1ca66cc8241d79adcb301a80ad91e062a2d22e69e7?s=96&d=mm&r=g\",\"contentUrl\":\"https:\/\/secure.gravatar.com\/avatar\/aac9c7787e0ed8cbfe7d7e1ca66cc8241d79adcb301a80ad91e062a2d22e69e7?s=96&d=mm&r=g\",\"caption\":\"admin\"},\"sameAs\":[\"https:\/\/egana60.cl\",\"https:\/\/x.com\/egana\"],\"url\":\"https:\/\/www.egana60.cl\/index.php\/author\/egana\/\"}]}<\/script>\n<!-- \/ Yoast SEO plugin. -->","yoast_head_json":{"title":"Citaci\u00f3n - Ega\u00f1a 60","description":"Citaci\u00f3n a asamblea a los socios de la Corporaci\u00f3n Ega\u00f1a 60. Se realizar\u00e1 en el Sal\u00f3n Ren\u00e9 Droppelmann A\u00f1azco.","robots":{"index":"index","follow":"follow","max-snippet":"max-snippet:-1","max-image-preview":"max-image-preview:large","max-video-preview":"max-video-preview:-1"},"canonical":"https:\/\/www.egana60.cl\/index.php\/2025\/12\/02\/citacion\/","og_locale":"es_ES","og_type":"article","og_title":"Citaci\u00f3n - Ega\u00f1a 60","og_description":"Citaci\u00f3n a asamblea a los socios de la Corporaci\u00f3n Ega\u00f1a 60. Se realizar\u00e1 en el Sal\u00f3n Ren\u00e9 Droppelmann A\u00f1azco.","og_url":"https:\/\/www.egana60.cl\/index.php\/2025\/12\/02\/citacion\/","og_site_name":"Ega\u00f1a 60","article_publisher":"https:\/\/web.facebook.com\/egana60","article_published_time":"2025-12-02T01:57:13+00:00","og_image":[{"width":1600,"height":1067,"url":"https:\/\/www.egana60.cl\/wp-content\/uploads\/2025\/07\/Egana-60-lienzo-Sitio-de-memoria-repudia-dichos-de-Johannes-Kaiser.jpg","type":"image\/jpeg"}],"author":"admin","twitter_card":"summary_large_image","twitter_creator":"@egana","twitter_misc":{"Escrito por":"admin","Tiempo de lectura":"1 minuto"},"schema":{"@context":"https:\/\/schema.org","@graph":[{"@type":"Article","@id":"https:\/\/www.egana60.cl\/index.php\/2025\/12\/02\/citacion\/#article","isPartOf":{"@id":"https:\/\/www.egana60.cl\/index.php\/2025\/12\/02\/citacion\/"},"author":{"name":"admin","@id":"https:\/\/www.egana60.cl\/#\/schema\/person\/784715b941c14e2212873f5180a48eae"},"headline":"Citaci\u00f3n","datePublished":"2025-12-02T01:57:13+00:00","mainEntityOfPage":{"@id":"https:\/\/www.egana60.cl\/index.php\/2025\/12\/02\/citacion\/"},"wordCount":77,"commentCount":0,"publisher":{"@id":"https:\/\/www.egana60.cl\/#organization"},"image":{"@id":"https:\/\/www.egana60.cl\/index.php\/2025\/12\/02\/citacion\/#primaryimage"},"thumbnailUrl":"https:\/\/i0.wp.com\/www.egana60.cl\/wp-content\/uploads\/2025\/07\/Egana-60-lienzo-Sitio-de-memoria-repudia-dichos-de-Johannes-Kaiser.jpg?fit=1600%2C1067&ssl=1","articleSection":["Comunicados"],"inLanguage":"es","potentialAction":[{"@type":"CommentAction","name":"Comment","target":["https:\/\/www.egana60.cl\/index.php\/2025\/12\/02\/citacion\/#respond"]}]},{"@type":"WebPage","@id":"https:\/\/www.egana60.cl\/index.php\/2025\/12\/02\/citacion\/","url":"https:\/\/www.egana60.cl\/index.php\/2025\/12\/02\/citacion\/","name":"Citaci\u00f3n - Ega\u00f1a 60","isPartOf":{"@id":"https:\/\/www.egana60.cl\/#website"},"primaryImageOfPage":{"@id":"https:\/\/www.egana60.cl\/index.php\/2025\/12\/02\/citacion\/#primaryimage"},"image":{"@id":"https:\/\/www.egana60.cl\/index.php\/2025\/12\/02\/citacion\/#primaryimage"},"thumbnailUrl":"https:\/\/i0.wp.com\/www.egana60.cl\/wp-content\/uploads\/2025\/07\/Egana-60-lienzo-Sitio-de-memoria-repudia-dichos-de-Johannes-Kaiser.jpg?fit=1600%2C1067&ssl=1","datePublished":"2025-12-02T01:57:13+00:00","description":"Citaci\u00f3n a asamblea a los socios de la Corporaci\u00f3n Ega\u00f1a 60. Se realizar\u00e1 en el Sal\u00f3n Ren\u00e9 Droppelmann A\u00f1azco.","breadcrumb":{"@id":"https:\/\/www.egana60.cl\/index.php\/2025\/12\/02\/citacion\/#breadcrumb"},"inLanguage":"es","potentialAction":[{"@type":"ReadAction","target":["https:\/\/www.egana60.cl\/index.php\/2025\/12\/02\/citacion\/"]}]},{"@type":"ImageObject","inLanguage":"es","@id":"https:\/\/www.egana60.cl\/index.php\/2025\/12\/02\/citacion\/#primaryimage","url":"https:\/\/i0.wp.com\/www.egana60.cl\/wp-content\/uploads\/2025\/07\/Egana-60-lienzo-Sitio-de-memoria-repudia-dichos-de-Johannes-Kaiser.jpg?fit=1600%2C1067&ssl=1","contentUrl":"https:\/\/i0.wp.com\/www.egana60.cl\/wp-content\/uploads\/2025\/07\/Egana-60-lienzo-Sitio-de-memoria-repudia-dichos-de-Johannes-Kaiser.jpg?fit=1600%2C1067&ssl=1","width":1600,"height":1067,"caption":"Lienzo del Instituto Nacional de Derechos Humanos en el frontis de Ega\u00f1a 60. El lienzo dice que \"aqu\u00ed se construye una historia sin olvidar el pasado\""},{"@type":"BreadcrumbList","@id":"https:\/\/www.egana60.cl\/index.php\/2025\/12\/02\/citacion\/#breadcrumb","itemListElement":[{"@type":"ListItem","position":1,"name":"Portada","item":"https:\/\/www.egana60.cl\/"},{"@type":"ListItem","position":2,"name":"Citaci\u00f3n"}]},{"@type":"WebSite","@id":"https:\/\/www.egana60.cl\/#website","url":"https:\/\/www.egana60.cl\/","name":"Ega\u00f1a 60","description":"Sitios de Memoria","publisher":{"@id":"https:\/\/www.egana60.cl\/#organization"},"potentialAction":[{"@type":"SearchAction","target":{"@type":"EntryPoint","urlTemplate":"https:\/\/www.egana60.cl\/?s={search_term_string}"},"query-input":{"@type":"PropertyValueSpecification","valueRequired":true,"valueName":"search_term_string"}}],"inLanguage":"es"},{"@type":"Organization","@id":"https:\/\/www.egana60.cl\/#organization","name":"Coorporac\u00f3n Ega\u00f1a 60","url":"https:\/\/www.egana60.cl\/","logo":{"@type":"ImageObject","inLanguage":"es","@id":"https:\/\/www.egana60.cl\/#\/schema\/logo\/image\/","url":"https:\/\/www.egana60.cl\/wp-content\/uploads\/2023\/12\/logo2-e1701438723519.png","contentUrl":"https:\/\/www.egana60.cl\/wp-content\/uploads\/2023\/12\/logo2-e1701438723519.png","width":80,"height":80,"caption":"Coorporac\u00f3n Ega\u00f1a 60"},"image":{"@id":"https:\/\/www.egana60.cl\/#\/schema\/logo\/image\/"},"sameAs":["https:\/\/web.facebook.com\/egana60"]},{"@type":"Person","@id":"https:\/\/www.egana60.cl\/#\/schema\/person\/784715b941c14e2212873f5180a48eae","name":"admin","image":{"@type":"ImageObject","inLanguage":"es","@id":"https:\/\/www.egana60.cl\/#\/schema\/person\/image\/","url":"https:\/\/secure.gravatar.com\/avatar\/aac9c7787e0ed8cbfe7d7e1ca66cc8241d79adcb301a80ad91e062a2d22e69e7?s=96&d=mm&r=g","contentUrl":"https:\/\/secure.gravatar.com\/avatar\/aac9c7787e0ed8cbfe7d7e1ca66cc8241d79adcb301a80ad91e062a2d22e69e7?s=96&d=mm&r=g","caption":"admin"},"sameAs":["https:\/\/egana60.cl","https:\/\/x.com\/egana"],"url":"https:\/\/www.egana60.cl\/index.php\/author\/egana\/"}]}},"jetpack_featured_media_url":"https:\/\/i0.wp.com\/www.egana60.cl\/wp-content\/uploads\/2025\/07\/Egana-60-lienzo-Sitio-de-memoria-repudia-dichos-de-Johannes-Kaiser.jpg?fit=1600%2C1067&ssl=1","jetpack_sharing_enabled":true,"_links":{"self":[{"href":"https:\/\/www.egana60.cl\/index.php\/wp-json\/wp\/v2\/posts\/3194","targetHints":{"allow":["GET"]}}],"collection":[{"href":"https:\/\/www.egana60.cl\/index.php\/wp-json\/wp\/v2\/posts"}],"about":[{"href":"https:\/\/www.egana60.cl\/index.php\/wp-json\/wp\/v2\/types\/post"}],"author":[{"embeddable":true,"href":"https:\/\/www.egana60.cl\/index.php\/wp-json\/wp\/v2\/users\/1"}],"replies":[{"embeddable":true,"href":"https:\/\/www.egana60.cl\/index.php\/wp-json\/wp\/v2\/comments?post=3194"}],"version-history":[{"count":2,"href":"https:\/\/www.egana60.cl\/index.php\/wp-json\/wp\/v2\/posts\/3194\/revisions"}],"predecessor-version":[{"id":3196,"href":"https:\/\/www.egana60.cl\/index.php\/wp-json\/wp\/v2\/posts\/3194\/revisions\/3196"}],"wp:featuredmedia":[{"embeddable":true,"href":"https:\/\/www.egana60.cl\/index.php\/wp-json\/wp\/v2\/media\/3147"}],"wp:attachment":[{"href":"https:\/\/www.egana60.cl\/index.php\/wp-json\/wp\/v2\/media?parent=3194"}],"wp:term":[{"taxonomy":"category","embeddable":true,"href":"https:\/\/www.egana60.cl\/index.php\/wp-json\/wp\/v2\/categories?post=3194"},{"taxonomy":"post_tag","embeddable":true,"href":"https:\/\/www.egana60.cl\/index.php\/wp-json\/wp\/v2\/tags?post=3194"}],"curies":[{"name":"wp","href":"https:\/\/api.w.org\/{rel}","templated":true}]}}